{"id":13915,"date":"2026-04-29T10:39:30","date_gmt":"2026-04-29T10:39:30","guid":{"rendered":"https:\/\/busondakika.com.tr\/?p=13915"},"modified":"2026-04-29T10:39:31","modified_gmt":"2026-04-29T10:39:31","slug":"karsiyakada-esitlik-icin-ortak-akil-calistayi","status":"publish","type":"post","link":"https:\/\/busondakika.com.tr\/?p=13915","title":{"rendered":"Kar\u015f\u0131yaka\u2019da e\u015fitlik i\u00e7in ortak ak\u0131l \u00e7al\u0131\u015ftay\u0131"},"content":{"rendered":"<p> <b>Kar\u015f\u0131yaka Belediyesi Kent D\u00fc\u015f\u00fcnce Merkezi, akademisyenler ve sivil toplum temsilcilerinin kat\u0131l\u0131m\u0131yla \u2018Kar\u015f\u0131yaka\u2019da E\u015fitlik i\u00e7in Ortak Ak\u0131l \u00c7al\u0131\u015ftay\u0131\u2019 d\u00fczenledi. Bulu\u015fmada, panel ve odak grup \u00e7al\u0131\u015fmalar\u0131yla kentin e\u015fitlik vizyonuna y\u00f6n verecek stratejik \u00e7\u00f6z\u00fcm \u00f6nerileri belirlendi. Belediye Ba\u015fkan\u0131 Y\u0131ld\u0131z \u00dcnsal, \u201cYerel E\u015fitlik Eylem Plan\u0131m\u0131za temel olu\u015fturacak bu organizasyona katk\u0131 koyan herkese te\u015fekk\u00fcrlerimi sunuyorum\u201d dedi.<\/b><\/p>\n<p>Kar\u015f\u0131yaka Belediyesi Kent D\u00fc\u015f\u00fcnce Merkezi taraf\u0131ndan d\u00fczenlenen \u2018Kar\u015f\u0131yaka\u2019da E\u015fitlik i\u00e7in Ortak Ak\u0131l \u00c7al\u0131\u015ftay\u0131\u2019, Z\u00fcbeyde Han\u0131m Nikah Saray\u0131\u2019nda ger\u00e7ekle\u015ftirildi. Mesleki ve akademik birikimleriyle alanlar\u0131nda \u00f6nc\u00fc isimlerin, sivil toplum kurulu\u015fu temsilcileri ve vatanda\u015flar ile bir araya geldi\u011fi organizasyonda; toplumsal e\u015fitli\u011fin kentin her alan\u0131nda g\u00fc\u00e7lendirilmesi i\u00e7in at\u0131lmas\u0131 gereken ad\u0131mlar masaya yat\u0131r\u0131ld\u0131. Kat\u0131l\u0131mc\u0131lar, \u00f6zellikle karar alma mekanizmalar\u0131nda kad\u0131n temsilinin ve toplumsal fark\u0131ndal\u0131\u011f\u0131n \u00f6nemine dikkat \u00e7ekti. Kar\u015f\u0131yaka Belediyesi\u2019nin \u00e7al\u0131\u015fmalar\u0131n\u0131n sunumuyla ba\u015flayan program, Ege \u00dcniversitesi \u0130leti\u015fim Fak\u00fcltesi \u00d6\u011fretim \u00dcyesi Prof. Dr. Aylin G\u00f6zta\u015f\u2019\u0131n moderat\u00f6rl\u00fc\u011f\u00fcndeki \u2018E\u015fitlik Ad\u0131mlar\u0131\u2019 paneliyle devam etti.<\/p>\n<p><b>E\u015e\u0130TL\u0130K, HER A\u00c7IDAN ELE ALINDI<\/b><br \/>Panelde konu\u015fmac\u0131 olarak yer alan Kar\u015f\u0131yaka Belediye Ba\u015fkan\u0131 Y\u0131ld\u0131z \u00dcnsal, Kar\u015f\u0131yaka Belediyesi\u2019nin \u00e7ocuklar, engelliler, kad\u0131nlar ba\u015fta olmak \u00fczere; her ya\u015ftan ve kesimden vatanda\u015f i\u00e7in f\u0131rsat e\u015fitli\u011finin sa\u011flanmas\u0131na y\u00f6nelik \u00e7al\u0131\u015fmalar\u0131n\u0131 ve projelerini anlatt\u0131. Hizmet tesisleri hakk\u0131nda bilgi veren Ba\u015fkan \u00dcnsal, afetlere haz\u0131rl\u0131kl\u0131 bir kent i\u00e7in y\u00fcr\u00fctt\u00fckleri faaliyetleri de payla\u015ft\u0131. Psikiyatrist, Psikoterapist ve Yazar Dr. Arzu Erkan, toplumsal e\u015fitlik ve e\u015fitsizlik kavramlar\u0131n\u0131 psikolojik a\u00e7\u0131dan de\u011ferlendirdi. Kad\u0131n Adaylar\u0131 Destekleme Derne\u011fi \u0130zmir \u015eube Ba\u015fkan\u0131 ve \u0130zmir Kad\u0131n Kurulu\u015flar\u0131 Birli\u011fi Ba\u015fkan\u0131 Banu \u00d6nkol \u0130\u00e7hedef ise toplumsal sorunlara y\u00f6nelik \u00e7\u00f6z\u00fcm \u00f6nerilerini, sivil toplumun bu konudaki rol\u00fcn\u00fc saha tecr\u00fcbeleri \u0131\u015f\u0131\u011f\u0131nda payla\u015ft\u0131. Ya\u015far \u00dcniversitesi Kad\u0131n ve Aile \u00c7al\u0131\u015fmalar\u0131 Uygulama ve Ara\u015ft\u0131rma Merkezi M\u00fcd\u00fcr\u00fc Prof. Dr. Huriye Toker de programa \u00e7evrim i\u00e7i ba\u011flanarak konuyu medya ve e\u015fitlik penceresinden ele ald\u0131.<\/p>\n<p><b>ORTAK AKIL MASALARI<\/b><br \/>\u00c7al\u0131\u015ftay\u0131n \u00f6\u011fleden sonraki oturumunda sivil toplum kurulu\u015flar\u0131n\u0131n, Kar\u015f\u0131yaka Belediyesi\u2019nde g\u00f6rev yapan kad\u0131n birim m\u00fcd\u00fcrlerinin ve vatanda\u015flar\u0131n kat\u0131l\u0131m\u0131yla odak grup masalar\u0131 kuruldu. Kat\u0131l\u0131mc\u0131 bir yakla\u015f\u0131mla kentin sorunlar\u0131 mercek alt\u0131na al\u0131nd\u0131. \u015eiddetle m\u00fccadele destek mekanizmalar\u0131ndan kentsel hizmetlerde e\u015fit g\u00f6zl\u00fc\u011fe, ekonomik ya\u015fama kat\u0131l\u0131mdan iklim krizi ve afet y\u00f6netimine kadar 6 farkl\u0131 ba\u015fl\u0131kta y\u00fcr\u00fct\u00fclen \u00e7al\u0131\u015fmalarla yerel y\u00f6netim politikalar\u0131na temel olu\u015fturacak stratejiler belirlendi. Vatanda\u015flar\u0131n ve uzmanlar\u0131n sundu\u011fu \u00f6neriler bir araya getirilerek program\u0131n sonunda kat\u0131l\u0131mc\u0131lar ile payla\u015f\u0131ld\u0131. Kent D\u00fc\u015f\u00fcnce Merkezi, bu \u00e7al\u0131\u015ftay\u0131n \u00e7\u0131kt\u0131lar\u0131n\u0131n da yer alaca\u011f\u0131 Toplumsal E\u015fitlik Politika Raporu haz\u0131rlayarak \u00f6n\u00fcm\u00fczdeki g\u00fcnlerde yay\u0131nlayacak. Rapor, kamuoyuna da duyurulacak. Elde edilen sonu\u00e7lar ve raporlar Belediye taraf\u0131ndan haz\u0131rlanacak Yerel E\u015fitlik Eylem Plan\u0131\u2019na da temel olu\u015fturacak.<\/p>\n<p><b>\u201cDAHA AD\u0130L B\u0130R KAR\u015eIYAKA\u2019YI B\u0130RL\u0130KTE KURACA\u011eIZ\u201d<\/b><br \/>Kar\u015f\u0131yaka Belediye Ba\u015fkan\u0131 Y\u0131ld\u0131z \u00dcnsal, \u201cKimsenin geride kalmad\u0131\u011f\u0131, herkesin kent ya\u015fam\u0131na e\u015fit kat\u0131labildi\u011fi bir d\u00fczen kurmak en temel g\u00f6revimizdir. Kar\u015f\u0131yaka; sosyal adalet ve \u00e7a\u011fda\u015f ya\u015fam de\u011ferleriyle \u00f6ne \u00e7\u0131kan bir kent. Bu birikimi ileriye ta\u015f\u0131mak; kad\u0131nlar\u0131n, \u00e7ocuklar\u0131n, gen\u00e7lerin, ya\u015f alm\u0131\u015f yurtta\u015flar\u0131m\u0131z\u0131n ve engelli bireylerin hayat\u0131n\u0131 kolayla\u015ft\u0131ran politikalar \u00fcretmekle m\u00fcmk\u00fcn. E\u015fitlik; birlikte d\u00fc\u015f\u00fcnerek, \u00fcreterek ve sahiplenerek sa\u011flan\u0131r. Sivil toplumun, akademinin ve yurtta\u015flar\u0131m\u0131z\u0131n katk\u0131s\u0131 olmadan kal\u0131c\u0131 \u00e7\u00f6z\u00fcmler \u00fcretmek m\u00fcmk\u00fcn de\u011fildir. Hedefimiz; karar alma s\u00fcre\u00e7lerine kat\u0131l\u0131m\u0131 art\u0131ran ve f\u0131rsat e\u015fitli\u011fini g\u00fc\u00e7lendiren bir yerel y\u00f6netim anlay\u0131\u015f\u0131n\u0131 kal\u0131c\u0131 hale getirmektir. Katk\u0131 sunan, emek veren herkese te\u015fekk\u00fcr ediyorum. Ortak akl\u0131n rehberli\u011finde, daha adil ve kapsay\u0131c\u0131 bir Kar\u015f\u0131yaka\u2019y\u0131 birlikte kuraca\u011f\u0131z\u201d diye konu\u015ftu.<\/p>\n<p>Prof. Dr. Aylin G\u00f6zta\u015f, \u201cYerel y\u00f6netimlerin akademik birikim ve sivil toplum deste\u011fiyle ataca\u011f\u0131 bu stratejik ad\u0131mlar, daha kapsay\u0131c\u0131 bir gelece\u011fin kap\u0131s\u0131n\u0131 aralayacakt\u0131r. Ev sahipli\u011fi i\u00e7in Kar\u015f\u0131yaka Belediyesi\u2019ne ve Say\u0131n Y\u0131ld\u0131z \u00dcnsal\u2019a te\u015fekk\u00fcr ederim\u201d dedi.<br \/>Prof. Dr. Huriye Toker, \u201cYerel e\u015fitlik eylem planlar\u0131n\u0131n haz\u0131rl\u0131k s\u00fcre\u00e7lerini tamamlad\u0131\u011f\u0131m\u0131zda g\u00f6rece\u011fiz ki ya\u015fam\u0131n her alan\u0131nda e\u015fitli\u011fe ihtiyac\u0131m\u0131z var. Bu hedef do\u011frultusunda b\u00f6yle bir bulu\u015fma ger\u00e7ekle\u015ftirdi\u011fi ve bana da s\u00f6z verdi\u011fi i\u00e7in Kar\u015f\u0131yaka Belediyesi\u2019ne te\u015fekk\u00fcr ederim\u201d \u015feklinde konu\u015ftu.<br \/>Banu \u00d6nkol \u0130\u00e7hedef, \u201cKurtulu\u015f Sava\u015f\u0131\u2019nda T\u00fcrk kad\u0131n\u0131n verdi\u011fi m\u00fccadeleyi, bu destandaki rol\u00fcn\u00fc hat\u0131rlayal\u0131m. Nereden geldi\u011fimizi, \u00f6z\u00fcm\u00fcz\u00fc hat\u0131rlarsak daha iyi bir strateji kurabiliriz diye d\u00fc\u015f\u00fcn\u00fcyorum. Bu bulu\u015fma i\u00e7in Kar\u015f\u0131yaka Belediyesi\u2019ne ve programa katk\u0131 sunan herkese te\u015fekk\u00fcrlerimi sunuyorum\u201d dedi.<br \/>Dr. Arzu Erkan, \u201cE\u015fitsizlik sahada daha eski ama bizler de m\u00fccadeleye her g\u00fcn yeni bir \u015feyler katarak g\u00fc\u00e7leniyor, yol almaya devam ediyoruz. Ev sahiplikleri ve kentimize, insana, kad\u0131na, hayvanlara, do\u011faya, dezavantajl\u0131 kimselere duyarl\u0131 hizmetleri i\u00e7in Say\u0131n Belediye Ba\u015fkan\u0131\u2019na ve ekibine te\u015fekk\u00fcr ediyorum\u201d diye konu\u015ftu.<\/p>\n<p>\u00a0<\/p>\n<p>\u00a0<\/p>\n<p>Kaynak: (BYZHA) Beyaz Haber Ajans\u0131<\/p>\n","protected":false},"excerpt":{"rendered":"<p>Kar\u015f\u0131yaka Belediyesi Kent D\u00fc\u015f\u00fcnce Merkezi, akademisyenler ve sivil toplum temsilcilerinin kat\u0131l\u0131m\u0131yla \u2018Kar\u015f\u0131yaka\u2019da E\u015fitlik i\u00e7in Ortak Ak\u0131l \u00c7al\u0131\u015ftay\u0131\u2019 d\u00fczenledi.<\/p>\n","protected":false},"author":1,"featured_media":13916,"comment_status":"open","ping_status":"open","sticky":false,"template":"","format":"standard","meta":{"footnotes":""},"categories":[21],"tags":[],"class_list":["post-13915","post","type-post","status-publish","format-standard","has-post-thumbnail","hentry","category-gundem"],"_links":{"self":[{"href":"https:\/\/busondakika.com.tr\/index.php?rest_route=\/wp\/v2\/posts\/13915","targetHints":{"allow":["GET"]}}],"collection":[{"href":"https:\/\/busondakika.com.tr\/index.php?rest_route=\/wp\/v2\/posts"}],"about":[{"href":"https:\/\/busondakika.com.tr\/index.php?rest_route=\/wp\/v2\/types\/post"}],"author":[{"embeddable":true,"href":"https:\/\/busondakika.com.tr\/index.php?rest_route=\/wp\/v2\/users\/1"}],"replies":[{"embeddable":true,"href":"https:\/\/busondakika.com.tr\/index.php?rest_route=%2Fwp%2Fv2%2Fcomments&post=13915"}],"version-history":[{"count":1,"href":"https:\/\/busondakika.com.tr\/index.php?rest_route=\/wp\/v2\/posts\/13915\/revisions"}],"predecessor-version":[{"id":13917,"href":"https:\/\/busondakika.com.tr\/index.php?rest_route=\/wp\/v2\/posts\/13915\/revisions\/13917"}],"wp:featuredmedia":[{"embeddable":true,"href":"https:\/\/busondakika.com.tr\/index.php?rest_route=\/wp\/v2\/media\/13916"}],"wp:attachment":[{"href":"https:\/\/busondakika.com.tr\/index.php?rest_route=%2Fwp%2Fv2%2Fmedia&parent=13915"}],"wp:term":[{"taxonomy":"category","embeddable":true,"href":"https:\/\/busondakika.com.tr\/index.php?rest_route=%2Fwp%2Fv2%2Fcategories&post=13915"},{"taxonomy":"post_tag","embeddable":true,"href":"https:\/\/busondakika.com.tr\/index.php?rest_route=%2Fwp%2Fv2%2Ftags&post=13915"}],"curies":[{"name":"wp","href":"https:\/\/api.w.org\/{rel}","templated":true}]}}