{"id":13930,"date":"2026-04-29T10:48:44","date_gmt":"2026-04-29T10:48:44","guid":{"rendered":"https:\/\/busondakika.com.tr\/?p=13930"},"modified":"2026-04-29T10:48:45","modified_gmt":"2026-04-29T10:48:45","slug":"konya-buyuksehir-2-ulusal-is-sagligi-ve-guvenligi-paneli-duzenledi","status":"publish","type":"post","link":"https:\/\/busondakika.com.tr\/?p=13930","title":{"rendered":"Konya B\u00fcy\u00fck\u015fehir, 2. Ulusal \u0130\u015f Sa\u011fl\u0131\u011f\u0131 ve G\u00fcvenli\u011fi Paneli D\u00fczenledi"},"content":{"rendered":"\n<p data-asw-org-font-size=\"14\"><strong>Konya B\u00fcy\u00fck\u015fehir Belediyesi taraf\u0131ndan, 28 Nisan D\u00fcnya \u0130\u015f Sa\u011fl\u0131\u011f\u0131 ve G\u00fcvenli\u011fi G\u00fcn\u00fc etkinlikleri kapsam\u0131nda \u201c2. Ulusal \u0130\u015f Sa\u011fl\u0131\u011f\u0131 ve G\u00fcvenli\u011fi Paneli\u201d d\u00fczenlendi. B\u00fcy\u00fck\u015fehir Belediyesi \u0130\u015f Sa\u011fl\u0131\u011f\u0131 ve G\u00fcvenli\u011fi faaliyetlerinin de tan\u0131t\u0131ld\u0131\u011f\u0131 panel, 3 oturum halinde ger\u00e7ekle\u015ftirilirken, alan\u0131nda uzman isimler kat\u0131l\u0131mc\u0131lara \u00f6nemli bilgilendirmelerde bulundu.<\/strong><\/p>\n<hr \/>\n<p data-asw-org-font-size=\"14\">D\u00fcnya \u0130\u015f Sa\u011fl\u0131\u011f\u0131 ve G\u00fcvenli\u011fi G\u00fcn\u00fc kapsam\u0131nda 2. Ulusal \u0130\u015f Sa\u011fl\u0131\u011f\u0131 ve G\u00fcvenli\u011fi Paneli, Konya B\u00fcy\u00fck\u015fehir Belediyesi ev sahipli\u011finde d\u00fczenlendi.<\/p>\n<p data-asw-org-font-size=\"14\">B\u00fcy\u00fck\u015fehir Belediyesi Mevlana K\u00fclt\u00fcr Merkezi Sultan Veled Salonu\u2019nda d\u00fczenlenen panele; 135 ayr\u0131 kamu kurumu ile 73 farkl\u0131 \u00f6zel sekt\u00f6r kurulu\u015fundan i\u015fyeri hekimleri, i\u015f g\u00fcvenli\u011fi uzmanlar\u0131, di\u011fer sa\u011fl\u0131k personeli ve i\u015f sa\u011fl\u0131\u011f\u0131 ve g\u00fcvenli\u011fi alan\u0131nda g\u00f6rev yapan toplam 382 ki\u015fi kat\u0131ld\u0131.\u00a0<\/p>\n<p data-asw-org-font-size=\"14\">Panelin a\u00e7\u0131l\u0131\u015f\u0131nda konu\u015fan Konya B\u00fcy\u00fck\u015fehir Belediyesi Ba\u015fkan Vekili Mustafa Uzba\u015f, i\u015f sa\u011fl\u0131\u011f\u0131 ve g\u00fcvenli\u011fi konusunun yaln\u0131zca mevzuat ba\u015fl\u0131\u011f\u0131 olmad\u0131\u011f\u0131n\u0131, insan hayat\u0131na verilen de\u011ferin en somut ifadelerinden biri oldu\u011funu vurgulad\u0131.\u00a0<\/p>\n<p data-asw-org-font-size=\"14\">42 bin kilometrekarelik geni\u015f bir co\u011frafyada ve 700\u2019\u00fcn \u00fczerinde lokasyonda g\u00f6rev yapan B\u00fcy\u00fck\u015fehir Belediyesi \u00e7al\u0131\u015fanlar\u0131n\u0131n sa\u011fl\u0131\u011f\u0131n\u0131 koruman\u0131n en \u00f6ncelikli konular aras\u0131nda yer ald\u0131\u011f\u0131n\u0131 belirten Uzba\u015f, \u201c\u0130nan\u0131yorum ki bug\u00fcn burada yap\u0131lan bilgi ve tecr\u00fcbe payla\u015f\u0131mlar\u0131, bu alandaki ortak bilincimizi ve \u00e7al\u0131\u015fmalar\u0131m\u0131z\u0131 daha da ileriye ta\u015f\u0131yacakt\u0131r. Bu vesileyle eme\u011fi ge\u00e7en herkese y\u00fcrekten te\u015fekk\u00fcr ediyorum. Panelimizin hay\u0131rl\u0131 olmas\u0131n\u0131 diliyorum\u201d dedi.<\/p>\n<p data-asw-org-font-size=\"14\">Konya B\u00fcy\u00fck\u015fehir Belediyesi \u0130\u015f Sa\u011fl\u0131\u011f\u0131 ve G\u00fcvenli\u011fi faaliyetlerinin tan\u0131t\u0131ld\u0131\u011f\u0131 a\u00e7\u0131l\u0131\u015f b\u00f6l\u00fcm\u00fcn\u00fcn ard\u0131ndan, alan\u0131nda uzman isimlerin kat\u0131l\u0131m\u0131yla oturumlara ge\u00e7ildi.\u00a0<\/p>\n<p data-asw-org-font-size=\"14\">Panelin \u201c\u0130\u015f Sa\u011fl\u0131\u011f\u0131 ve G\u00fcvenli\u011fi Mevzuat\u0131\u201d ba\u015fl\u0131kl\u0131 1. oturumu, \u0130\u015f Sa\u011fl\u0131\u011f\u0131 ve G\u00fcvenli\u011fi Genel M\u00fcd\u00fcr Yard\u0131mc\u0131s\u0131 \u00d6mer \u015eahin ba\u015fkanl\u0131\u011f\u0131nda ger\u00e7ekle\u015ftirildi. Oturumda; Yarg\u0131tay 3. Hukuk Dairesi Yarg\u0131tay \u00dcyesi Halil \u00d6zdemir \u201c\u0130\u015f Kazas\u0131 ve Meslek Hastal\u0131klar\u0131nda Kusur Tespiti ve Hukuki Sorumluluk\u201d, Sel\u00e7uk \u00dcniversitesi Hukuk Fak\u00fcltesi\u2019nden Prof. Dr. Haluk Hadi S\u00fcmer \u201c\u0130\u015f Sa\u011fl\u0131\u011f\u0131 ve G\u00fcvenli\u011fi Profesyonellerinin Sorumlulu\u011fu\u201d, \u00c7SGB Rehberlik ve Tefti\u015f Ba\u015fkanl\u0131\u011f\u0131 \u0130\u015f Ba\u015fm\u00fcfetti\u015fi Mehmet Kayhan Topalo\u011flu \u201c\u0130SG Alan\u0131nda \u0130\u015fyeri Denetim S\u00fcre\u00e7leri ve Mevzuat A\u00e7\u0131s\u0131ndan Sorumluluklar\u201d, \u0130\u015f Sa\u011fl\u0131\u011f\u0131 ve G\u00fcvenli\u011fi Genel M\u00fcd\u00fcrl\u00fc\u011f\u00fc Mevzuat Daire Ba\u015fkan\u0131 Hande Seray Tuncay ise \u201c\u0130\u015f Sa\u011fl\u0131\u011f\u0131 ve G\u00fcvenli\u011fi Mevzuat\u0131n\u0131n De\u011ferlendirilmesi ve G\u00fcncel De\u011fi\u015fiklikler\u201d konular\u0131nda bilgilendirmelerde bulundu.\u00a0<\/p>\n<p data-asw-org-font-size=\"14\">\u201c\u0130\u015f Sa\u011fl\u0131\u011f\u0131 ve G\u00fcvenli\u011fi Faaliyetleri\u201d ba\u015fl\u0131kl\u0131 2. oturum, Sa\u011fl\u0131k Bilimleri \u00dcniversitesi (SB\u00dc) Ankara Atat\u00fcrk Sanatoryum E\u011fitim ve Ara\u015ft\u0131rma Hastanesi\u2019nden Do\u00e7. Dr. Cebrail \u015eim\u015fek ba\u015fkanl\u0131\u011f\u0131nda yap\u0131ld\u0131. Oturumda; Mesleki Yeterlilik Kurumu Mesleki Yeterlilik Uzman\u0131 Yasin Durdu \u201c\u0130\u015f Sa\u011fl\u0131\u011f\u0131 ve G\u00fcvenli\u011fi Kapsam\u0131nda Mesleki Belge S\u00fcre\u00e7leri\u201d, SB\u00dc Ankara Atat\u00fcrk Sanatoryum E\u011fitim ve Ara\u015ft\u0131rma Hastanesi\u2019nden \u0130\u015f ve Meslek Hastal\u0131klar\u0131 Uzman\u0131 Do\u00e7. Dr. Adem Koyuncu \u201cMeslek Hastal\u0131klar\u0131n\u0131n \u00d6nlenmesinde \u0130\u015fe Giri\u015f ve Periyodik Sa\u011fl\u0131k Muayenesinin \u00d6nemi\u201d, T\u0130G\u0130AD Y\u00f6netim Kurulu \u00dcyesi Yasemin \u00d6ymez ise \u201cKi\u015fisel Koruyucu Donan\u0131m Y\u00f6netmeli\u011fi ve Se\u00e7im Kriterleri\u201d ba\u015fl\u0131klar\u0131nda sunum yapt\u0131.\u00a0<\/p>\n<p data-asw-org-font-size=\"14\">Panelin 3. oturumu ise Konya Teknik \u00dcniversitesi\u2019nden Prof. Dr. Niyazi Bilim ba\u015fkanl\u0131\u011f\u0131nda ger\u00e7ekle\u015ftirildi. Bu oturumda; \u0130\u015f Sa\u011fl\u0131\u011f\u0131 ve G\u00fcvenli\u011fi Genel M\u00fcd\u00fcrl\u00fc\u011f\u00fc\u2019nden M\u00fchendis Ka\u011fan Y\u00fccel \u201c\u0130\u015f Hijyeni ve Ortam \u00d6l\u00e7\u00fcmleri\u201d, \u0130\u015f Sa\u011fl\u0131\u011f\u0131 ve G\u00fcvenli\u011fi Genel M\u00fcd\u00fcrl\u00fc\u011f\u00fc\u2019nden \u00c7al\u0131\u015fma Uzman\u0131 Yusuf Ziya Bolat \u201c\u0130\u015f Ekipmanlar\u0131n\u0131n Bak\u0131mlar\u0131 ve Periyodik Kontrolleri\u201d, TSE Makine Emniyeti Ayna Komite Ba\u015fkan\u0131 A S\u0131n\u0131f\u0131 \u0130\u015f G\u00fcvenli\u011fi Uzman\u0131 Necmi T\u00fcrer ise \u201cMakina Emniyet Sistemleri\u201d konular\u0131nda kat\u0131l\u0131mc\u0131lar\u0131 bilgilendirdi.\u00a0<\/p>\n<p data-asw-org-font-size=\"14\">Soru-cevap b\u00f6l\u00fcmleriyle devam eden panel, kat\u0131l\u0131mc\u0131lara y\u00f6nelik anket ve Kahoot bilgi yar\u0131\u015fmas\u0131n\u0131n ard\u0131ndan, oturum ba\u015fkanlar\u0131 ile konu\u015fmac\u0131lara plaket takdim edilmesiyle sona erdi.<\/p>\n<p data-asw-org-font-size=\"14\">\u00a0<\/p>\n<p data-asw-org-font-size=\"14\">\u00a0<\/p>\n<p>Kaynak: (BYZHA) Beyaz Haber Ajans\u0131<\/p>\n","protected":false},"excerpt":{"rendered":"<p>Konya B\u00fcy\u00fck\u015fehir Belediyesi taraf\u0131ndan, 28 Nisan D\u00fcnya \u0130\u015f Sa\u011fl\u0131\u011f\u0131 ve G\u00fcvenli\u011fi G\u00fcn\u00fc etkinlikleri kapsam\u0131nda \u201c2.<\/p>\n","protected":false},"author":1,"featured_media":13931,"comment_status":"open","ping_status":"open","sticky":false,"template":"","format":"standard","meta":{"footnotes":""},"categories":[23],"tags":[],"class_list":["post-13930","post","type-post","status-publish","format-standard","has-post-thumbnail","hentry","category-saglik"],"_links":{"self":[{"href":"https:\/\/busondakika.com.tr\/index.php?rest_route=\/wp\/v2\/posts\/13930","targetHints":{"allow":["GET"]}}],"collection":[{"href":"https:\/\/busondakika.com.tr\/index.php?rest_route=\/wp\/v2\/posts"}],"about":[{"href":"https:\/\/busondakika.com.tr\/index.php?rest_route=\/wp\/v2\/types\/post"}],"author":[{"embeddable":true,"href":"https:\/\/busondakika.com.tr\/index.php?rest_route=\/wp\/v2\/users\/1"}],"replies":[{"embeddable":true,"href":"https:\/\/busondakika.com.tr\/index.php?rest_route=%2Fwp%2Fv2%2Fcomments&post=13930"}],"version-history":[{"count":1,"href":"https:\/\/busondakika.com.tr\/index.php?rest_route=\/wp\/v2\/posts\/13930\/revisions"}],"predecessor-version":[{"id":13932,"href":"https:\/\/busondakika.com.tr\/index.php?rest_route=\/wp\/v2\/posts\/13930\/revisions\/13932"}],"wp:featuredmedia":[{"embeddable":true,"href":"https:\/\/busondakika.com.tr\/index.php?rest_route=\/wp\/v2\/media\/13931"}],"wp:attachment":[{"href":"https:\/\/busondakika.com.tr\/index.php?rest_route=%2Fwp%2Fv2%2Fmedia&parent=13930"}],"wp:term":[{"taxonomy":"category","embeddable":true,"href":"https:\/\/busondakika.com.tr\/index.php?rest_route=%2Fwp%2Fv2%2Fcategories&post=13930"},{"taxonomy":"post_tag","embeddable":true,"href":"https:\/\/busondakika.com.tr\/index.php?rest_route=%2Fwp%2Fv2%2Ftags&post=13930"}],"curies":[{"name":"wp","href":"https:\/\/api.w.org\/{rel}","templated":true}]}}