{"id":13945,"date":"2026-04-29T12:08:04","date_gmt":"2026-04-29T12:08:04","guid":{"rendered":"https:\/\/busondakika.com.tr\/?p=13945"},"modified":"2026-04-29T12:08:05","modified_gmt":"2026-04-29T12:08:05","slug":"botanik-parkta-nikah-ve-etkinlik-salonlari-projesi-icin-calismalar-basladi","status":"publish","type":"post","link":"https:\/\/busondakika.com.tr\/?p=13945","title":{"rendered":"Botanik Park\u2019ta Nikah Ve Etkinlik Salonlar\u0131 Projesi \u0130\u00e7in \u00c7al\u0131\u015fmalar Ba\u015flad\u0131"},"content":{"rendered":"\n<p class=\"MsoNoSpacing\" style=\"text-align:justify\"><span style=\"font-size:11pt\"><span style=\"font-family:Calibri,sans-serif\">\u0130neg\u00f6l Belediyesi\u2019nin Botanik Park i\u00e7erisinde hayata ge\u00e7irilece\u011fini duyurdu\u011fu nikah ve etkinlik salonlar\u0131 projesi i\u00e7in \u00e7al\u0131\u015fmalar ba\u015flad\u0131. Bu projeyle \u0130neg\u00f6l; modern, ferah ve do\u011fayla i\u00e7 i\u00e7e organizasyon alanlar\u0131 kazanacak.<\/span><\/span><\/p>\n<p class=\"MsoNoSpacing\" style=\"text-align:justify\"><span style=\"font-size:11pt\"><span style=\"font-family:Calibri,sans-serif\">\u0130neg\u00f6l Belediyesi, Botanik Park\u2019ta \u015fehir i\u00e7in yeni bir ya\u015fam alan\u0131 olu\u015fturmak ad\u0131na \u00e7al\u0131\u015fmalara ba\u015flad\u0131. Yeni nikah ve etkinlik salonlar\u0131n\u0131n da yer ald\u0131\u011f\u0131 proje i\u00e7in ilk kazma vuruldu. \u015eehrin hem sosyal ve k\u00fclt\u00fcrel a\u00e7\u0131dan geli\u015fimine katk\u0131 sunacak hem de modern ve do\u011fayla i\u00e7 i\u00e7e bir sosyal ya\u015fam alan\u0131 olacak yeni proje, vatanda\u015flarda da heyecan uyand\u0131rd\u0131. Kentin g\u00f6zde alanlar\u0131ndan biri olan Botanik Parkta kapsaml\u0131 bir d\u00f6n\u00fc\u015f\u00fcm\u00fc beraberinde getirecek projenin ba\u015flad\u0131\u011f\u0131n\u0131, Belediye Ba\u015fkan\u0131 Alper Taban sosyal medya hesaplar\u0131ndan \u201cBotanik Park\u2019ta \u00f6zel g\u00fcnlerinize de\u011fer katacak \u0130neg\u00f6l Belediyesi nikah ve etkinlik salonlar\u0131n\u0131 projemize ba\u015flad\u0131k\u201d diyerek duyurdu.<\/span><\/span><\/p>\n<p class=\"MsoNoSpacing\" style=\"text-align:justify\"><span style=\"font-size:11pt\"><span style=\"font-family:Calibri,sans-serif\"><b>PROJEDE NELER YER ALIYOR?<\/b><\/span><\/span><\/p>\n<p class=\"MsoNoSpacing\" style=\"text-align:justify\"><span style=\"font-size:11pt\"><span style=\"font-family:Calibri,sans-serif\">\u0130hale s\u00fcreci tamamlanarak ilk kazman\u0131n vuruldu\u011fu ve i\u015f makinelerinin \u00e7al\u0131\u015fmaya ba\u015flad\u0131\u011f\u0131 projenin detaylar\u0131 da belli oldu. Bu proje ile Botanik Park, \u0130neg\u00f6l\u2019de vatanda\u015flar\u0131n \u00f6zel g\u00fcnlerine ve sosyal etkinliklerine ev sahipli\u011fi yapacak \u015fekilde yeniden \u015fekillenecek. Modern mimarisi ve ferah tasar\u0131m\u0131yla dikkat \u00e7eken alanda farkl\u0131 kapasitelere sahip \u00e7ok say\u0131da mek\u00e2n yer alacak. Do\u011fayla i\u00e7 i\u00e7e konseptiyle dikkat \u00e7eken proje kapsam\u0131nda, farkl\u0131 kapasitelere sahip nikah salonlar\u0131 yer alacak. 100, 200 ve 750 ki\u015filik olarak tasarlanan salonlar, her \u00f6l\u00e7ekte organizasyona uygun \u015fekilde planland\u0131. Bunun yan\u0131 s\u0131ra projede \u00f6zel toplant\u0131 salonu, cam etkinlik salonu ve a\u00e7\u0131k nikah alan\u0131 da bulunacak.<\/span><\/span><\/p>\n<p class=\"MsoNoSpacing\" style=\"text-align:justify\"><span style=\"font-size:11pt\"><span style=\"font-family:Calibri,sans-serif\"><b>SOSYAL ALANLARIYLA D\u0130KKAT \u00c7EK\u0130YOR<\/b><\/span><\/span><\/p>\n<p class=\"MsoNoSpacing\" style=\"text-align:justify\"><span style=\"font-size:11pt\"><span style=\"font-family:Calibri,sans-serif\">Sosyal alanlar\u0131yla da \u00f6ne \u00e7\u0131kan projede bir gastro kafe yer al\u0131rken, misafirlerin ula\u015f\u0131m sorunu ya\u015famamas\u0131 ad\u0131na 317 ara\u00e7 kapasiteli otopark da hizmet verecek. Modern mimarisi ve fonksiyonel yap\u0131s\u0131yla dikkat \u00e7eken tesis, \u0130neg\u00f6l\u2019de sosyal ya\u015fam\u0131n \u00f6nemli merkezlerinden biri olmaya aday. Yap\u0131m s\u00fcreci 14 ay olarak planlanan projenin 2027 y\u0131l\u0131 yaz d\u00f6nemine kadar bitirilmesi hedefleniyor. Projenin tamamlanmas\u0131yla birlikte vatanda\u015flar\u0131n en \u00f6zel anlar\u0131n\u0131 daha konforlu ve estetik bir ortamda ya\u015fayabilecekleri bir alan kazan\u0131lm\u0131\u015f olacak.<\/span><\/span><\/p>\n<p class=\"MsoNoSpacing\" style=\"text-align:justify\">\u00a0<\/p>\n<p>Kaynak: (BYZHA) Beyaz Haber Ajans\u0131<\/p>\n","protected":false},"excerpt":{"rendered":"<p>\u0130neg\u00f6l Belediyesi\u2019nin Botanik Park i\u00e7erisinde hayata ge\u00e7irilece\u011fini duyurdu\u011fu nikah ve etkinlik salonlar\u0131 projesi i\u00e7in \u00e7al\u0131\u015fmalar ba\u015flad\u0131.<\/p>\n","protected":false},"author":1,"featured_media":13946,"comment_status":"open","ping_status":"open","sticky":false,"template":"","format":"standard","meta":{"footnotes":""},"categories":[21],"tags":[],"class_list":["post-13945","post","type-post","status-publish","format-standard","has-post-thumbnail","hentry","category-gundem"],"_links":{"self":[{"href":"https:\/\/busondakika.com.tr\/index.php?rest_route=\/wp\/v2\/posts\/13945","targetHints":{"allow":["GET"]}}],"collection":[{"href":"https:\/\/busondakika.com.tr\/index.php?rest_route=\/wp\/v2\/posts"}],"about":[{"href":"https:\/\/busondakika.com.tr\/index.php?rest_route=\/wp\/v2\/types\/post"}],"author":[{"embeddable":true,"href":"https:\/\/busondakika.com.tr\/index.php?rest_route=\/wp\/v2\/users\/1"}],"replies":[{"embeddable":true,"href":"https:\/\/busondakika.com.tr\/index.php?rest_route=%2Fwp%2Fv2%2Fcomments&post=13945"}],"version-history":[{"count":1,"href":"https:\/\/busondakika.com.tr\/index.php?rest_route=\/wp\/v2\/posts\/13945\/revisions"}],"predecessor-version":[{"id":13947,"href":"https:\/\/busondakika.com.tr\/index.php?rest_route=\/wp\/v2\/posts\/13945\/revisions\/13947"}],"wp:featuredmedia":[{"embeddable":true,"href":"https:\/\/busondakika.com.tr\/index.php?rest_route=\/wp\/v2\/media\/13946"}],"wp:attachment":[{"href":"https:\/\/busondakika.com.tr\/index.php?rest_route=%2Fwp%2Fv2%2Fmedia&parent=13945"}],"wp:term":[{"taxonomy":"category","embeddable":true,"href":"https:\/\/busondakika.com.tr\/index.php?rest_route=%2Fwp%2Fv2%2Fcategories&post=13945"},{"taxonomy":"post_tag","embeddable":true,"href":"https:\/\/busondakika.com.tr\/index.php?rest_route=%2Fwp%2Fv2%2Ftags&post=13945"}],"curies":[{"name":"wp","href":"https:\/\/api.w.org\/{rel}","templated":true}]}}