{"id":13948,"date":"2026-04-29T12:08:06","date_gmt":"2026-04-29T12:08:06","guid":{"rendered":"https:\/\/busondakika.com.tr\/?p=13948"},"modified":"2026-04-29T12:08:07","modified_gmt":"2026-04-29T12:08:07","slug":"turkiye-gures-federasyonu-baskani-akgul-milli-olimpiyat-komitesi-baskani-cakir-ve-milli-guresci-kayaalp-baskan-altayi-ziyaret-etti","status":"publish","type":"post","link":"https:\/\/busondakika.com.tr\/?p=13948","title":{"rendered":"T\u00fcrkiye G\u00fcre\u015f Federasyonu Ba\u015fkan\u0131 Akg\u00fcl, Milli Olimpiyat Komitesi Ba\u015fkan\u0131 \u00c7ak\u0131r ve Milli G\u00fcre\u015f\u00e7i Kayaalp Ba\u015fkan Altay\u2019\u0131 Ziyaret Etti"},"content":{"rendered":"\n<p data-asw-org-font-size=\"14\"><strong>AK Parti Konya Milletvekili Mehmet Baykan, T\u00fcrkiye G\u00fcre\u015f Federasyonu Ba\u015fkan\u0131 Taha Akg\u00fcl, 2026 Avrupa G\u00fcre\u015f \u015eampiyonas\u0131&#8217;nda alt\u0131n madalya kazanarak 13. kez Avrupa \u015fampiyonu olan ve tarihe ge\u00e7en Milli G\u00fcre\u015f\u00e7i R\u0131za Kayaalp, Milli Olimpiyat Komitesi Ba\u015fkan\u0131 Ozan \u00c7ak\u0131r, Konya Gen\u00e7lik ve Spor \u0130l M\u00fcd\u00fcr\u00fc Muzaffer \u00c7intimar ve Konya Amat\u00f6r Spor Kul\u00fcpleri Federasyon Ba\u015fkan\u0131 Remzi Ay, Konya B\u00fcy\u00fck\u015fehir Belediye Ba\u015fkan\u0131 U\u011fur \u0130brahim Altay\u2019\u0131 ziyaret etti. T\u00fcrkiye Milli Paralimpik Komitesi Ba\u015fkan\u0131 Murat Aksu da Ba\u015fkan Altay\u2019a bir ziyaret ger\u00e7ekle\u015ftirdi.<\/strong><\/p>\n<hr \/>\n<p data-asw-org-font-size=\"14\">AK Parti Konya Milletvekili Mehmet Baykan, T\u00fcrkiye G\u00fcre\u015f Federasyonu Ba\u015fkan\u0131 Taha Akg\u00fcl, Milli G\u00fcre\u015f\u00e7i R\u0131za Kayaalp, Milli Olimpiyat Komitesi Ba\u015fkan\u0131 Ozan \u00c7ak\u0131r, Konya Gen\u00e7lik ve Spor \u0130l M\u00fcd\u00fcr\u00fc Muzaffer \u00c7intimar ve Konya Amat\u00f6r Spor Kul\u00fcpleri Federasyon Ba\u015fkan\u0131 Remzi Ay, Konya B\u00fcy\u00fck\u015fehir Belediye Ba\u015fkan\u0131 U\u011fur \u0130brahim Altay\u2019\u0131 ziyaret etti.<\/p>\n<p data-asw-org-font-size=\"14\">B\u00fcy\u00fck\u015fehir Belediyesi Ta\u015f Bina\u2019da ger\u00e7ekle\u015fen ziyaretten duydu\u011fu memnuniyeti dile getiren Ba\u015fkan Altay, T\u00fcrk sporuna \u00f6nemli katk\u0131 sunan isimleri Konya\u2019da a\u011f\u0131rlamaktan b\u00fcy\u00fck mutluluk duyduklar\u0131n\u0131 ifade etti.<\/p>\n<p data-asw-org-font-size=\"14\">Ba\u015fkan Altay, \u201c\u00dclkemizi y\u0131llard\u0131r uluslararas\u0131 arenada gururla temsil eden k\u0131ymetli sporcular\u0131m\u0131z\u0131 ve spor y\u00f6neticilerimizi \u015fehrimizde misafir etmek bizler i\u00e7in \u00e7ok anlaml\u0131. Milletimizin g\u00f6nl\u00fcnde ayr\u0131 bir yere sahip olan de\u011ferli sporcular\u0131m\u0131z\u0131n ba\u015far\u0131lar\u0131yla her zaman gurur duyuyoruz. 2026 Avrupa G\u00fcre\u015f \u015eampiyonas\u0131&#8217;nda alt\u0131n madalya kazanarak 13. kez Avrupa \u015fampiyonu olan ve tarihe ge\u00e7en milli sporcumuz R\u0131za Kayaalp\u2019i ayr\u0131ca can\u0131 g\u00f6n\u00fclden tebrik ediyorum. Sporun birle\u015ftirici g\u00fcc\u00fcne inan\u0131yor, gen\u00e7lerimize ilham olan t\u00fcm sporcular\u0131m\u0131za te\u015fekk\u00fcr ediyorum. Nazik ziyaretleri dolay\u0131s\u0131yla kendilerine g\u00f6n\u00fclden te\u015fekk\u00fcr ediyorum, \u00e7al\u0131\u015fmalar\u0131nda ba\u015far\u0131lar diliyorum\u201d ifadelerini kulland\u0131.<\/p>\n<p data-asw-org-font-size=\"14\"><strong>PARAL\u0130MP\u0130K SPORLARA Y\u00d6NEL\u0130K \u00c7ALI\u015eMALAR KONU\u015eULDU<\/strong><\/p>\n<p data-asw-org-font-size=\"14\">T\u00fcrkiye Milli Paralimpik Komitesi Ba\u015fkan\u0131 Murat Aksu da Ba\u015fkan Altay\u2019a bir ziyaret ger\u00e7ekle\u015ftirdi. G\u00f6r\u00fc\u015fmede, sporun geli\u015fimi ve paralimpik sporlara y\u00f6nelik \u00e7al\u0131\u015fmalar \u00fczerine de\u011ferlendirmelerde bulunuldu.<\/p>\n<p data-asw-org-font-size=\"14\">\u00a0<\/p>\n<p data-asw-org-font-size=\"14\">\u00a0<\/p>\n<p>Kaynak: (BYZHA) Beyaz Haber Ajans\u0131<\/p>\n","protected":false},"excerpt":{"rendered":"<p>AK Parti Konya Milletvekili Mehmet Baykan, T\u00fcrkiye G\u00fcre\u015f Federasyonu Ba\u015fkan\u0131 Taha Akg\u00fcl, 2026 Avrupa G\u00fcre\u015f \u015eampiyonas\u0131&#8217;nda alt\u0131n madalya kazanarak 13.<\/p>\n","protected":false},"author":1,"featured_media":13949,"comment_status":"open","ping_status":"open","sticky":false,"template":"","format":"standard","meta":{"footnotes":""},"categories":[21],"tags":[],"class_list":["post-13948","post","type-post","status-publish","format-standard","has-post-thumbnail","hentry","category-gundem"],"_links":{"self":[{"href":"https:\/\/busondakika.com.tr\/index.php?rest_route=\/wp\/v2\/posts\/13948","targetHints":{"allow":["GET"]}}],"collection":[{"href":"https:\/\/busondakika.com.tr\/index.php?rest_route=\/wp\/v2\/posts"}],"about":[{"href":"https:\/\/busondakika.com.tr\/index.php?rest_route=\/wp\/v2\/types\/post"}],"author":[{"embeddable":true,"href":"https:\/\/busondakika.com.tr\/index.php?rest_route=\/wp\/v2\/users\/1"}],"replies":[{"embeddable":true,"href":"https:\/\/busondakika.com.tr\/index.php?rest_route=%2Fwp%2Fv2%2Fcomments&post=13948"}],"version-history":[{"count":1,"href":"https:\/\/busondakika.com.tr\/index.php?rest_route=\/wp\/v2\/posts\/13948\/revisions"}],"predecessor-version":[{"id":13950,"href":"https:\/\/busondakika.com.tr\/index.php?rest_route=\/wp\/v2\/posts\/13948\/revisions\/13950"}],"wp:featuredmedia":[{"embeddable":true,"href":"https:\/\/busondakika.com.tr\/index.php?rest_route=\/wp\/v2\/media\/13949"}],"wp:attachment":[{"href":"https:\/\/busondakika.com.tr\/index.php?rest_route=%2Fwp%2Fv2%2Fmedia&parent=13948"}],"wp:term":[{"taxonomy":"category","embeddable":true,"href":"https:\/\/busondakika.com.tr\/index.php?rest_route=%2Fwp%2Fv2%2Fcategories&post=13948"},{"taxonomy":"post_tag","embeddable":true,"href":"https:\/\/busondakika.com.tr\/index.php?rest_route=%2Fwp%2Fv2%2Ftags&post=13948"}],"curies":[{"name":"wp","href":"https:\/\/api.w.org\/{rel}","templated":true}]}}