{"id":13951,"date":"2026-04-29T12:08:07","date_gmt":"2026-04-29T12:08:07","guid":{"rendered":"https:\/\/busondakika.com.tr\/?p=13951"},"modified":"2026-04-29T12:08:08","modified_gmt":"2026-04-29T12:08:08","slug":"gebze-kirazpinara-yeni-ulasim-hatti","status":"publish","type":"post","link":"https:\/\/busondakika.com.tr\/?p=13951","title":{"rendered":"Gebze Kirazp\u0131nar\u2019a yeni ula\u015f\u0131m hatt\u0131"},"content":{"rendered":"<p> B\u00fcy\u00fck\u015fehir Belediyesi, vatanda\u015f talepleri ve imar planlar\u0131 do\u011frultusunda ula\u015f\u0131m yat\u0131r\u0131mlar\u0131n\u0131 aral\u0131ks\u0131z s\u00fcrd\u00fcr\u00fcyor. Gebze\u2019de artan ula\u015f\u0131m ihtiyac\u0131n\u0131 kar\u015f\u0131lamak amac\u0131yla yeni imar yollar\u0131 a\u00e7\u0131l\u0131rken, \u00e7al\u0131\u015fmalarla hem mevcut yol a\u011f\u0131 rahatlat\u0131l\u0131yor hem de hafriyat d\u00f6k\u00fcm sahas\u0131na daha h\u0131zl\u0131 ve g\u00fcvenli eri\u015fim sa\u011flan\u0131yor.<\/p>\n<p><b>K\u0130RAZPINAR\u2019DA ALTERNAT\u0130F G\u00dcZERG\u00c2H<\/b><\/p>\n<p>Kocaeli B\u00fcy\u00fck\u015fehir Belediyesi Yol ve Bak\u0131m Dairesi Ba\u015fkanl\u0131\u011f\u0131\u2019na ba\u011fl\u0131 A Tak\u0131m\u0131 ile Yol Bak\u0131m Timi ekipleri, Gebze Kirazp\u0131nar Mahallesi\u2019nde yeni imar yolu a\u00e7\u0131lmas\u0131 i\u00e7in kaz\u0131 \u00e7al\u0131\u015fmalar\u0131n\u0131 s\u00fcrd\u00fcr\u00fcyor. Toplam 1500 metre uzunlu\u011funda planlanan yol, Kirazp\u0131nar ta\u015f ocaklar\u0131 yolundan ba\u015flayarak d\u00f6k\u00fcm sahas\u0131na kadar kesintisiz ula\u015f\u0131m imk\u00e2n\u0131 sunacak.<\/p>\n<p><b>A\u011eIR TONAJLI TRAF\u0130K RAHATLAYACAK<\/b><\/p>\n<p>Hayata ge\u00e7irilen yeni imar yolu ile Kirazp\u0131nar\u2019daki d\u00f6k\u00fcm sahas\u0131na ula\u015f\u0131m i\u00e7in alternatif bir g\u00fczerg\u00e2h olu\u015fturuluyor. \u00d6zellikle a\u011f\u0131r tonajl\u0131 ara\u00e7lar\u0131n yo\u011funluk olu\u015fturdu\u011fu b\u00f6lgede trafik ak\u0131\u015f\u0131 daha d\u00fczenli ve g\u00fcvenli hale gelecek.<\/p>\n<p>\u00a0<\/p>\n<p>Kaynak: (BYZHA) Beyaz Haber Ajans\u0131<\/p>\n","protected":false},"excerpt":{"rendered":"<p>B\u00fcy\u00fck\u015fehir Belediyesi, vatanda\u015f talepleri ve imar planlar\u0131 do\u011frultusunda ula\u015f\u0131m yat\u0131r\u0131mlar\u0131n\u0131 aral\u0131ks\u0131z s\u00fcrd\u00fcr\u00fcyor.<\/p>\n","protected":false},"author":1,"featured_media":13952,"comment_status":"open","ping_status":"open","sticky":false,"template":"","format":"standard","meta":{"footnotes":""},"categories":[21],"tags":[],"class_list":["post-13951","post","type-post","status-publish","format-standard","has-post-thumbnail","hentry","category-gundem"],"_links":{"self":[{"href":"https:\/\/busondakika.com.tr\/index.php?rest_route=\/wp\/v2\/posts\/13951","targetHints":{"allow":["GET"]}}],"collection":[{"href":"https:\/\/busondakika.com.tr\/index.php?rest_route=\/wp\/v2\/posts"}],"about":[{"href":"https:\/\/busondakika.com.tr\/index.php?rest_route=\/wp\/v2\/types\/post"}],"author":[{"embeddable":true,"href":"https:\/\/busondakika.com.tr\/index.php?rest_route=\/wp\/v2\/users\/1"}],"replies":[{"embeddable":true,"href":"https:\/\/busondakika.com.tr\/index.php?rest_route=%2Fwp%2Fv2%2Fcomments&post=13951"}],"version-history":[{"count":1,"href":"https:\/\/busondakika.com.tr\/index.php?rest_route=\/wp\/v2\/posts\/13951\/revisions"}],"predecessor-version":[{"id":13953,"href":"https:\/\/busondakika.com.tr\/index.php?rest_route=\/wp\/v2\/posts\/13951\/revisions\/13953"}],"wp:featuredmedia":[{"embeddable":true,"href":"https:\/\/busondakika.com.tr\/index.php?rest_route=\/wp\/v2\/media\/13952"}],"wp:attachment":[{"href":"https:\/\/busondakika.com.tr\/index.php?rest_route=%2Fwp%2Fv2%2Fmedia&parent=13951"}],"wp:term":[{"taxonomy":"category","embeddable":true,"href":"https:\/\/busondakika.com.tr\/index.php?rest_route=%2Fwp%2Fv2%2Fcategories&post=13951"},{"taxonomy":"post_tag","embeddable":true,"href":"https:\/\/busondakika.com.tr\/index.php?rest_route=%2Fwp%2Fv2%2Ftags&post=13951"}],"curies":[{"name":"wp","href":"https:\/\/api.w.org\/{rel}","templated":true}]}}