{"id":13954,"date":"2026-04-29T12:08:09","date_gmt":"2026-04-29T12:08:09","guid":{"rendered":"https:\/\/busondakika.com.tr\/?p=13954"},"modified":"2026-04-29T12:08:09","modified_gmt":"2026-04-29T12:08:09","slug":"nilufer-belediye-baskani-sadi-ozdemir-dso-siyasi-komitesine-secildi","status":"publish","type":"post","link":"https:\/\/busondakika.com.tr\/?p=13954","title":{"rendered":"Nil\u00fcfer Belediye Ba\u015fkan\u0131 \u015eadi \u00d6zdemir, DS\u00d6 Siyasi Komitesi\u2019ne se\u00e7ildi"},"content":{"rendered":"<p> <b>Nil\u00fcfer Belediye Ba\u015fkan\u0131 \u015eadi \u00d6zdemir, D\u00fcnya Sa\u011fl\u0131k \u00d6rg\u00fct\u00fc (DS\u00d6) Avrupa Sa\u011fl\u0131kl\u0131 \u015eehirler A\u011f\u0131\u2019n\u0131n politika ve strateji organ\u0131 olan Siyasi Komite\u2019ye se\u00e7ildi.\u00a02026-2030\u00a0y\u0131llar\u0131n\u0131 kapsayan yeni d\u00f6nemde T\u00fcrkiye\u2019yi, Nil\u00fcfer Belediye Ba\u015fkan\u0131 \u015eadi \u00d6zdemir ile birlikte \u0130zmir B\u00fcy\u00fck\u015fehir Belediye Ba\u015fkan\u0131 Dr. Cemil Tugay temsil edecek.<\/b><\/p>\n<p>Nil\u00fcfer Belediye Ba\u015fkan\u0131 \u015eadi \u00d6zdemir, kentsel sa\u011fl\u0131k ve refah politikalar\u0131n\u0131n Avrupa\u2019daki en \u00f6nemli platformlar\u0131ndan biri olan D\u00fcnya Sa\u011fl\u0131k \u00d6rg\u00fct\u00fc (DS\u00d6) Avrupa Sa\u011fl\u0131kl\u0131 \u015eehirler A\u011f\u0131\u2019n\u0131n Siyasi Komitesi\u2019ne se\u00e7ildi.\u00a02026-2030\u00a0y\u0131llar\u0131n\u0131 kapsayan 8. faz d\u00f6neminde g\u00f6rev yapacak olan Ba\u015fkan \u015eadi \u00d6zdemir, Avrupa genelinden se\u00e7ilen 16 siyasi temsilciden biri oldu.<\/p>\n<p>Komite\u2019de T\u00fcrkiye\u2019den iki isim yer alacak. Nil\u00fcfer Belediye Ba\u015fkan\u0131 \u015eadi \u00d6zdemir ile birlikte, T\u00fcrkiye Sa\u011fl\u0131kl\u0131 Kentler Birli\u011fi (SKB) Ba\u015fkan\u0131 ve \u0130zmir B\u00fcy\u00fck\u015fehir Belediye Ba\u015fkan\u0131 Dr. Cemil Tugay, yerel y\u00f6netim tecr\u00fcbelerini Avrupa sahas\u0131na ta\u015f\u0131yacak.<\/p>\n<p><b>N\u0130L\u00dcFER\u2019\u0130N SA\u011eLIK V\u0130ZYONU AVRUPA\u2019YA TA\u015eINIYOR<\/b><\/p>\n<p>Se\u00e7ilmesine ili\u015fkin de\u011ferlendirmede bulunan Ba\u015fkan \u015eadi \u00d6zdemir, bu g\u00f6revin Nil\u00fcfer i\u00e7in b\u00fcy\u00fck bir sorumluluk oldu\u011funu belirterek, \u201cNil\u00fcfer\u2019in sa\u011fl\u0131kl\u0131 ve diren\u00e7li kent vizyonunu Avrupa\u2019da temsil edecek olman\u0131n gururunu ya\u015f\u0131yoruz. Siyasi komite arac\u0131l\u0131\u011f\u0131yla, kentimizdeki iyi uygulama \u00f6rneklerini uluslararas\u0131 d\u00fczeye ta\u015f\u0131rken, Avrupa\u2019n\u0131n sa\u011fl\u0131k politikalar\u0131na da y\u00f6n verece\u011fiz\u201d dedi.<\/p>\n<p>Siyasi Komite\u2019nin ilk toplant\u0131s\u0131na kat\u0131lan Ba\u015fkan \u015eadi \u00d6zdemir, Nil\u00fcfer\u2019in sa\u011fl\u0131\u011fa bak\u0131\u015f a\u00e7\u0131s\u0131n\u0131 payda\u015flarla payla\u015ft\u0131. Sa\u011fl\u0131\u011f\u0131, temel bir insan hakk\u0131 olarak g\u00f6rd\u00fcklerini vurgulayan Ba\u015fkan \u015eadi \u00d6zdemir, \u201cBizim \u00f6nceli\u011fimiz, sosyal adaleti kentsel dokunun her katman\u0131na yaymak. \u00d6zellikle dezavantajl\u0131 gruplar\u0131n sa\u011fl\u0131\u011f\u0131n sosyal belirleyicilerine eri\u015fimini iyile\u015ftirmek i\u00e7in \u00e7al\u0131\u015f\u0131yoruz. Nil\u00fcfer\u2019de hayata ge\u00e7irdi\u011fimiz dijital belediyecilik uygulamalar\u0131yla da kriz anlar\u0131nda bile hizmet s\u00fcreklili\u011fini ya\u011flayarak toplumsal dayan\u0131kl\u0131l\u0131\u011f\u0131m\u0131z\u0131 art\u0131r\u0131yoruz\u201d ifadelerini kulland\u0131.<\/p>\n<p>Nil\u00fcfer Belediyesi, Siyasi Komite \u00fcyeli\u011finin yan\u0131 s\u0131ra teknik birikimini de Haziran ay\u0131nda Portekiz\u2019de d\u00fczenlenecek olan DS\u00d6 Y\u0131ll\u0131k \u0130\u015f Toplant\u0131s\u0131 ve Teknik Konferans\u0131\u2019na ta\u015f\u0131yacak. Nil\u00fcfer Belediye Ba\u015fkan\u0131 \u015eadi \u00d6zdemir\u2019in de kat\u0131lmas\u0131 beklenen toplant\u0131da Nil\u00fcfer Belediyesi, d\u00f6rt farkl\u0131 bildiri sunacak.<\/p>\n<p>\u00a0<\/p>\n<p>Kaynak: (BYZHA) Beyaz Haber Ajans\u0131<\/p>\n","protected":false},"excerpt":{"rendered":"<p>Nil\u00fcfer Belediye Ba\u015fkan\u0131 \u015eadi \u00d6zdemir, D\u00fcnya Sa\u011fl\u0131k \u00d6rg\u00fct\u00fc (DS\u00d6) Avrupa Sa\u011fl\u0131kl\u0131 \u015eehirler A\u011f\u0131\u2019n\u0131n politika ve strateji organ\u0131 olan Siyasi Komite\u2019ye se\u00e7ildi.<\/p>\n","protected":false},"author":1,"featured_media":13955,"comment_status":"open","ping_status":"open","sticky":false,"template":"","format":"standard","meta":{"footnotes":""},"categories":[21],"tags":[],"class_list":["post-13954","post","type-post","status-publish","format-standard","has-post-thumbnail","hentry","category-gundem"],"_links":{"self":[{"href":"https:\/\/busondakika.com.tr\/index.php?rest_route=\/wp\/v2\/posts\/13954","targetHints":{"allow":["GET"]}}],"collection":[{"href":"https:\/\/busondakika.com.tr\/index.php?rest_route=\/wp\/v2\/posts"}],"about":[{"href":"https:\/\/busondakika.com.tr\/index.php?rest_route=\/wp\/v2\/types\/post"}],"author":[{"embeddable":true,"href":"https:\/\/busondakika.com.tr\/index.php?rest_route=\/wp\/v2\/users\/1"}],"replies":[{"embeddable":true,"href":"https:\/\/busondakika.com.tr\/index.php?rest_route=%2Fwp%2Fv2%2Fcomments&post=13954"}],"version-history":[{"count":1,"href":"https:\/\/busondakika.com.tr\/index.php?rest_route=\/wp\/v2\/posts\/13954\/revisions"}],"predecessor-version":[{"id":13956,"href":"https:\/\/busondakika.com.tr\/index.php?rest_route=\/wp\/v2\/posts\/13954\/revisions\/13956"}],"wp:featuredmedia":[{"embeddable":true,"href":"https:\/\/busondakika.com.tr\/index.php?rest_route=\/wp\/v2\/media\/13955"}],"wp:attachment":[{"href":"https:\/\/busondakika.com.tr\/index.php?rest_route=%2Fwp%2Fv2%2Fmedia&parent=13954"}],"wp:term":[{"taxonomy":"category","embeddable":true,"href":"https:\/\/busondakika.com.tr\/index.php?rest_route=%2Fwp%2Fv2%2Fcategories&post=13954"},{"taxonomy":"post_tag","embeddable":true,"href":"https:\/\/busondakika.com.tr\/index.php?rest_route=%2Fwp%2Fv2%2Ftags&post=13954"}],"curies":[{"name":"wp","href":"https:\/\/api.w.org\/{rel}","templated":true}]}}