{"id":13957,"date":"2026-04-29T12:20:07","date_gmt":"2026-04-29T12:20:07","guid":{"rendered":"https:\/\/busondakika.com.tr\/?p=13957"},"modified":"2026-04-29T12:20:08","modified_gmt":"2026-04-29T12:20:08","slug":"baskan-cercioglu-tum-cocuklari-ucurtma-senligine-davet-etti","status":"publish","type":"post","link":"https:\/\/busondakika.com.tr\/?p=13957","title":{"rendered":"Ba\u015fkan \u00c7er\u00e7io\u011flu T\u00fcm \u00c7ocuklar\u0131 U\u00e7urtma \u015eenli\u011fine Davet Etti"},"content":{"rendered":"<p> \u00c7er\u00e7io\u011flu, her y\u0131l oldu\u011fu gibi bu y\u0131l da \u00e7ocuklar\u0131\u00a0<b>U\u00e7urtma \u015eenli\u011fi<\/b>\u00a0ile bulu\u015fturacak.<\/p>\n<p>B\u00fcy\u00fck\u015fehir Belediyesi taraf\u0131ndan d\u00fczenlenen ve geleneksel hale gelen U\u00e7urtma \u015eenli\u011fi, 2 May\u0131s Cumartesi g\u00fcn\u00fc 15.00 ile 18.00 saatleri aras\u0131nda Ayd\u0131n-Mu\u011fla Karayolu 3\u2019\u00fcnc\u00fc kilometrede bulunan arazide d\u00fczenlenecek. \u015eenlikte \u00e7ocuklar g\u00f6n\u00fcllerince e\u011flenecek, rengarenk u\u00e7urtmalar g\u00f6ky\u00fcz\u00fcn\u00fc s\u00fcsleyecek.<\/p>\n<p>\u015eenlik kapsam\u0131nda B\u00fcy\u00fck\u015fehir Belediyesi taraf\u0131ndan haz\u0131rlanan u\u00e7urtmalar da \u00e7ocuklara da\u011f\u0131t\u0131lacak, velilere ikramlarda bulunulacak.<\/p>\n<p>T\u00fcm \u00e7ocuklar\u0131 ve velileri U\u00e7urtma \u015eenli\u011fi\u2019ne kat\u0131lmaya davet eden Ayd\u0131n B\u00fcy\u00fck\u015fehir Belediye Ba\u015fkan\u0131 \u00d6zlem \u00c7er\u00e7io\u011flu,\u00a0<b>\u201c\u00c7<\/b><b>ocuklar\u0131m\u0131z\u0131n y\u00fcz\u00fcn\u00fc g\u00fcld\u00fcrecek projelerimizi hayata ge\u00e7irmeye, kentimizin d\u00f6rt bir yan\u0131nda etkinliklerimize devam ediyoruz. \u00a0T\u00fcm \u00e7ocuklar\u0131m\u0131z\u0131 ve velilerimizi U\u00e7urtma \u015eenli\u011fi\u2019ne kat\u0131lmaya davet ediyorum\u201d<\/b>\u00a0ifadelerini kulland\u0131.<\/p>\n<p>\u00a0<\/p>\n<p>Kaynak: (BYZHA) Beyaz Haber Ajans\u0131<\/p>\n","protected":false},"excerpt":{"rendered":"<p>\u00c7er\u00e7io\u011flu, her y\u0131l oldu\u011fu gibi bu y\u0131l da \u00e7ocuklar\u0131\u00a0U\u00e7urtma \u015eenli\u011fi\u00a0ile bulu\u015fturacak.<\/p>\n","protected":false},"author":1,"featured_media":13958,"comment_status":"open","ping_status":"open","sticky":false,"template":"","format":"standard","meta":{"footnotes":""},"categories":[20],"tags":[],"class_list":["post-13957","post","type-post","status-publish","format-standard","has-post-thumbnail","hentry","category-kultur-sanat"],"_links":{"self":[{"href":"https:\/\/busondakika.com.tr\/index.php?rest_route=\/wp\/v2\/posts\/13957","targetHints":{"allow":["GET"]}}],"collection":[{"href":"https:\/\/busondakika.com.tr\/index.php?rest_route=\/wp\/v2\/posts"}],"about":[{"href":"https:\/\/busondakika.com.tr\/index.php?rest_route=\/wp\/v2\/types\/post"}],"author":[{"embeddable":true,"href":"https:\/\/busondakika.com.tr\/index.php?rest_route=\/wp\/v2\/users\/1"}],"replies":[{"embeddable":true,"href":"https:\/\/busondakika.com.tr\/index.php?rest_route=%2Fwp%2Fv2%2Fcomments&post=13957"}],"version-history":[{"count":1,"href":"https:\/\/busondakika.com.tr\/index.php?rest_route=\/wp\/v2\/posts\/13957\/revisions"}],"predecessor-version":[{"id":13959,"href":"https:\/\/busondakika.com.tr\/index.php?rest_route=\/wp\/v2\/posts\/13957\/revisions\/13959"}],"wp:featuredmedia":[{"embeddable":true,"href":"https:\/\/busondakika.com.tr\/index.php?rest_route=\/wp\/v2\/media\/13958"}],"wp:attachment":[{"href":"https:\/\/busondakika.com.tr\/index.php?rest_route=%2Fwp%2Fv2%2Fmedia&parent=13957"}],"wp:term":[{"taxonomy":"category","embeddable":true,"href":"https:\/\/busondakika.com.tr\/index.php?rest_route=%2Fwp%2Fv2%2Fcategories&post=13957"},{"taxonomy":"post_tag","embeddable":true,"href":"https:\/\/busondakika.com.tr\/index.php?rest_route=%2Fwp%2Fv2%2Ftags&post=13957"}],"curies":[{"name":"wp","href":"https:\/\/api.w.org\/{rel}","templated":true}]}}