{"id":13963,"date":"2026-04-29T12:28:07","date_gmt":"2026-04-29T12:28:07","guid":{"rendered":"https:\/\/busondakika.com.tr\/?p=13963"},"modified":"2026-04-29T12:28:08","modified_gmt":"2026-04-29T12:28:08","slug":"baskan-kirgoz-traktor-basinda-bereketli-bir-sezon-olsun","status":"publish","type":"post","link":"https:\/\/busondakika.com.tr\/?p=13963","title":{"rendered":"Ba\u015fkan K\u0131rg\u00f6z trakt\u00f6r ba\u015f\u0131nda: \u201cBereketli bir sezon olsun\u201d"},"content":{"rendered":"\n<p style=\"text-align:justify;margin-bottom:13px\"><span style=\"font-size:11pt\"><span style=\"line-height:150%\"><span style=\"font-family:Calibri,sans-serif\"><b><span style=\"font-size:12.0pt\"><span style=\"line-height:150%\"><span style=\",serif\">Dikili Belediye Ba\u015fkan\u0131 Adil K\u0131rg\u00f6z, il\u00e7enin bereketli topraklar\u0131nda yeni \u00fcretim sezonunun ilk s\u00fcr\u00fcm\u00fcn\u00fc ger\u00e7ekle\u015ftirdi. Trakt\u00f6r koltu\u011funa ge\u00e7erek \u00e7ift\u00e7ilerle birlikte tarlaya giren K\u0131rg\u00f6z, &#8220;Topra\u011f\u0131m\u0131z\u0131n bereketi, eme\u011fimizin kar\u015f\u0131l\u0131\u011f\u0131yla bulu\u015fsun; yeni sezon t\u00fcm \u00fcreticilerimiz i\u00e7in kazan\u00e7l\u0131 olsun&#8221; dedi.<\/span><\/span><\/span><\/b><\/span><\/span><\/span><\/p>\n<p style=\"text-align:justify;margin-bottom:13px\"><span style=\"font-size:11pt\"><span style=\"line-height:150%\"><span style=\"font-family:Calibri,sans-serif\"><b><span style=\"font-size:12.0pt\"><span style=\"line-height:150%\"><span style=\",serif\">\u0130l\u00e7enin tar\u0131m merkezlerindeki tarla ve zeytinliklerde \u00e7ift\u00e7ilerle bir araya gelen Dikili Belediye Ba\u015fkan\u0131 Adil K\u0131rg\u00f6z, yeni ekim ve dikim d\u00f6neminin ba\u015flang\u0131c\u0131na e\u015flik etti. Tarlada mesai yapan \u00e7ift\u00e7ileri ziyaret eden ve trakt\u00f6r\u00fcn ba\u015f\u0131na ge\u00e7erek topra\u011f\u0131 s\u00fcren K\u0131rg\u00f6z, yeni sezonun t\u00fcm \u00fcreticiler i\u00e7in huzurlu, verimli ve bereketli ge\u00e7mesi temennisinde bulundu.<\/span><\/span><\/span><\/b><\/span><\/span><\/span><\/p>\n<p style=\"text-align:justify;margin-bottom:13px\"><span style=\"font-size:11pt\"><span style=\"line-height:150%\"><span style=\"font-family:Calibri,sans-serif\"><b><span style=\"font-size:12.0pt\"><span style=\"line-height:150%\"><span style=\",serif\">MAL\u0130YET Y\u00dcK\u00dc \u00dcRET\u0130C\u0130N\u0130N BEL\u0130N\u0130 B\u00dcK\u00dcYOR<\/span><\/span><\/span><\/b><\/span><\/span><\/span><\/p>\n<p style=\"text-align:justify;margin-bottom:13px\"><span style=\"font-size:11pt\"><span style=\"line-height:150%\"><span style=\"font-family:Calibri,sans-serif\"><b><span style=\"font-size:12.0pt\"><span style=\"line-height:150%\"><span style=\",serif\">\u00dcreticinin son d\u00f6nemde ya\u015fad\u0131\u011f\u0131 ekonomik zorluklara dikkat \u00e7eken K\u0131rg\u00f6z, tar\u0131msal \u00fcretimin stratejik \u00f6nemine vurgu yaparak \u015funlar\u0131 s\u00f6yledi:<\/span><\/span><\/span><\/b><\/span><\/span><\/span><\/p>\n<p style=\"text-align:justify;margin-bottom:13px\"><span style=\"font-size:11pt\"><span style=\"line-height:150%\"><span style=\"font-family:Calibri,sans-serif\"><b><span style=\"font-size:12.0pt\"><span style=\"line-height:150%\"><span style=\",serif\">\u201cMazot, g\u00fcbre ve tohum gibi girdi maliyetlerinin \u00fcreticimizin omuzlar\u0131na bindirdi\u011fi y\u00fck\u00fcn fark\u0131nday\u0131z. Bu y\u00fck sadece \u00e7ift\u00e7imizin de\u011fil, hepimizin sofras\u0131n\u0131 ve gelece\u011fini do\u011frudan etkiliyor. K\u00fcresel g\u0131da krizinin konu\u015fuldu\u011fu bir d\u00f6nemde, topra\u011f\u0131na sahip \u00e7\u0131kan her bir \u00fcreticimiz asl\u0131nda bu \u00fclkenin yar\u0131nlar\u0131n\u0131 in\u015fa ediyor. Bizler, yerelde her zaman oldu\u011fu gibi \u00e7ift\u00e7imizin de yan\u0131nday\u0131z ve bu zorlu \u015fartlar\u0131 birlik ve beraberlik i\u00e7erisinde a\u015faca\u011f\u0131m\u0131za inan\u0131yoruz.\u201d<\/span><\/span><\/span><\/b><\/span><\/span><\/span><\/p>\n<p style=\"text-align:justify;margin-bottom:13px\"><span style=\"font-size:11pt\"><span style=\"line-height:150%\"><span style=\"font-family:Calibri,sans-serif\"><b><span style=\"font-size:12.0pt\"><span style=\"line-height:150%\"><span style=\",serif\">\u00dcRETT\u0130K\u00c7E \u00dcLKEM\u0130Z KAZANACAK<\/span><\/span><\/span><\/b><\/span><\/span><\/span><\/p>\n<p style=\"text-align:justify;margin-bottom:13px\"><span style=\"font-size:11pt\"><span style=\"line-height:150%\"><span style=\"font-family:Calibri,sans-serif\"><b><span style=\"font-size:12.0pt\"><span style=\"line-height:150%\"><span style=\",serif\">Konu\u015fmas\u0131nda tar\u0131msal gelece\u011fe dair de\u011ferlendirmelerde bulunan K\u0131rg\u00f6z, &#8220;Amac\u0131m\u0131z; \u00e7ift\u00e7imizin tarlas\u0131na endi\u015feyle de\u011fil, g\u00fcvenle girdi\u011fi bir d\u00fczeni tesis etmektir. Yap\u0131lacak yeni planlamalarla, \u00fcretim maliyetlerini d\u00fc\u015f\u00fcrecek ad\u0131mlar\u0131 kararl\u0131l\u0131kla atacak, mazot ve g\u00fcbre gibi temel girdilerdeki vergi y\u00fcklerini hafifleterek \u00fcreticimize nefes ald\u0131raca\u011f\u0131z. Tar\u0131msal desteklerin hakkaniyetli ve zaman\u0131nda yap\u0131ld\u0131\u011f\u0131, \u00e7ift\u00e7inin eme\u011finin kar\u015f\u0131l\u0131\u011f\u0131n\u0131 tam olarak ald\u0131\u011f\u0131 bir T\u00fcrkiye m\u00fcmk\u00fcn. \u00dcreticimiz kazand\u0131k\u00e7a, sofram\u0131z\u0131n bereketi de \u00fclkemizin refah\u0131 da artacakt\u0131r&#8221; ifadelerini kulland\u0131.<\/span><\/span><\/span><\/b><\/span><\/span><\/span><\/p>\n<p style=\"text-align:justify;margin-bottom:13px\"><span style=\"font-size:11pt\"><span style=\"line-height:150%\"><span style=\"font-family:Calibri,sans-serif\"><b><span style=\"font-size:12.0pt\"><span style=\"line-height:150%\"><span style=\",serif\">D\u0130K\u0130L\u0130\u2019DE \u00dcRET\u0130M MESA\u0130S\u0130<\/span><\/span><\/span><\/b><\/span><\/span><\/span><\/p>\n<p style=\"text-align:justify;margin-bottom:13px\"><span style=\"font-size:11pt\"><span style=\"line-height:150%\"><span style=\"font-family:Calibri,sans-serif\"><b><span style=\"font-size:12.0pt\"><span style=\"line-height:150%\"><span style=\",serif\">14 May\u0131s D\u00fcnya \u00c7ift\u00e7iler G\u00fcn\u00fc \u00f6ncesinde ger\u00e7ekle\u015fen bu anlaml\u0131 ziyarette; Dikili&#8217;nin zeytininden m\u0131s\u0131r\u0131na, zeytinya\u011f\u0131ndan ay\u00e7i\u00e7e\u011fine, pamu\u011fundan bamyas\u0131na kadar her mahsul\u00fcn b\u00f6lge ekonomisi i\u00e7in ta\u015f\u0131d\u0131\u011f\u0131 de\u011fere vurgu yap\u0131ld\u0131. Ziyaret, yeni sezonun hay\u0131rl\u0131 olmas\u0131 dilekleri ve hat\u0131ra foto\u011fraf\u0131 \u00e7ekimiyle sona erdi.<\/span><\/span><\/span><\/b><\/span><\/span><\/span><\/p>\n<p style=\"text-align:justify;margin-bottom:13px\">\u00a0<\/p>\n<p>Kaynak: (BYZHA) Beyaz Haber Ajans\u0131<\/p>\n","protected":false},"excerpt":{"rendered":"<p>Dikili Belediye Ba\u015fkan\u0131 Adil K\u0131rg\u00f6z, il\u00e7enin bereketli topraklar\u0131nda yeni \u00fcretim sezonunun ilk s\u00fcr\u00fcm\u00fcn\u00fc ger\u00e7ekle\u015ftirdi.<\/p>\n","protected":false},"author":1,"featured_media":13964,"comment_status":"open","ping_status":"open","sticky":false,"template":"","format":"standard","meta":{"footnotes":""},"categories":[21],"tags":[],"class_list":["post-13963","post","type-post","status-publish","format-standard","has-post-thumbnail","hentry","category-gundem"],"_links":{"self":[{"href":"https:\/\/busondakika.com.tr\/index.php?rest_route=\/wp\/v2\/posts\/13963","targetHints":{"allow":["GET"]}}],"collection":[{"href":"https:\/\/busondakika.com.tr\/index.php?rest_route=\/wp\/v2\/posts"}],"about":[{"href":"https:\/\/busondakika.com.tr\/index.php?rest_route=\/wp\/v2\/types\/post"}],"author":[{"embeddable":true,"href":"https:\/\/busondakika.com.tr\/index.php?rest_route=\/wp\/v2\/users\/1"}],"replies":[{"embeddable":true,"href":"https:\/\/busondakika.com.tr\/index.php?rest_route=%2Fwp%2Fv2%2Fcomments&post=13963"}],"version-history":[{"count":1,"href":"https:\/\/busondakika.com.tr\/index.php?rest_route=\/wp\/v2\/posts\/13963\/revisions"}],"predecessor-version":[{"id":13965,"href":"https:\/\/busondakika.com.tr\/index.php?rest_route=\/wp\/v2\/posts\/13963\/revisions\/13965"}],"wp:featuredmedia":[{"embeddable":true,"href":"https:\/\/busondakika.com.tr\/index.php?rest_route=\/wp\/v2\/media\/13964"}],"wp:attachment":[{"href":"https:\/\/busondakika.com.tr\/index.php?rest_route=%2Fwp%2Fv2%2Fmedia&parent=13963"}],"wp:term":[{"taxonomy":"category","embeddable":true,"href":"https:\/\/busondakika.com.tr\/index.php?rest_route=%2Fwp%2Fv2%2Fcategories&post=13963"},{"taxonomy":"post_tag","embeddable":true,"href":"https:\/\/busondakika.com.tr\/index.php?rest_route=%2Fwp%2Fv2%2Ftags&post=13963"}],"curies":[{"name":"wp","href":"https:\/\/api.w.org\/{rel}","templated":true}]}}