{"id":13969,"date":"2026-04-29T12:28:16","date_gmt":"2026-04-29T12:28:16","guid":{"rendered":"https:\/\/busondakika.com.tr\/?p=13969"},"modified":"2026-04-29T12:28:17","modified_gmt":"2026-04-29T12:28:17","slug":"konya-buyuksehir-mehter-takimi-ile-sehrin-meydanlarinda-mehter-coskusu-suruyor","status":"publish","type":"post","link":"https:\/\/busondakika.com.tr\/?p=13969","title":{"rendered":"Konya B\u00fcy\u00fck\u015fehir Mehter Tak\u0131m\u0131 \u0130le \u015eehrin Meydanlar\u0131nda Mehter Co\u015fkusu S\u00fcr\u00fcyor"},"content":{"rendered":"\n<p data-asw-org-font-size=\"14\"><strong>Konya B\u00fcy\u00fck\u015fehir Belediyesi b\u00fcnyesinde faaliyet g\u00f6steren Bando ve Mehter Tak\u0131m\u0131, as\u0131rlard\u0131r s\u00fcrd\u00fcr\u00fclen mehteran gelene\u011fini ya\u015fatmak, \u015fehrin sosyal ve k\u00fclt\u00fcrel hayat\u0131na katk\u0131 sunmak amac\u0131yla Konya\u2019n\u0131n farkl\u0131 noktalar\u0131nda vatanda\u015flarla bulu\u015fmaya devam ediyor. Bu kapsamda her hafta Sal\u0131 g\u00fcnleri Zafer Meydan\u0131\u2019nda, Per\u015fembe g\u00fcnleri ise Mevlana Meydan\u0131\u2019nda ger\u00e7ekle\u015ftirilen konserler, Konyal\u0131lardan b\u00fcy\u00fck be\u011feni al\u0131yor.<\/strong><\/p>\n<hr \/>\n<p data-asw-org-font-size=\"14\">Konya B\u00fcy\u00fck\u015fehir Belediyesi Mehter Tak\u0131m\u0131, \u015fehrin sosyal ve k\u00fclt\u00fcrel hayat\u0131na katk\u0131 sunmak amac\u0131yla Konya\u2019n\u0131n farkl\u0131 noktalar\u0131nda konserler d\u00fczenlemeye devam ediyor.<\/p>\n<p data-asw-org-font-size=\"14\">Kadim mehteran gelene\u011fini ya\u015fatmak i\u00e7in her hafta Sal\u0131 g\u00fcnleri Zafer Meydan\u0131&#8217;nda, Per\u015fembe g\u00fcnleri ise Mevlana Meydan\u0131&#8217;nda d\u00fczenlenen konserler, hem Konyal\u0131lardan hem de yerli ve yabanc\u0131 ziyaret\u00e7ilerden ilgi g\u00f6r\u00fcyor.<\/p>\n<p data-asw-org-font-size=\"14\">Konya B\u00fcy\u00fck\u015fehir Belediyesi\u2019nin k\u00fclt\u00fcr ve sanat vizyonu do\u011frultusunda faaliyetlerini s\u00fcrd\u00fcren topluluk, 22 ki\u015filik profesyonel kadrosuyla k\u00fclt\u00fcrel miras\u0131n gelecek nesillere aktar\u0131lmas\u0131na katk\u0131 sa\u011fl\u0131yor.<\/p>\n<p data-asw-org-font-size=\"14\"><strong>B\u00dcY\u00dcK\u015eEH\u0130R MEHTER TAKIMI, B\u0130RL\u0130K VE BERABERL\u0130K DUYGULARINI G\u00dc\u00c7LEND\u0130R\u0130YOR<\/strong><\/p>\n<p data-asw-org-font-size=\"14\">Tarihi mehter mar\u015flar\u0131 ve g\u00f6sterileriyle meydanlara ayr\u0131 bir atmosfer kazand\u0131ran B\u00fcy\u00fck\u015fehir Mehter Tak\u0131m\u0131, geleneksel T\u00fcrk k\u00fclt\u00fcr\u00fcn\u00fcn \u00f6nemli de\u011ferlerinden birini ya\u015fat\u0131yor.<\/p>\n<p data-asw-org-font-size=\"14\">Sadece meydan konserleriyle de\u011fil; milli bayramlar, anma programlar\u0131, a\u00e7\u0131l\u0131\u015flar ve \u00e7e\u015fitli organizasyonlarda da sahne alan topluluk, sergiledi\u011fi performanslarla vatanda\u015flar\u0131n be\u011fenisini al\u0131yor. \u00d6zellikle milli g\u00fcnlerde olu\u015fturulan co\u015fkulu atmosfer, birlik ve beraberlik duygular\u0131n\u0131 g\u00fc\u00e7lendiriyor.<\/p>\n<p data-asw-org-font-size=\"14\">Konya B\u00fcy\u00fck\u015fehir Belediyesi Mehter Tak\u0131m\u0131, 2025 y\u0131l\u0131 i\u00e7erisinde ger\u00e7ekle\u015ftirdi\u011fi toplam 120 konserle Konya\u2019n\u0131n k\u00fclt\u00fcr ve sanat hayat\u0131na \u00f6nemli katk\u0131 sundu. Topluluk, \u00f6n\u00fcm\u00fczdeki d\u00f6nemlerde de farkl\u0131 etkinliklerle vatanda\u015flarla bulu\u015fmay\u0131 s\u00fcrd\u00fcrecek.<\/p>\n<p data-asw-org-font-size=\"14\">\u00a0<\/p>\n<p data-asw-org-font-size=\"14\">\u00a0<\/p>\n<p>Kaynak: (BYZHA) Beyaz Haber Ajans\u0131<\/p>\n","protected":false},"excerpt":{"rendered":"<p>Konya B\u00fcy\u00fck\u015fehir Belediyesi b\u00fcnyesinde faaliyet g\u00f6steren Bando ve Mehter Tak\u0131m\u0131, as\u0131rlard\u0131r s\u00fcrd\u00fcr\u00fclen mehteran gelene\u011fini ya\u015fatmak, \u015fehrin sosyal ve k\u00fclt\u00fcrel hayat\u0131na katk\u0131 sunmak amac\u0131yla Konya\u2019n\u0131n farkl\u0131 noktalar\u0131nda vatanda\u015flarla bulu\u015fmaya devam ediyor.<\/p>\n","protected":false},"author":1,"featured_media":13970,"comment_status":"open","ping_status":"open","sticky":false,"template":"","format":"standard","meta":{"footnotes":""},"categories":[20],"tags":[],"class_list":["post-13969","post","type-post","status-publish","format-standard","has-post-thumbnail","hentry","category-kultur-sanat"],"_links":{"self":[{"href":"https:\/\/busondakika.com.tr\/index.php?rest_route=\/wp\/v2\/posts\/13969","targetHints":{"allow":["GET"]}}],"collection":[{"href":"https:\/\/busondakika.com.tr\/index.php?rest_route=\/wp\/v2\/posts"}],"about":[{"href":"https:\/\/busondakika.com.tr\/index.php?rest_route=\/wp\/v2\/types\/post"}],"author":[{"embeddable":true,"href":"https:\/\/busondakika.com.tr\/index.php?rest_route=\/wp\/v2\/users\/1"}],"replies":[{"embeddable":true,"href":"https:\/\/busondakika.com.tr\/index.php?rest_route=%2Fwp%2Fv2%2Fcomments&post=13969"}],"version-history":[{"count":1,"href":"https:\/\/busondakika.com.tr\/index.php?rest_route=\/wp\/v2\/posts\/13969\/revisions"}],"predecessor-version":[{"id":13971,"href":"https:\/\/busondakika.com.tr\/index.php?rest_route=\/wp\/v2\/posts\/13969\/revisions\/13971"}],"wp:featuredmedia":[{"embeddable":true,"href":"https:\/\/busondakika.com.tr\/index.php?rest_route=\/wp\/v2\/media\/13970"}],"wp:attachment":[{"href":"https:\/\/busondakika.com.tr\/index.php?rest_route=%2Fwp%2Fv2%2Fmedia&parent=13969"}],"wp:term":[{"taxonomy":"category","embeddable":true,"href":"https:\/\/busondakika.com.tr\/index.php?rest_route=%2Fwp%2Fv2%2Fcategories&post=13969"},{"taxonomy":"post_tag","embeddable":true,"href":"https:\/\/busondakika.com.tr\/index.php?rest_route=%2Fwp%2Fv2%2Ftags&post=13969"}],"curies":[{"name":"wp","href":"https:\/\/api.w.org\/{rel}","templated":true}]}}