{"id":13972,"date":"2026-04-29T12:28:24","date_gmt":"2026-04-29T12:28:24","guid":{"rendered":"https:\/\/busondakika.com.tr\/?p=13972"},"modified":"2026-04-29T12:28:25","modified_gmt":"2026-04-29T12:28:25","slug":"61-cumhurbaskanligi-turkiye-bisiklet-turunda-6-etap-kralice-etap-goz-kamastiracak","status":"publish","type":"post","link":"https:\/\/busondakika.com.tr\/?p=13972","title":{"rendered":"61. Cumhurba\u015fkanl\u0131\u011f\u0131 T\u00fcrkiye Bisiklet Turu\u2019nda 6. Etap: Krali\u00e7e Etap G\u00f6z Kama\u015ft\u0131racak"},"content":{"rendered":"<p> 61.Cumhurba\u015fkanl\u0131\u011f\u0131 T\u00fcrkiye Bisiklet Turu, k\u0131yas\u0131ya m\u00fccadelelere sahne olan etaplar\u0131n ard\u0131ndan 1 May\u0131s Cuma g\u00fcn\u00fc ko\u015fulacak Antalya \u2013 Feslikan etab\u0131yla devam edecek.\u00a0<\/p>\n<p>23 tak\u0131m, 27 \u00fclkeden 158 bisiklet\u00e7inin m\u00fccadele etti\u011fi TUR 2026, 8 etap boyunca yaln\u0131zca sportif rekabeti de\u011fil, T\u00fcrkiye\u2019nin do\u011fal, tarihi ve k\u00fclt\u00fcrel zenginliklerini de uluslararas\u0131 yay\u0131n a\u011f\u0131yla d\u00fcnya sahnesine ta\u015f\u0131maya devam ediyor.<\/p>\n<p>1 May\u0131s Cuma g\u00fcn\u00fc ger\u00e7ekle\u015ftirilecek Antalya \u2013 Feslikan etab\u0131, 14.30 \u2013 16.30 saatleri aras\u0131nda TRT Spor ve Eurosport ekranlar\u0131ndan canl\u0131 yay\u0131nlanacak ve uluslararas\u0131 yay\u0131n a\u011f\u0131yla d\u00fcnya genelinde izleyiciyle bulu\u015facak<\/p>\n<p><strong>6. Etap: Antalya-Feslikan (127,9 km)<\/strong><\/p>\n<p>1 May\u0131s Cuma g\u00fcn\u00fc ko\u015fulacak 6. etap, 127,9 kilometrelik parkurda ger\u00e7ekle\u015ftirilecek. Antalya\u2019dan 12.15\u2019te start alacak etap, Feslikan\u2019da zirve fini\u015fle sona erecek. TUR 2026\u2019n\u0131n krali\u00e7e etab\u0131 olarak \u00f6ne \u00e7\u0131kan bu parkur, genel klasman m\u00fccadelesinin kaderini belirleyecek en kritik g\u00fcnlerden biri olacak.<\/p>\n<p>Akdeniz k\u0131y\u0131lar\u0131ndan ba\u015flayacak etap, Antalya \u015fehir ge\u00e7i\u015finin ard\u0131ndan kademeli olarak y\u00fckselen bir parkur yap\u0131s\u0131yla sporcular\u0131 kar\u015f\u0131layacak. Etab\u0131n ilk b\u00f6l\u00fcm\u00fcnde yer alan T\u00fcrkiye G\u00fczellikleri Sprint Kap\u0131s\u0131 ve ilerleyen kilometrelerdeki sprint m\u00fccadelesi, etap ba\u015f\u0131nda tempoyu art\u0131r\u0131rken, pelotonun kontrol\u00fcn\u00fc zorlayacak unsurlar aras\u0131nda yer alacak.<\/p>\n<p>Ancak yar\u0131\u015f\u0131n kaderi, son b\u00f6l\u00fcmde ba\u015flayacak uzun ve kesintisiz t\u0131rman\u0131\u015fta belirlenecek. Feslikan\u2019a uzanan bu zorlu \u00e7\u0131k\u0131\u015f, y\u00fcksek e\u011fimi ve s\u00fcrekli artan temposuyla genel klasman favorilerini \u00f6n plana \u00e7\u0131karacak. \u00d6zellikle son kilometrelerde %10\u2019un \u00fczerine \u00e7\u0131kan e\u011fimler, sporcular\u0131n s\u0131n\u0131rlar\u0131n\u0131 zorlayarak etab\u0131n en kritik anlar\u0131na sahne olacak.<\/p>\n<p>Zirve fini\u015fle tamamlanacak etapta, t\u0131rman\u0131\u015f performans\u0131 \u00fcst d\u00fczey olan isimlerin \u00f6ne \u00e7\u0131kmas\u0131 beklenirken, sporcular\u0131n 16.00 \u2013 16.20 saatleri aras\u0131nda fini\u015f \u00e7izgisine ula\u015fmas\u0131 \u00f6ng\u00f6r\u00fcl\u00fcyor. Bu etap, genel klasman s\u0131ralamas\u0131n\u0131n \u015fekillenmesinde belirleyici rol oynayarak yar\u0131\u015f\u0131n kaderini do\u011frudan etkileyecek.<\/p>\n<p><strong>Feslikan zirvesi: TUR\u2019a yeni bir t\u0131rman\u0131\u015f arma\u011fan\u0131<\/strong><\/p>\n<p>Cumhurba\u015fkanl\u0131\u011f\u0131 T\u00fcrkiye Bisiklet Turu\u2019nun en \u00e7ok ziyaret etti\u011fi \u015fehirlerden biri olan Antalya, ilk kez 1987 y\u0131l\u0131nda rotaya dahil olurken, bug\u00fcne kadar toplam 29 kez TUR\u2019a ev sahipli\u011fi yapt\u0131. Genellikle sprint fini\u015fleriyle \u00f6ne \u00e7\u0131kan \u015fehir, zaman zaman zirve fini\u015fli etaplara da sahne olarak yar\u0131\u015f\u0131n kaderini belirleyen \u00f6nemli duraklardan biri oldu.<\/p>\n<p>Antalya\u2019da ilk zirve fini\u015fi ise 2012 y\u0131l\u0131nda Elmal\u0131 G\u00f6\u011f\u00fcbeli ge\u00e7idinde ger\u00e7ekle\u015fti. Bug\u00fcne kadar toplam 6 kez TUR rotas\u0131nda yer alan bu t\u0131rman\u0131\u015f, krali\u00e7e etaplara ev sahipli\u011fi yaparak genel klasman m\u00fccadelesinin en kritik anlar\u0131na sahne oldu.<\/p>\n<p>2026 y\u0131l\u0131 itibar\u0131yla Feslikan zirvesi ise Antalya\u2019n\u0131n TUR\u2019a arma\u011fan etti\u011fi yeni bir t\u0131rman\u0131\u015f olarak ilk kez parkurda yer alacak. Zirve fini\u015fle tamamlanacak bu yeni t\u0131rman\u0131\u015f, organizasyonun en zorlu etaplar\u0131ndan birine ev sahipli\u011fi yaparak yar\u0131\u015f\u0131n seyrini do\u011frudan etkileyecek.<\/p>\n<p><strong>Akdeniz\u2019den Toroslara uzanan do\u011fa ve ke\u015fif rotas\u0131 d\u00fcnya vitrininde<\/strong><\/p>\n<p>Antalya\u2019dan Feslikan\u2019a uzanan bu etap, Akdeniz\u2019in k\u0131y\u0131 g\u00fczelliklerinden Toros Da\u011flar\u0131\u2019n\u0131n zirvelerine uzanan e\u015fsiz co\u011frafyas\u0131yla da dikkat \u00e7ekiyor. Akdeniz\u2019in en \u00f6nemli turizm merkezlerinden biri olan Antalya, masmavi denizi, tarihi miras\u0131 ve modern \u015fehir ya\u015fam\u0131yla bu yolculu\u011fun ba\u015flang\u0131\u00e7 noktas\u0131nda g\u00fc\u00e7l\u00fc bir atmosfer sunuyor.<\/p>\n<p>Konyaalt\u0131 sahilinde ba\u015flayan rota, kristal berrakl\u0131\u011f\u0131ndaki sular ve Beyda\u011flar\u0131\u2019n\u0131n etkileyici silueti e\u015fli\u011finde ilerlerken, \u015fehrin dinamik yap\u0131s\u0131n\u0131 do\u011fayla bulu\u015fturuyor. Antalya\u2019n\u0131n simgelerinden biri olan bu sahil hatt\u0131, modern ya\u015fam ile do\u011fal g\u00fczelliklerin uyumunu g\u00f6zler \u00f6n\u00fcne seriyor.<\/p>\n<p>Rotan\u0131n ilerleyen b\u00f6l\u00fcm\u00fcnde y\u00fckselmeye ba\u015flayan parkur, sporcular\u0131 Toros Da\u011flar\u0131\u2019n\u0131n b\u00fcy\u00fcleyici do\u011fas\u0131yla bulu\u015fturuyor. Sarp kayal\u0131klar, \u00e7am ormanlar\u0131 ve y\u00fcksek rak\u0131ml\u0131 yaylalar aras\u0131nda ilerleyen etap, b\u00f6lgenin zengin do\u011fal dokusunu ortaya koyarken, Antalya\u2019n\u0131n g\u00fc\u00e7l\u00fc bir da\u011f co\u011frafyas\u0131na sahip oldu\u011funu da g\u00f6zler \u00f6n\u00fcne seriyor.<\/p>\n<p>Bu co\u011frafyada yer alan Termessos Antik Kenti, da\u011flar\u0131n zirvesinde kurulu yap\u0131s\u0131 ve B\u00fcy\u00fck \u0130skender\u2019in dahi ele ge\u00e7iremedi\u011fi g\u00fc\u00e7l\u00fc konumuyla tarih boyunca stratejik bir merkez olarak \u00f6ne \u00e7\u0131k\u0131yor. Do\u011fayla i\u00e7 i\u00e7e ge\u00e7mi\u015f bu kadim kent, ziyaret\u00e7ilerine hem tarih hem de ke\u015fif duygusunu ayn\u0131 anda ya\u015fat\u0131yor.<\/p>\n<p>Etab\u0131n fini\u015f noktas\u0131 Feslikan Yaylas\u0131 ise serin havas\u0131, y\u00fcksek rak\u0131m\u0131 ve do\u011fayla i\u00e7 i\u00e7e yap\u0131s\u0131yla Akdeniz\u2019in s\u0131cak k\u0131y\u0131lar\u0131ndan farkl\u0131 bir d\u00fcnyaya kap\u0131 aral\u0131yor. Toroslar\u0131n zirvesinde yer alan bu e\u015fsiz nokta, yaln\u0131zca yar\u0131\u015f\u0131n kaderini belirleyen bir fini\u015f de\u011fil, ayn\u0131 zamanda do\u011fan\u0131n en saf haliyle hissedildi\u011fi \u00f6zel bir durak olarak \u00f6ne \u00e7\u0131k\u0131yor.<\/p>\n<p><strong>Akdeniz\u2019in zengin mutfa\u011f\u0131yla lezzet dolu bir yolculuk<\/strong><\/p>\n<p>Antalya\u2019dan Feslikan\u2019a uzanan etap boyunca, Akdeniz mutfa\u011f\u0131n\u0131n zengin ve karakteristik lezzetleri yar\u0131\u015fa e\u015flik ediyor. B\u00f6lgenin k\u00f6kl\u00fc mutfak k\u00fclt\u00fcr\u00fc, do\u011fal \u00fcr\u00fcnlerin \u00f6n planda oldu\u011fu \u00f6zg\u00fcn tarifleriyle etap boyunca g\u00fc\u00e7l\u00fc bir gastronomi \u00e7e\u015fitlili\u011fi sunuyor.<\/p>\n<p>Antalya merkezde \u00f6ne \u00e7\u0131kan piyaz, serpme kahvalt\u0131 ve tand\u0131r kebab\u0131 gibi lezzetler, \u015fehrin mutfak k\u00fclt\u00fcr\u00fcn\u00fcn temelini olu\u015ftururken; Toroslar\u2019a do\u011fru ilerledik\u00e7e Y\u00f6r\u00fck k\u00fclt\u00fcr\u00fcn\u00fcn izleri mutfa\u011fa da yans\u0131yor. Do\u011fal \u00fcretimle haz\u0131rlanan sa\u00e7 kavurma ve Y\u00f6r\u00fck kebab\u0131 gibi y\u00f6resel tatlar, bu yolculu\u011fa \u00f6zg\u00fcn bir karakter kat\u0131yor.<\/p>\n<p>B\u00f6lgenin zengin bitki \u00f6rt\u00fcs\u00fc ve do\u011fal ya\u015fam\u0131, kullan\u0131lan malzemelerin kalitesini \u00f6n plana \u00e7\u0131kar\u0131rken, geleneksel tariflerle birle\u015fen bu lezzetler, Akdeniz\u2019in do\u011fall\u0131\u011f\u0131n\u0131 Toroslar\u0131n \u00f6zg\u00fcn aromalar\u0131yla bulu\u015fturuyor.<\/p>\n<p>Akdeniz\u2019in bereketi ile yayla k\u00fclt\u00fcr\u00fcn\u00fcn sadeli\u011fini bir araya getiren bu gastronomi rotas\u0131, uluslararas\u0131 izleyiciye T\u00fcrkiye\u2019nin mutfak zenginli\u011fini g\u00fc\u00e7l\u00fc ve etkileyici bir \u015fekilde sunuyor.<\/p>\n<p><strong>Antalya TUR2026\u2019ya Ev Sahipli\u011fi Yapmaya Devam Ediyor<\/strong><\/p>\n<p>Cumhurba\u015fkanl\u0131\u011f\u0131 T\u00fcrkiye Bisiklet Turu\u2019nun yedinci g\u00fcn\u00fc (2 May\u0131s), Antalya \u2013 Antalya \u00a0etab\u0131 ile sona erecek. Turun sondan bir \u00f6nceki etab\u0131, bir kez daha sprinterler i\u00e7in f\u0131rsat sunacak.<\/p>\n<p>\u00a0<\/p>\n<p>\u00a0<\/p>\n<p>Kaynak: (BYZHA) Beyaz Haber Ajans\u0131<\/p>\n","protected":false},"excerpt":{"rendered":"<p>61.<\/p>\n","protected":false},"author":1,"featured_media":13973,"comment_status":"open","ping_status":"open","sticky":false,"template":"","format":"standard","meta":{"footnotes":""},"categories":[24],"tags":[],"class_list":["post-13972","post","type-post","status-publish","format-standard","has-post-thumbnail","hentry","category-spor"],"_links":{"self":[{"href":"https:\/\/busondakika.com.tr\/index.php?rest_route=\/wp\/v2\/posts\/13972","targetHints":{"allow":["GET"]}}],"collection":[{"href":"https:\/\/busondakika.com.tr\/index.php?rest_route=\/wp\/v2\/posts"}],"about":[{"href":"https:\/\/busondakika.com.tr\/index.php?rest_route=\/wp\/v2\/types\/post"}],"author":[{"embeddable":true,"href":"https:\/\/busondakika.com.tr\/index.php?rest_route=\/wp\/v2\/users\/1"}],"replies":[{"embeddable":true,"href":"https:\/\/busondakika.com.tr\/index.php?rest_route=%2Fwp%2Fv2%2Fcomments&post=13972"}],"version-history":[{"count":1,"href":"https:\/\/busondakika.com.tr\/index.php?rest_route=\/wp\/v2\/posts\/13972\/revisions"}],"predecessor-version":[{"id":13974,"href":"https:\/\/busondakika.com.tr\/index.php?rest_route=\/wp\/v2\/posts\/13972\/revisions\/13974"}],"wp:featuredmedia":[{"embeddable":true,"href":"https:\/\/busondakika.com.tr\/index.php?rest_route=\/wp\/v2\/media\/13973"}],"wp:attachment":[{"href":"https:\/\/busondakika.com.tr\/index.php?rest_route=%2Fwp%2Fv2%2Fmedia&parent=13972"}],"wp:term":[{"taxonomy":"category","embeddable":true,"href":"https:\/\/busondakika.com.tr\/index.php?rest_route=%2Fwp%2Fv2%2Fcategories&post=13972"},{"taxonomy":"post_tag","embeddable":true,"href":"https:\/\/busondakika.com.tr\/index.php?rest_route=%2Fwp%2Fv2%2Ftags&post=13972"}],"curies":[{"name":"wp","href":"https:\/\/api.w.org\/{rel}","templated":true}]}}