{"id":13984,"date":"2026-04-29T12:38:30","date_gmt":"2026-04-29T12:38:30","guid":{"rendered":"https:\/\/busondakika.com.tr\/?p=13984"},"modified":"2026-04-29T12:38:31","modified_gmt":"2026-04-29T12:38:31","slug":"kadikoy-belediyesinin-engelliler-haftasi-etkinlikleri","status":"publish","type":"post","link":"https:\/\/busondakika.com.tr\/?p=13984","title":{"rendered":"Kad\u0131k\u00f6y Belediyesi\u2019nin Engelliler Haftas\u0131 etkinlikleri"},"content":{"rendered":"<p> <b>Kad\u0131k\u00f6y Belediyesi, 10-16 May\u0131s Engelliler Haftas\u0131 kapsam\u0131nda sanattan, spora, e\u011fitimden at\u00f6lyelere kadar kapsaml\u0131 bir etkinlik program\u0131 d\u00fczenliyor<\/b><br \/>Kad\u0131k\u00f6y Belediyesi, 29 Nisan-16 May\u0131s tarihleri aras\u0131nda her engel grubundan vatanda\u015flar\u0131n ve ailelerinin kat\u0131laca\u011f\u0131 bir\u00e7ok etkinlik d\u00fczenliyor. Program, 29 Nisan \u00c7ar\u015famba g\u00fcn\u00fc Kad\u0131k\u00f6y Belediyesi Caddebostan K\u00fclt\u00fcr Merkezi (CKM)\u2019de ger\u00e7ekle\u015fen \u201cS\u0131n\u0131rlar\u0131n \u00d6tesinde\u201d resim sergisi a\u00e7\u0131l\u0131\u015f\u0131yla ba\u015flad\u0131. Kas hastal\u0131\u011f\u0131na ba\u011fl\u0131 ortopedik engeli bulunan Kad\u0131k\u00f6yl\u00fc ikiz karde\u015fler Damla ve Derin K\u00f6kt\u00fcna\u2019n\u0131n karakalem ve renkli eserlerinden olu\u015fan sergi, 3 May\u0131s\u2019a kadar sanatseverlerle bulu\u015facak.<br \/><b>Satran\u00e7 Turnuvas\u0131<\/b><br \/>Kad\u0131k\u00f6y Belediyesi, T\u00fcrkiye Satran\u00e7 Federasyonu ve Satran\u00e7 Akademisi i\u015f birli\u011fiyle ger\u00e7ekle\u015ftirilecek olan \u201cEngelliler Haftas\u0131 Satran\u00e7 Turnuvas\u0131\u201d 2-3 May\u0131s tarihlerinde Alan Kad\u0131k\u00f6y\u2019de d\u00fczenlenecek. Her engel grubundan sporcular\u0131n kat\u0131l\u0131m\u0131na a\u00e7\u0131k olan turnuva, 3 May\u0131s\u2019taki \u00f6d\u00fcl t\u00f6reniyle sona erecek.<br \/>Hafta boyunca otizm, Down sendromu ve zihinsel engel tan\u0131l\u0131 bireylere y\u00f6nelik \u00e7e\u015fitli at\u00f6lye ve etkinlikler d\u00fczenlenecek. 4, 6 ve 12 May\u0131s tarihlerinde Kad\u0131k\u00f6y Belediyesi Engelsiz Sosyal Hizmet Merkezi (ESHM)\u2019de ger\u00e7ekle\u015ftirilecek mutfak at\u00f6lyelerinde kat\u0131l\u0131mc\u0131lar sandvi\u00e7 ve tiramisu yap\u0131m\u0131n\u0131 deneyimleyecek.<br \/><b>At\u00f6lyeler ve K\u00fclt\u00fcrel Etkinlikler<\/b><br \/>5 May\u0131s\u2019ta Pera M\u00fczesi\u2019ne yap\u0131lacak ziyaret ve sanat at\u00f6lyesi ile kat\u0131l\u0131mc\u0131lar k\u00fclt\u00fcrel bir deneyim ya\u015fayacak. 9 May\u0131s\u2019ta ebeveyn ve bak\u0131m verenlere y\u00f6nelik payla\u015f\u0131m toplant\u0131s\u0131 d\u00fczenlenirken, 10 May\u0131s\u2019ta g\u00f6rme engelli bireyler i\u00e7in psikodrama grup \u00e7al\u0131\u015fmas\u0131 ger\u00e7ekle\u015ftirilecek. Bu \u00e7al\u0131\u015fmalarla hem bireylerin hem de yak\u0131nlar\u0131n\u0131n sosyal ve psikolojik a\u00e7\u0131dan desteklenmesi ama\u00e7lan\u0131yor.<br \/>11 May\u0131s\u2019ta Kalam\u0131\u015f\u2019ta d\u00fczenlenecek kahvalt\u0131 ve spor \u015fenli\u011fi, kursiyerler ve ailelerini bir araya getirecek. G\u00fcn boyunca spor etkinlikleri, oyunlar ve dans performanslar\u0131 ile kat\u0131l\u0131mc\u0131lar keyifli vakit ge\u00e7irecek.<br \/><b>Bo\u011faz Turu ve Stat Gezisi<\/b><br \/>14 May\u0131s\u2019ta d\u00fczenlenecek tekne gezisi ile yakla\u015f\u0131k 200 engelli birey ve yak\u0131n\u0131 \u0130stanbul Bo\u011faz\u0131\u2019nda bir araya gelecek. Ayr\u0131ca kursiyerlere y\u00f6nelik Fenerbah\u00e7e Stad\u0131 gezisi ve at\u00f6lye \u00e7al\u0131\u015fmalar\u0131 planlan\u0131yor.<br \/>Etkinlikler, 16 May\u0131s\u2019ta Ko\u015fuyolu Ya\u015fam Park\u0131\u2019nda ger\u00e7ekle\u015ftirilecek a\u00e7\u0131k alan organizasyonu ile sona erecek. Akondroplazili \u00e7ocuklara y\u00f6nelik d\u00fczenlenecek etkinlikte sanat at\u00f6lyeleri, spor aktiviteleri ve afet fark\u0131ndal\u0131\u011f\u0131 \u00e7al\u0131\u015fmalar\u0131 yer alacak.<\/p>\n<p>\u00a0<\/p>\n<p>\u00a0<\/p>\n<p>Kaynak: (BYZHA) Beyaz Haber Ajans\u0131<\/p>\n","protected":false},"excerpt":{"rendered":"<p>Kad\u0131k\u00f6y Belediyesi, 10-16 May\u0131s Engelliler Haftas\u0131 kapsam\u0131nda sanattan, spora, e\u011fitimden at\u00f6lyelere kadar kapsaml\u0131 bir etkinlik program\u0131 d\u00fczenliyor  Kad\u0131k\u00f6y Belediyesi, 29 Nisan-16 May\u0131s tarihleri aras\u0131nda her engel grubundan vatanda\u015flar\u0131n ve ailelerinin kat\u0131laca\u011f\u0131 bir\u00e7ok etkinlik d\u00fczenliyor.<\/p>\n","protected":false},"author":1,"featured_media":13985,"comment_status":"open","ping_status":"open","sticky":false,"template":"","format":"standard","meta":{"footnotes":""},"categories":[20],"tags":[],"class_list":["post-13984","post","type-post","status-publish","format-standard","has-post-thumbnail","hentry","category-kultur-sanat"],"_links":{"self":[{"href":"https:\/\/busondakika.com.tr\/index.php?rest_route=\/wp\/v2\/posts\/13984","targetHints":{"allow":["GET"]}}],"collection":[{"href":"https:\/\/busondakika.com.tr\/index.php?rest_route=\/wp\/v2\/posts"}],"about":[{"href":"https:\/\/busondakika.com.tr\/index.php?rest_route=\/wp\/v2\/types\/post"}],"author":[{"embeddable":true,"href":"https:\/\/busondakika.com.tr\/index.php?rest_route=\/wp\/v2\/users\/1"}],"replies":[{"embeddable":true,"href":"https:\/\/busondakika.com.tr\/index.php?rest_route=%2Fwp%2Fv2%2Fcomments&post=13984"}],"version-history":[{"count":1,"href":"https:\/\/busondakika.com.tr\/index.php?rest_route=\/wp\/v2\/posts\/13984\/revisions"}],"predecessor-version":[{"id":13986,"href":"https:\/\/busondakika.com.tr\/index.php?rest_route=\/wp\/v2\/posts\/13984\/revisions\/13986"}],"wp:featuredmedia":[{"embeddable":true,"href":"https:\/\/busondakika.com.tr\/index.php?rest_route=\/wp\/v2\/media\/13985"}],"wp:attachment":[{"href":"https:\/\/busondakika.com.tr\/index.php?rest_route=%2Fwp%2Fv2%2Fmedia&parent=13984"}],"wp:term":[{"taxonomy":"category","embeddable":true,"href":"https:\/\/busondakika.com.tr\/index.php?rest_route=%2Fwp%2Fv2%2Fcategories&post=13984"},{"taxonomy":"post_tag","embeddable":true,"href":"https:\/\/busondakika.com.tr\/index.php?rest_route=%2Fwp%2Fv2%2Ftags&post=13984"}],"curies":[{"name":"wp","href":"https:\/\/api.w.org\/{rel}","templated":true}]}}