{"id":13996,"date":"2026-04-29T15:39:43","date_gmt":"2026-04-29T15:39:43","guid":{"rendered":"https:\/\/busondakika.com.tr\/?p=13996"},"modified":"2026-04-29T15:39:43","modified_gmt":"2026-04-29T15:39:43","slug":"baskan-cirpanoglundan-sali-pazarina-ziyaret","status":"publish","type":"post","link":"https:\/\/busondakika.com.tr\/?p=13996","title":{"rendered":"Ba\u015fkan \u00c7\u0131rpano\u011flu\u2019ndan Sal\u0131 Pazar\u0131na Ziyaret"},"content":{"rendered":"<p> <b>Kahramankazan Belediye Ba\u015fkan\u0131 Selim \u00c7\u0131rpano\u011flu, il\u00e7ede kurulan Sal\u0131 pazar\u0131n\u0131 ziyaret ederek esnaf ve vatanda\u015flarla bir araya geldi.<\/b><\/p>\n<p>Pazar alan\u0131n\u0131 gezerek tezg\u00e2hlar\u0131 tek tek inceleyen Ba\u015fkan \u00c7\u0131rpano\u011flu, esnafla sohbet edip talep ve \u00f6nerileri dinledi. Ziyaret s\u0131ras\u0131nda vatanda\u015flarla da sohbet eden Ba\u015fkan \u00c7\u0131rpano\u011flu, onlar\u0131n g\u00f6r\u00fc\u015f ve beklentilerini dinledi. \u00dcr\u00fcnlerin fiyat etiketlerinden hijyen ko\u015fullar\u0131na kadar \u00e7e\u015fitli konularda denetimlerde bulunan Ba\u015fkan \u00c7\u0131rpano\u011flu, vatanda\u015flar\u0131n g\u00fcvenli ve sa\u011fl\u0131kl\u0131 al\u0131\u015fveri\u015f yapabilmesi i\u00e7in gerekli hassasiyetin \u00f6nemine dikkat \u00e7ekti.<\/p>\n<p>Esnafa hay\u0131rl\u0131 ve bereketli kazan\u00e7lar dileyen Ba\u015fkan \u00c7\u0131rpano\u011flu, belediye olarak her zaman esnaf\u0131n yan\u0131nda olduklar\u0131n\u0131 vurgulad\u0131.<\/p>\n<p>\u00a0<\/p>\n<p>Kaynak: (BYZHA) Beyaz Haber Ajans\u0131<\/p>\n","protected":false},"excerpt":{"rendered":"<p>Kahramankazan Belediye Ba\u015fkan\u0131 Selim \u00c7\u0131rpano\u011flu, il\u00e7ede kurulan Sal\u0131 pazar\u0131n\u0131 ziyaret ederek esnaf ve vatanda\u015flarla bir araya geldi.<\/p>\n","protected":false},"author":1,"featured_media":13997,"comment_status":"open","ping_status":"open","sticky":false,"template":"","format":"standard","meta":{"footnotes":""},"categories":[21],"tags":[],"class_list":["post-13996","post","type-post","status-publish","format-standard","has-post-thumbnail","hentry","category-gundem"],"_links":{"self":[{"href":"https:\/\/busondakika.com.tr\/index.php?rest_route=\/wp\/v2\/posts\/13996","targetHints":{"allow":["GET"]}}],"collection":[{"href":"https:\/\/busondakika.com.tr\/index.php?rest_route=\/wp\/v2\/posts"}],"about":[{"href":"https:\/\/busondakika.com.tr\/index.php?rest_route=\/wp\/v2\/types\/post"}],"author":[{"embeddable":true,"href":"https:\/\/busondakika.com.tr\/index.php?rest_route=\/wp\/v2\/users\/1"}],"replies":[{"embeddable":true,"href":"https:\/\/busondakika.com.tr\/index.php?rest_route=%2Fwp%2Fv2%2Fcomments&post=13996"}],"version-history":[{"count":1,"href":"https:\/\/busondakika.com.tr\/index.php?rest_route=\/wp\/v2\/posts\/13996\/revisions"}],"predecessor-version":[{"id":13998,"href":"https:\/\/busondakika.com.tr\/index.php?rest_route=\/wp\/v2\/posts\/13996\/revisions\/13998"}],"wp:featuredmedia":[{"embeddable":true,"href":"https:\/\/busondakika.com.tr\/index.php?rest_route=\/wp\/v2\/media\/13997"}],"wp:attachment":[{"href":"https:\/\/busondakika.com.tr\/index.php?rest_route=%2Fwp%2Fv2%2Fmedia&parent=13996"}],"wp:term":[{"taxonomy":"category","embeddable":true,"href":"https:\/\/busondakika.com.tr\/index.php?rest_route=%2Fwp%2Fv2%2Fcategories&post=13996"},{"taxonomy":"post_tag","embeddable":true,"href":"https:\/\/busondakika.com.tr\/index.php?rest_route=%2Fwp%2Fv2%2Ftags&post=13996"}],"curies":[{"name":"wp","href":"https:\/\/api.w.org\/{rel}","templated":true}]}}