{"id":13999,"date":"2026-04-29T15:39:53","date_gmt":"2026-04-29T15:39:53","guid":{"rendered":"https:\/\/busondakika.com.tr\/?p=13999"},"modified":"2026-04-29T15:39:54","modified_gmt":"2026-04-29T15:39:54","slug":"gebze-lokomotif-cocuk-koyu-kapilarini-acti","status":"publish","type":"post","link":"https:\/\/busondakika.com.tr\/?p=13999","title":{"rendered":"Gebze Lokomotif \u00c7ocuk K\u00f6y\u00fc kap\u0131lar\u0131n\u0131 a\u00e7t\u0131"},"content":{"rendered":"<p> Kocaeli B\u00fcy\u00fck\u015fehir Belediyesi\u2019nin \u00e7ocuklar ve aileleri taraf\u0131ndan b\u00fcy\u00fck be\u011feni ve ilgi toplayan projelerinden \u201cLokomotif \u00c7ocuk K\u00f6y\u00fc\u2019n\u00fcn\u201d bir yenisi Gebze\u2019de a\u00e7\u0131ld\u0131. Kocaeli B\u00fcy\u00fck\u015fehir Belediye Ba\u015fkan\u0131 Tahir B\u00fcy\u00fckak\u0131n\u2019\u0131n da kat\u0131ld\u0131\u011f\u0131 t\u00f6ren \u00e7ocuklar\u0131n ne\u015fesi ve heyecan\u0131yla \u00e7ok renkli g\u00f6r\u00fcnt\u00fclere sahne oldu.<\/p>\n<p><b>BAYRAM HAVASINDA TANITIM<\/b><\/p>\n<p>Kocaeli B\u00fcy\u00fck\u015fehir Belediyesi\u2019nin, \u00e7ocuklar\u0131n g\u00fcvenli ve e\u011fitici ortamda e\u011flenmesi i\u00e7in hayata ge\u00e7irdi\u011fi \u201cLokomotif \u00c7ocuk K\u00f6y\u00fc\u201d projesi, Kocaeli\u2019nin d\u00f6rt bir taraf\u0131na yay\u0131l\u0131yor. \u0130zmit Do\u011fu K\u0131\u015fla Park\u0131\u2019n\u0131n ard\u0131ndan, Gebze Millet Bah\u00e7esinde in\u015fa edilen Gebze Lokomotif \u00c7ocuk K\u00f6y\u00fc de kap\u0131lar\u0131n\u0131 a\u00e7t\u0131. \u00c7ocuklar\u0131n ve ailelerin yo\u011fun kat\u0131l\u0131m\u0131 ve ne\u015fesi ile adeta bayram havas\u0131nda ge\u00e7en tan\u0131t\u0131m t\u00f6renine Kocaeli B\u00fcy\u00fck\u015fehir Belediye Ba\u015fkan\u0131 Tahir B\u00fcy\u00fckak\u0131n, AK Parti Kocaeli \u0130l Ba\u015fkan\u0131 \u015eahin Talus, AK Parti Kocaeli \u0130l Kad\u0131n Kollar\u0131 Ba\u015fkan\u0131 Yasemin \u00d6zdemir, Kocaeli B\u00fcy\u00fck\u015fehir Belediyesi Gebze B\u00f6lge Koordinat\u00f6r\u00fc \u0130brahim Pehlivan, AK Parti Gebze \u0130l\u00e7e Ba\u015fkan\u0131 Recep Kaya, Gebze Belediye Ba\u015fkan Yard\u0131mc\u0131s\u0131 Zeynep Y\u0131ld\u0131r\u0131m, sivil toplum kurulu\u015flar\u0131n\u0131n temsilcileri ve muhtarlar kat\u0131ld\u0131.<\/p>\n<p><b>\u201c\u00c7OCUKLARIMIZI YARINLARA HAZIRLIYORUZ\u201d<\/b><\/p>\n<p>Program\u0131n a\u00e7\u0131l\u0131\u015f\u0131nda konu\u015fan Ba\u015fkan B\u00fcy\u00fckak\u0131n; Lokomotif \u00c7ocuk K\u00f6y\u00fc projesinin yaln\u0131zca bir oyun alan\u0131 de\u011fil, \u00e7ocuklar\u0131n gelece\u011fe haz\u0131rlanaca\u011f\u0131 \u00f6nemli bir merkez oldu\u011funu vurgulad\u0131. Daha \u00f6nce farkl\u0131 il\u00e7elerde de benzer projeleri hayata ge\u00e7irdiklerini belirten B\u00fcy\u00fckak\u0131n, bu merkezlerin \u00e7ocuklara ve gen\u00e7lere y\u00f6nelik hizmetlerin \u00f6nemli bir par\u00e7as\u0131 oldu\u011funu ifade etti. Ba\u015fkan B\u00fcy\u00fckak\u0131n, \u00e7ocuklar\u0131n g\u00fcvenli bir ortamda hem okul hayat\u0131na hem de gelece\u011fe haz\u0131rlanmas\u0131n\u0131n ama\u00e7land\u0131\u011f\u0131n\u0131 belirterek, \u201c\u00c7ocuklar\u0131m\u0131z burada hem e\u011fitim hayat\u0131na haz\u0131rlanacak hem de bizi biz yapan de\u011ferlerle bulu\u015facak. Gelece\u011fe daha g\u00fc\u00e7l\u00fc ad\u0131mlarla y\u00fcr\u00fcs\u00fcnler istiyoruz\u201d dedi.<\/p>\n<p><b>\u201cB\u0130Z HALKIMIZ \u0130\u00c7\u0130N VARIZ\u201d<\/b><\/p>\n<p>Belediyecili\u011fin yaln\u0131zca altyap\u0131 hizmetlerinden ibaret olmad\u0131\u011f\u0131n\u0131 vurgulayan B\u00fcy\u00fckak\u0131n, toplumun her kesimine dokunan projeler \u00fcrettiklerini s\u00f6yledi. Gen\u00e7ler, kad\u0131nlar, ya\u015fl\u0131lar, engelliler ve dezavantajl\u0131 gruplara y\u00f6nelik \u00e7al\u0131\u015fmalar y\u00fcr\u00fctt\u00fcklerini belirten B\u00fcy\u00fckak\u0131n, k\u0131sa s\u00fcre \u00f6nce G\u00f6lc\u00fck\u2019te hizmete al\u0131nan Sayg\u0131nlar Kul\u00fcb\u00fc\u2019n\u00fcn benzerinin Gebze\u2019de de a\u00e7\u0131laca\u011f\u0131n\u0131 da m\u00fcjdeledi. Konu\u015fmas\u0131nda belediyecili\u011fin temel amac\u0131n\u0131n halka hizmet etmek oldu\u011funu dile getiren B\u00fcy\u00fckak\u0131n, \u201cBelediye halk i\u00e7in vard\u0131r. Varl\u0131k sebebimiz vatanda\u015f\u0131m\u0131za hizmet etmektir. Bu nedenle sadece hizmete odaklanmal\u0131y\u0131z\u201d ifadelerini kulland\u0131.<\/p>\n<p><b>VAGONLARI GEZD\u0130, ETK\u0130NL\u0130KLERE KATILDI<\/b><\/p>\n<p>Kocaeli\u2019yi mutlu bir \u015fehir haline getirmek istediklerini kaydeden B\u00fcy\u00fckak\u0131n, t\u00fcm kesimleri kapsayan belediyecilik anlay\u0131\u015f\u0131yla hareket ettiklerini s\u00f6yledi. \u00c7ocuklar\u0131n, kad\u0131nlar\u0131n, ya\u015fl\u0131lar\u0131n ve engellilerin unutuldu\u011fu bir y\u00f6netim anlay\u0131\u015f\u0131n\u0131n eksik kalaca\u011f\u0131n\u0131 vurgulayan B\u00fcy\u00fckak\u0131n, hizmette b\u00fct\u00fcnc\u00fcl yakla\u015f\u0131m\u0131n \u00f6nemine dikkat \u00e7ekti. Ba\u015fkan B\u00fcy\u00fckak\u0131n, konu\u015fmas\u0131n\u0131n ard\u0131ndan \u00e7ocuklarla birlikte Gebze Lokomotif \u00c7ocuk K\u00f6y\u00fc vagonlar\u0131n\u0131 tek tek gezdi, at\u00f6lye etkinliklerine kat\u0131ld\u0131. \u00c7ocuklarla birlikte fidan diken Ba\u015fkan B\u00fcy\u00fckak\u0131n, ilk can suyunu da miniklerle beraber verdi. Program, t\u00fcm \u00e7ocuklar\u0131n kat\u0131l\u0131m\u0131yla ger\u00e7ekle\u015ftirilen hat\u0131ra foto\u011fraf\u0131 \u00e7ekimi ile sona erdi.<\/p>\n<p><b>\u00c7OCUKLAR G\u00dcN BOYUNCA E\u011eLEND\u0130<\/b><\/p>\n<p>Lokomotif \u00c7ocuk K\u00f6y\u00fc tan\u0131t\u0131m\u0131 i\u00e7in Gebze Millet Bah\u00e7esi\u2019nde \u00e7ocuklara y\u00f6nelik birbirinden renkli at\u00f6lyeler kuruldu. Alanda kum boyama, mozaik yap\u0131m\u0131, teraryum yap\u0131m\u0131, T\u00fcrk bayra\u011f\u0131 punch yap\u0131m\u0131, T\u00fcrk bayrakl\u0131 bileklik yap\u0131m\u0131, ne\u015feli meyveler, kruvasanyap\u0131m\u0131, u\u00e7urtma ve marangoz at\u00f6lyeleri yer ald\u0131. \u00c7ocuklar, g\u00fcn boyunca at\u00f6lyelerde hem e\u011flendi hem de keyifli vakit ge\u00e7irdi.<\/p>\n<p><b>GEBZE LOKOMOT\u0130F \u00c7OCUK K\u00d6Y\u00dc<\/b><\/p>\n<p>Kocaeli B\u00fcy\u00fck\u015fehir Belediyesi\u2019nin \u00f6nemli projelerinden biri olan Gebze Lokomotif \u00c7ocuk K\u00f6y\u00fc sadece bir e\u011flence alan\u0131 de\u011fil, \u00e7ocuklar\u0131n milli de\u011ferlerle ba\u011f kurdu\u011fu, sorumluluk bilinci kazand\u0131\u011f\u0131 ve hayal g\u00fcc\u00fcn\u00fc geli\u015ftirdi\u011fi bir e\u011fitim merkezi olarak tasarland\u0131. Lokomotif \u00c7ocuk K\u00f6y\u00fc\u2019nde \u00e7ocuklar\u0131n hem e\u011flenip hem de \u00f6\u011frenebilece\u011fi 10 ayr\u0131 vagon bulunuyor. \u00c7ocuklar mimarlar, m\u00fczisyenler, okurlar, \u00e7evreciler, tamirciler, \u015fefler, sa\u011fl\u0131k\u00e7\u0131lar, ka\u015fifler, g\u00f6n\u00fcll\u00fcler ve sanat\u00e7\u0131lar vagonunda e\u011fitim g\u00f6recek. Alanda ayr\u0131ca \u00e7ocuklar i\u00e7in tar\u0131m bah\u00e7esi ve loko sahne yer al\u0131yor.enli hale gelecek.<\/p>\n<p>\u00a0<\/p>\n<p>Kaynak: (BYZHA) Beyaz Haber Ajans\u0131<\/p>\n","protected":false},"excerpt":{"rendered":"<p>Kocaeli B\u00fcy\u00fck\u015fehir Belediyesi\u2019nin \u00e7ocuklar ve aileleri taraf\u0131ndan b\u00fcy\u00fck be\u011feni ve ilgi toplayan projelerinden \u201cLokomotif \u00c7ocuk K\u00f6y\u00fc\u2019n\u00fcn\u201d bir yenisi Gebze\u2019de a\u00e7\u0131ld\u0131.<\/p>\n","protected":false},"author":1,"featured_media":14000,"comment_status":"open","ping_status":"open","sticky":false,"template":"","format":"standard","meta":{"footnotes":""},"categories":[20],"tags":[],"class_list":["post-13999","post","type-post","status-publish","format-standard","has-post-thumbnail","hentry","category-kultur-sanat"],"_links":{"self":[{"href":"https:\/\/busondakika.com.tr\/index.php?rest_route=\/wp\/v2\/posts\/13999","targetHints":{"allow":["GET"]}}],"collection":[{"href":"https:\/\/busondakika.com.tr\/index.php?rest_route=\/wp\/v2\/posts"}],"about":[{"href":"https:\/\/busondakika.com.tr\/index.php?rest_route=\/wp\/v2\/types\/post"}],"author":[{"embeddable":true,"href":"https:\/\/busondakika.com.tr\/index.php?rest_route=\/wp\/v2\/users\/1"}],"replies":[{"embeddable":true,"href":"https:\/\/busondakika.com.tr\/index.php?rest_route=%2Fwp%2Fv2%2Fcomments&post=13999"}],"version-history":[{"count":1,"href":"https:\/\/busondakika.com.tr\/index.php?rest_route=\/wp\/v2\/posts\/13999\/revisions"}],"predecessor-version":[{"id":14001,"href":"https:\/\/busondakika.com.tr\/index.php?rest_route=\/wp\/v2\/posts\/13999\/revisions\/14001"}],"wp:featuredmedia":[{"embeddable":true,"href":"https:\/\/busondakika.com.tr\/index.php?rest_route=\/wp\/v2\/media\/14000"}],"wp:attachment":[{"href":"https:\/\/busondakika.com.tr\/index.php?rest_route=%2Fwp%2Fv2%2Fmedia&parent=13999"}],"wp:term":[{"taxonomy":"category","embeddable":true,"href":"https:\/\/busondakika.com.tr\/index.php?rest_route=%2Fwp%2Fv2%2Fcategories&post=13999"},{"taxonomy":"post_tag","embeddable":true,"href":"https:\/\/busondakika.com.tr\/index.php?rest_route=%2Fwp%2Fv2%2Ftags&post=13999"}],"curies":[{"name":"wp","href":"https:\/\/api.w.org\/{rel}","templated":true}]}}