{"id":14011,"date":"2026-04-29T15:52:26","date_gmt":"2026-04-29T15:52:26","guid":{"rendered":"https:\/\/busondakika.com.tr\/?p=14011"},"modified":"2026-04-29T15:52:27","modified_gmt":"2026-04-29T15:52:27","slug":"izmirde-denizcilik-ruzgari-mast-boat-show-kapilarini-acti","status":"publish","type":"post","link":"https:\/\/busondakika.com.tr\/?p=14011","title":{"rendered":"\u0130zmir\u2019de denizcilik r\u00fczg\u00e2r\u0131: MAST Boat Show kap\u0131lar\u0131n\u0131 a\u00e7t\u0131"},"content":{"rendered":"<p> T\u00fcrkiye\u2019nin denizcilik alan\u0131ndaki en prestijli bulu\u015fmalar\u0131ndan MAST \u0130zmir Boat Show\u2013 4. Tekne, Tekne Ekipmanlar\u0131 ve Deniz Aksesuarlar\u0131 Fuar\u0131, 350\u2019yi a\u015fk\u0131n deniz arac\u0131yla ziyaret\u00e7ilerini a\u011f\u0131rlamaya ba\u015flad\u0131. Fuar, 100 bin liradan 30 milyon liraya uzanan geni\u015f \u00fcr\u00fcn yelpazesiyle sezon \u00f6ncesi sekt\u00f6r\u00fcn en \u00f6nemli bulu\u015fmalar\u0131ndan biri olarak \u00f6ne \u00e7\u0131k\u0131yor.<\/p>\n<p>\u0130zmir B\u00fcy\u00fck\u015fehir Belediyesi\u2019nin ev sahipli\u011finde, \u0130ZFA\u015e ve ED Fuarc\u0131l\u0131k i\u015f birli\u011fiyle 29 Nisan-3 May\u0131s tarihlerinde d\u00fczenlenen MAST \u0130zmir Boat Show, kap\u0131lar\u0131n\u0131 a\u00e7t\u0131. Alanda sergilenen teknelerin y\u00fczde 70\u2019inin yerli \u00fcretim olmas\u0131yla dikkat \u00e7eken MAST \u0130zmir Boat Show&#8217;un a\u00e7\u0131l\u0131\u015f\u0131na \u0130zmir B\u00fcy\u00fck\u015fehir Belediye Ba\u015fkan Vekili Dr. Zafer Levent Y\u0131ld\u0131r, \u0130zmir Ticaret Odas\u0131 Meclis Ba\u015fkan\u0131 Selami \u00d6zpoyraz, EBSO Ba\u015fkan Yard\u0131mc\u0131s\u0131 Hakan \u00dcr\u00fcn, EBSO Meclis Ba\u015fkan Yard\u0131mc\u0131s\u0131 \u0130zzet \u015eanl\u0131, \u0130ZDEN\u0130Z Y\u00f6netim Kurulu Ba\u015fkan\u0131 Dr. I\u015f\u0131khan G\u00fcler, \u0130ZFA\u015e Genel M\u00fcd\u00fcr\u00fc Tu\u011f\u00e7e Cumal\u0131o\u011flu, ED Fuarc\u0131l\u0131k Kurucu Ortaklar\u0131 Dilek Soydan ve Emel Y\u0131lmaz, oda, dernek ve sivil toplum kurulu\u015flar\u0131n\u0131n ba\u015fkanlar\u0131 ile temsilcileri, siyasi parti temsilcileri ve sekt\u00f6r profesyoneller kat\u0131ld\u0131. D\u00fcnyaca \u00fcnl\u00fc tekne markalar\u0131yla birlikte sekt\u00f6r\u00fcn \u00f6nde gelen yerli \u00fcreticilerini bulu\u015fturacak fuar, 3 May\u0131s&#8217;a kadar devam edecek. Boylar\u0131 3 ile 15 metre aras\u0131nda de\u011fi\u015fen, fiyatlar\u0131 100 bin liradan ba\u015flayan geni\u015f bir yelpazede sergilenecek deniz ara\u00e7lar\u0131, fuarda her b\u00fct\u00e7eye ve zevke hitap eden se\u00e7enekler sunarak deniz tutkunlar\u0131na kapsaml\u0131 bir deneyim ya\u015fatacak.<\/p>\n<p><strong>Y\u0131ld\u0131r: \u0130zmir denizle b\u00fct\u00fcnle\u015fmi\u015f bir kent<\/strong><br \/>\u0130zmir B\u00fcy\u00fck\u015fehir Belediye Ba\u015fkan Vekili Dr. Zafer Levent Y\u0131ld\u0131r, \u201c\u0130zmir denizle b\u00fct\u00fcnle\u015fmi\u015f bir kent. \u0130zmir i\u00e7in deniz sadece su, g\u00f6l anlam\u0131 ta\u015f\u0131m\u0131yor. Onun \u00f6tesinde k\u00fclt\u00fcr, ticaret, \u00fcretim demek. Bu etkinli\u011fi de bu \u00e7er\u00e7evede de\u011ferlendirmek gerekti\u011fini d\u00fc\u015f\u00fcn\u00fcyorum\u201d diye konu\u015ftu.<br \/>\u0130zmir&#8217;in denizcilik sekt\u00f6r\u00fcnde g\u00fc\u00e7l\u00fc bir konuma sahip oldu\u011funu s\u00f6yleyen Y\u0131ld\u0131r, \u201cSekt\u00f6r\u00fc desteklemek, g\u00fcc\u00fc g\u00f6r\u00fcn\u00fcr k\u0131lmak herkes i\u00e7in sorumluluk. Bu fuar, bu yakla\u015f\u0131m\u0131n sahadaki kar\u015f\u0131l\u0131\u011f\u0131n\u0131 g\u00f6steriyor. Koskoca tarihin tasar\u0131mla, teknolojiyle bulu\u015ftu\u011fu bir etkinlik alan\u0131 buras\u0131. Kat\u0131l\u0131mc\u0131 say\u0131s\u0131n\u0131n artmas\u0131na \u015fa\u015f\u0131rmad\u0131m. Herkese hitap eden ara\u00e7lar var i\u00e7eride. \u00c7ok be\u011fendi\u011fimi s\u00f6ylemeliyim. Bundan sonraki MAST \u0130zmir Boat Show fuarlar\u0131 i\u00e7in de \u00f6n\u00fcn\u00fcz\u00fcn \u00e7ok a\u00e7\u0131k oldu\u011funu d\u00fc\u015f\u00fcn\u00fcyorum. Hem teknoloji var hem m\u00fckemmel tasar\u0131mlar g\u00f6rd\u00fcm. Ayr\u0131 bir k\u00fclt\u00fcr bu. Bu k\u00fclt\u00fcr\u00fc etkinlikte birebir ya\u015fama \u015fans\u0131 var\u201d ifadelerini kulland\u0131.<\/p>\n<p><strong>Soydan: Sezon \u00f6ncesi son fuar<\/strong><br \/>ED Fuarc\u0131l\u0131k Kurucu Orta\u011f\u0131 Dilek Soydan, \u201cBu fuar ilk fuarlar\u0131m\u0131zdan. Bu nedenle bizde yeri ayr\u0131. \u0130lk g\u00fcnden beri Fuar \u0130zmir&#8217;de kendimizi evimizde hissediyoruz. T\u00fcm ekibe \u00e7ok te\u015fekk\u00fcr ediyorum. T\u00fcrkiye&#8217;de denizcilik alan\u0131nda bir\u00e7ok organizasyon yap\u0131l\u0131yor ama MAST \u0130zmir Boat Show her y\u0131l daha \u00e7ok b\u00fcy\u00fcyen fuarlardan biri. Bu y\u0131l daha fazla ziyaret\u00e7i bekliyoruz. Sezon \u00f6ncesi son fuar. Bu noktada yeni tekne almak isteyen ziyaret\u00e7ilerimiz i\u00e7in \u0130zmir u\u011frak nokta olacak\u201d dedi.\u00a0<\/p>\n<p><strong>Fuar\u0131n en pahal\u0131 teknesi 30 milyon lira<\/strong><br \/>Fuarda birbirinden \u015f\u0131k tekneler boy g\u00f6steriyor. 100 bin liradan 30 milyon liraya kadar geni\u015f fiyat yelpazesinde teknenin sergilendi\u011fi fuar; sadece sekt\u00f6r profesyonellerini de\u011fil, tekne ve yat tutkunlar\u0131n\u0131 da a\u011f\u0131rlayacak. Fuar, broker ve yat sat\u0131\u015f-kiralama acentelerinden distrib\u00fct\u00f6rlere, ithalat ve ihracat\u00e7\u0131lardan toptan al\u0131m yapan bayilere ve tasar\u0131mc\u0131lara kadar geni\u015f bir ziyaret\u00e7i profilini a\u011f\u0131rlayacak. Yeni i\u015f birliklerinin, ihracat ba\u011flant\u0131lar\u0131n\u0131n ve sekt\u00f6rel fikir al\u0131\u015fveri\u015finin yap\u0131lmas\u0131na olanak sa\u011flayacak fuar hem sekt\u00f6re hem de \u015fehir ekonomisine katk\u0131 sunacak. Halka a\u00e7\u0131k olarak d\u00fczenlenecek MAST \u0130zmir Boat Show, her g\u00fcn 11.00 &#8211; 19.00 saatleri aras\u0131nda ziyaret edilebilecek.<\/p>\n<p>\u00a0<\/p>\n<p>\u00a0<\/p>\n<p>Kaynak: (BYZHA) Beyaz Haber Ajans\u0131<\/p>\n","protected":false},"excerpt":{"rendered":"<p>T\u00fcrkiye\u2019nin denizcilik alan\u0131ndaki en prestijli bulu\u015fmalar\u0131ndan MAST \u0130zmir Boat Show\u2013 4.<\/p>\n","protected":false},"author":1,"featured_media":14012,"comment_status":"open","ping_status":"open","sticky":false,"template":"","format":"standard","meta":{"footnotes":""},"categories":[21],"tags":[],"class_list":["post-14011","post","type-post","status-publish","format-standard","has-post-thumbnail","hentry","category-gundem"],"_links":{"self":[{"href":"https:\/\/busondakika.com.tr\/index.php?rest_route=\/wp\/v2\/posts\/14011","targetHints":{"allow":["GET"]}}],"collection":[{"href":"https:\/\/busondakika.com.tr\/index.php?rest_route=\/wp\/v2\/posts"}],"about":[{"href":"https:\/\/busondakika.com.tr\/index.php?rest_route=\/wp\/v2\/types\/post"}],"author":[{"embeddable":true,"href":"https:\/\/busondakika.com.tr\/index.php?rest_route=\/wp\/v2\/users\/1"}],"replies":[{"embeddable":true,"href":"https:\/\/busondakika.com.tr\/index.php?rest_route=%2Fwp%2Fv2%2Fcomments&post=14011"}],"version-history":[{"count":1,"href":"https:\/\/busondakika.com.tr\/index.php?rest_route=\/wp\/v2\/posts\/14011\/revisions"}],"predecessor-version":[{"id":14013,"href":"https:\/\/busondakika.com.tr\/index.php?rest_route=\/wp\/v2\/posts\/14011\/revisions\/14013"}],"wp:featuredmedia":[{"embeddable":true,"href":"https:\/\/busondakika.com.tr\/index.php?rest_route=\/wp\/v2\/media\/14012"}],"wp:attachment":[{"href":"https:\/\/busondakika.com.tr\/index.php?rest_route=%2Fwp%2Fv2%2Fmedia&parent=14011"}],"wp:term":[{"taxonomy":"category","embeddable":true,"href":"https:\/\/busondakika.com.tr\/index.php?rest_route=%2Fwp%2Fv2%2Fcategories&post=14011"},{"taxonomy":"post_tag","embeddable":true,"href":"https:\/\/busondakika.com.tr\/index.php?rest_route=%2Fwp%2Fv2%2Ftags&post=14011"}],"curies":[{"name":"wp","href":"https:\/\/api.w.org\/{rel}","templated":true}]}}