{"id":14017,"date":"2026-04-29T15:52:34","date_gmt":"2026-04-29T15:52:34","guid":{"rendered":"https:\/\/busondakika.com.tr\/?p=14017"},"modified":"2026-04-29T15:52:35","modified_gmt":"2026-04-29T15:52:35","slug":"mimarlik-ve-yasam-soylesilerinde-nisan-ayi-konugu-senay-kahramanoglu-oldu","status":"publish","type":"post","link":"https:\/\/busondakika.com.tr\/?p=14017","title":{"rendered":"Mimarl\u0131k ve Ya\u015fam S\u00f6yle\u015filerinde Nisan Ay\u0131 Konu\u011fu \u015eenay Kahramano\u011flu Oldu!"},"content":{"rendered":"<p> <b>Dr. Olcay Aydemir\u2019in sunumuyla Mimarl\u0131k ve Ya\u015fam s\u00f6yle\u015fileri, Zeytinburnu K\u00fclt\u00fcr Sanat\u2019ta yap\u0131l\u0131yor. 28 Nisan Sal\u0131 ak\u015fam\u0131 saat 19.30\u2019da ger\u00e7ekle\u015fen s\u00f6yle\u015finin konu\u011fu \u015eenay Kahramano\u011flu oldu. Mimarl\u0131k ve Ya\u015fam program\u0131n\u0131n nisan ay\u0131 s\u00f6yle\u015fisinde \u201c\u0130stanbul\u2019un Sivil Mimari Miras\u0131 ve Kavafyan Kona\u011f\u0131 \u00d6rne\u011fi\u201d konusu ele al\u0131nd\u0131.<\/b><\/p>\n<p>\u015eenay Kahramano\u011flu\u2019nun konuk oldu\u011fu Mimarl\u0131k ve Ya\u015fam program\u0131n\u0131n \u201c\u0130stanbul\u2019un Sivil Mimari Miras\u0131 ve Kavafyan Kona\u011f\u0131 \u00d6rne\u011fi\u201d alt ba\u015fl\u0131kl\u0131 s\u00f6yle\u015fisi ger\u00e7ekle\u015fti. \u015eenay Kahramano\u011flu, Kavafyan Kona\u011f\u0131\u2019n\u0131n ge\u00e7mi\u015fi ve bug\u00fcn\u00fcn\u00fc mimari a\u00e7\u0131dan ele ald\u0131.<\/p>\n<p><b>\u201cKavafyan Kona\u011f\u0131, mimarl\u0131k tarihimizde ender bir \u00f6rnek.\u201d<\/b><\/p>\n<p>\u015eenay Kahramano\u011flu, Kavafyan Kona\u011f\u0131\u2019n\u0131n \u00f6neminden bahsetti:<\/p>\n<p>\u201cKavafyan Kona\u011f\u0131, \u0130stanbul\u2019da ayakta kalan en eski ah\u015fap ev. T\u00fcrkiye\u2019de bir\u00e7ok yap\u0131 var ama \u0130stanbul\u2019da ilk. Kavafyan Kona\u011f\u0131, mimarl\u0131k tarihimizin ender bir \u00f6rne\u011fi. Kubbe, tavan, duvar, y\u00fckl\u00fck ve nak\u0131\u015flar\u0131yla ayr\u0131 bir \u00f6nem ta\u015f\u0131yor. Evin harem b\u00f6l\u00fcm\u00fc yap\u0131m tarihi olan 1751\u2019den bug\u00fcne kadar ula\u015fm\u0131\u015f. En son ekleme 2. Mahmut d\u00f6neminde yap\u0131lm\u0131\u015f.\u201d<\/p>\n<p><b>\u201cKaz\u0131 ba\u015flad\u0131ktan sonra yeni \u00e7ini desenleri bulunacakt\u0131r.\u201d<\/b><\/p>\n<p>\u015eenay Kahramano\u011flu, konakta yer alan desenlere dair bilgi verdi:<\/p>\n<p>\u201cElimizde \u00e7ok az say\u0131da bulunan \u00e7iniye g\u00f6z\u00fcm\u00fcz gibi bak\u0131yoruz. G\u00fcl, gonca ve karanfil desenler mevcut. Muhtemelen bug\u00fcn mevcut olmayan selaml\u0131k, hamam ve mutfakta bu \u00e7iniler kullan\u0131lm\u0131\u015f. Kaz\u0131lmaya ba\u015flad\u0131ktan sonra yeni \u015feyler \u00e7\u0131kar. Arkeoloji M\u00fczesi kontrol\u00fcnde bir kaz\u0131 yapaca\u011f\u0131z. O daha heyecan verici olacak.\u201d<\/p>\n<p>\u00a0<\/p>\n<p>Kaynak: (BYZHA) Beyaz Haber Ajans\u0131<\/p>\n","protected":false},"excerpt":{"rendered":"<p>Dr.<\/p>\n","protected":false},"author":1,"featured_media":14018,"comment_status":"open","ping_status":"open","sticky":false,"template":"","format":"standard","meta":{"footnotes":""},"categories":[20],"tags":[],"class_list":["post-14017","post","type-post","status-publish","format-standard","has-post-thumbnail","hentry","category-kultur-sanat"],"_links":{"self":[{"href":"https:\/\/busondakika.com.tr\/index.php?rest_route=\/wp\/v2\/posts\/14017","targetHints":{"allow":["GET"]}}],"collection":[{"href":"https:\/\/busondakika.com.tr\/index.php?rest_route=\/wp\/v2\/posts"}],"about":[{"href":"https:\/\/busondakika.com.tr\/index.php?rest_route=\/wp\/v2\/types\/post"}],"author":[{"embeddable":true,"href":"https:\/\/busondakika.com.tr\/index.php?rest_route=\/wp\/v2\/users\/1"}],"replies":[{"embeddable":true,"href":"https:\/\/busondakika.com.tr\/index.php?rest_route=%2Fwp%2Fv2%2Fcomments&post=14017"}],"version-history":[{"count":1,"href":"https:\/\/busondakika.com.tr\/index.php?rest_route=\/wp\/v2\/posts\/14017\/revisions"}],"predecessor-version":[{"id":14019,"href":"https:\/\/busondakika.com.tr\/index.php?rest_route=\/wp\/v2\/posts\/14017\/revisions\/14019"}],"wp:featuredmedia":[{"embeddable":true,"href":"https:\/\/busondakika.com.tr\/index.php?rest_route=\/wp\/v2\/media\/14018"}],"wp:attachment":[{"href":"https:\/\/busondakika.com.tr\/index.php?rest_route=%2Fwp%2Fv2%2Fmedia&parent=14017"}],"wp:term":[{"taxonomy":"category","embeddable":true,"href":"https:\/\/busondakika.com.tr\/index.php?rest_route=%2Fwp%2Fv2%2Fcategories&post=14017"},{"taxonomy":"post_tag","embeddable":true,"href":"https:\/\/busondakika.com.tr\/index.php?rest_route=%2Fwp%2Fv2%2Ftags&post=14017"}],"curies":[{"name":"wp","href":"https:\/\/api.w.org\/{rel}","templated":true}]}}