{"id":14020,"date":"2026-04-29T15:52:42","date_gmt":"2026-04-29T15:52:42","guid":{"rendered":"https:\/\/busondakika.com.tr\/?p=14020"},"modified":"2026-04-29T15:52:43","modified_gmt":"2026-04-29T15:52:43","slug":"61-cumhurbaskanligi-turkiye-bisiklet-turunda-dorduncu-gun","status":"publish","type":"post","link":"https:\/\/busondakika.com.tr\/?p=14020","title":{"rendered":"61. Cumhurba\u015fkanl\u0131\u011f\u0131 T\u00fcrkiye Bisiklet Turunda D\u00f6rd\u00fcnc\u00fc G\u00fcn"},"content":{"rendered":"<p> 61&#8217;inci Cumhurba\u015fkanl\u0131\u011f\u0131 T\u00fcrkiye Bisiklet Turu&#8217;nun 130.4 kilometrelik Marmaris-Fethiye etab\u0131n\u0131 Cofidis tak\u0131m\u0131ndan Stanislaw Aniolkowski 2 saat 52 dakika 51 saniye kazand\u0131. \u0130mza i\u015flemlerinin ard\u0131ndan 155 bisiklet\u00e7i etaba ba\u015flad\u0131. Damal\u0131 bayra\u011f\u0131n sallanmas\u0131 s\u0131ras\u0131nda \u015fu isimler protokolu olu\u015fturdu. Dr.\u0130dris Akb\u0131y\u0131k (Mu\u011fla Valisi), Yavuz Selim K\u00f6\u015fger (Denizli Valisi) Halil Serdar Cevhero\u011flu, (Mu\u011fla Vali Yard\u0131mc\u0131s\u0131), Ahmet Aras (Mu\u011fla B\u00fcy\u00fck\u015fehir Belediye Ba\u015fkan\u0131), Nurullah Kaya (Marmaris Kaymakam\u0131), Musa Kaz\u0131m A\u00e7\u0131kba (Mu\u011fla Gen\u00e7lik ve Spor \u0130l M\u00fcd\u00fcr\u00fc), Emin M\u00fcft\u00fco\u011flu (T\u00fcrkiye Bisiklet Federasyonu Ba\u015fkan\u0131), Metin Cengiz (T\u00fcrkiye Bisiklet Federasyonu Asba\u015fkan\u0131), Yusuf Alperen Ayar (T\u00fcrkiye Bisiklet Federasyonu Asba\u015fkan\u0131), Sami A\u011fao\u011flu (T\u00fcrkiye Bisiklet Federasyonu Y\u00f6netim Kurulu \u00dcyesi), Onur \u015eahin (T\u00fcrkiye Bisiklet Federasyonu Y\u00f6netim Kurulu \u00dcyesi)<\/p>\n<p><strong>NEVZAT KRAL&#8217;DAN BUG\u00dcNE<\/strong><\/p>\n<p>\u0130lk kez 1987 y\u0131l\u0131nda TUR&#8217;a dahil edilen Fethiye&#8217;de bug\u00fcne kadar 12 kez fini\u015f yap\u0131ld\u0131. Marmaris-Fethiye etab\u0131 ise ilk kez 2000 y\u0131l\u0131nda ko\u015fuldu. T\u00fcrkiye Turu b\u00f6ylelikle iki kenti 23 kez birbirine ba\u011flam\u0131\u015f oldu. Tur tarihinde etap zaferi kazanan son T\u00fcrk bisiklet\u00e7isi 2002 y\u0131l\u0131nda Fethiye fini\u015finde Nevzat Kral oldu.<\/p>\n<p><strong>TIRMANI\u015e ETABI GENEL KLASMANI ALT-\u00dcST ETT\u0130<\/strong><\/p>\n<p>Ge\u00e7en y\u0131l TUR genel klasman\u0131nda \u00fc\u00e7\u00fcnc\u00fc olan Picnic \u2013 PostNL tak\u0131m\u0131ndan Juan Martinez d\u00fcn ya\u015fad\u0131\u011f\u0131 kazadan sonra etaba ba\u015flayamad\u0131. Start \u00f6nce genel klasmanda Konya B\u00fcy\u00fck\u015fehir Belediyespor&#8217;dan Burak Abay 36&#8217;nc\u0131, Spor Toto Tak\u0131m\u0131&#8217;ndan Ahmet \u00d6rken 62&#8217;nci s\u0131rada yar\u0131\u015fa ba\u015flad\u0131. 2-3 kez ka\u00e7\u0131\u015f denemeleri olduysa da hi\u00e7bir sporcu pelotondan uzakla\u015famad\u0131. 19&#8217;uncu ve 25&#8217;inci kilometreler toplu ge\u00e7ildi. Parkur yine yak\u0131c\u0131 g\u00fcne\u015f ve r\u00fczg\u00e2rs\u0131z pozisyonda cereyan ediyordu. Pelotonun beklenmeyen temposu ka\u00e7\u0131\u015f i\u00e7in atak yapacak sporcular\u0131 da etkiledi. Ana grup 60 kilometreye varan bir h\u0131zla pedal \u00e7eviriyordu.<strong>\u00a0<\/strong><\/p>\n<p><strong>DO\u011eUKAN ARIKAN KA\u00c7I\u015eI DEN\u0130YOR<\/strong><\/p>\n<p>35&#8217;inci kilometrede Spor Toto tak\u0131m\u0131ndan Do\u011fukan Ar\u0131kan pelotondan s\u0131yr\u0131lmay\u0131 ba\u015fard\u0131. 10 saniye kadar aray\u0131 a\u00e7t\u0131. Ar\u0131kan&#8217;\u0131n da bu ka\u00e7\u0131\u015f\u0131 fazla uzun s\u00fcrmedi peloton onu da yakalad\u0131. 50&#8217;nci kilometre ge\u00e7ilirken yine pelotonun y\u00fcksek temposu g\u00f6ze \u00e7arp\u0131yordu. Buna bir de arkadan esen r\u00fczgar eklenince sporcular keyifle pedal bast\u0131lar. Yar\u0131\u015fta ilk 1 saat geride kald\u0131. Bisiklet\u00e7ilerin temposu saatte 52 kilometre olarak verildi.<\/p>\n<p><strong>MUSTAFA TARAK\u00c7I B\u0130R\u0130NC\u0130 GE\u00c7T\u0130, BEYAZ MAYOYU G\u0130YECEK<\/strong><\/p>\n<p>Etab\u0131n 57.9&#8217;uncu kilometresinde T\u00fcrkiye G\u00fczellikleri prim kap\u0131s\u0131 ge\u00e7ildi. Mustafa Tarak\u00e7\u0131 kap\u0131y\u0131 ilk ge\u00e7en sporcu oldu. Sonu\u00e7lar \u015f\u00f6yle;<\/p>\n<p>1-Mustafa Tarak\u00e7\u0131 (Konya B\u00fcy\u00fck\u015fehir Belediyespor)<\/p>\n<p>2- Michal Pomorski (ATT)<\/p>\n<p>3- Tobiazs Pawlak (ATT).\u00a0<\/p>\n<p>Bu sonu\u00e7la Mustafa Tarak\u00e7\u0131 Fethiye etab\u0131n\u0131 zaman limitinin i\u00e7inde tamamlamas\u0131 halinde yar\u0131nki Patara-Kemer etab\u0131nda Beyaz Mayoyu ta\u015f\u0131yacak.<\/p>\n<p><strong>7 SPORCU KA\u00c7I\u015e GRUBUNDA<\/strong><\/p>\n<p>64&#8217;\u00fcnc\u00fc kilometre ge\u00e7ilirken Awet Aman (\u0130stanbul Tak\u0131m\u0131), Muhammed Erkan (Konya B\u00fcy\u00fck\u015fehir Belediyespor), Samet Bulut (Mu\u011fla B\u00fcy\u00fck\u015fehir Belediyespor), Feritcan \u015eaml\u0131 ve Mustafa Tekin (Spor Toto), Jonah Killy (Tarteletto), Dario Belletta (Polti). Belletta ka\u00e7\u0131\u015f grubundan d\u00fc\u015f\u00fcnce \u00f6n grup gittik\u00e7e artan bir tempo ile aray\u0131 2 dakika 25 saniye a\u00e7t\u0131. \u00a0<\/p>\n<p><strong>SPR\u0130NT PR\u0130M\u0130 SONU\u00c7LARI<\/strong><\/p>\n<p>77.6&#8217;nc\u0131 kilometrede etab\u0131n sprint prim kap\u0131s\u0131 ge\u00e7ildi. \u00c7izgiyi ilk ge\u00e7en sporcu Spor Toto&#8217;dan Feritcan \u015eaml\u0131 oldu. \u0130kincili\u011fi Mu\u011fla B\u00fcy\u00fck\u015fehir Belediyespor&#8217;dan Samet Bulut elde etti. \u00dc\u00e7\u00fcnc\u00fcl\u00fc\u011f\u00fc de Konya B\u00fcy\u00fck\u015fehir Belediyespor&#8217;dan Muhammed Erkan ald\u0131. Kap\u0131 ge\u00e7ildikten sonra yeni zaman fark\u0131 1 dakika 55 saniye olarak verildi.<\/p>\n<p><strong>TIRMANI\u015e PR\u0130M SONU\u00c7LARI<\/strong><\/p>\n<p>Etab\u0131n son prim kap\u0131s\u0131 3. kategoriden puan veren t\u0131rman\u0131\u015f oldu. 93.9&#8217;inci kilometrede ger\u00e7ekle\u015fen kap\u0131y\u0131 Spor Toto tak\u0131m\u0131ndan Mustafa Tekin birinci ge\u00e7ti ve k\u0131rm\u0131z\u0131 mayo da\u011f\u0131l\u0131m\u0131nda 3&#8217;\u00fcnc\u00fc s\u0131raya y\u00fckseldi. \u0130kincili\u011fi \u0130stanbul Tak\u0131m\u0131&#8217;ndan Awet Aman ald\u0131. \u00dc\u00e7\u00fcnc\u00fcl\u00fc\u011f\u00fc de Cofidis tak\u0131m\u0131ndan Sergio Samitier elde etti. Kap\u0131 ge\u00e7ildikten sonra peloton ka\u00e7\u0131\u015fla birle\u015fti.<\/p>\n<p><strong>COFIDIS EKT\u0130\u011e\u0130N\u0130 B\u0130\u00c7T\u0130<\/strong><\/p>\n<p>Etab\u0131n son kilometrelerinde Cofidis Tak\u0131m\u0131 Stanislaw Aniolkowski&#8217;yi birinci getirmek i\u00e7in \u00e7ok \u00e7al\u0131\u015ft\u0131. Son metrelerde de m\u00fcthi\u015f bir fini\u015f kap\u0131\u015fmas\u0131 izlendi. Stanislaw harika bir atakla tak\u0131m\u0131n\u0131n yard\u0131m\u0131n\u0131 geri \u00e7evirmedi ve etab\u0131 birinci bitirdi. Modern Adventure tak\u0131m\u0131ndan Riley Pickrell ikinci, MBH Bank CSB Telecom Fort tak\u0131m\u0131ndan Davide Persico \u00fc\u00e7\u00fcnc\u00fc geldi.<\/p>\n<p>Polonyal\u0131 Aniolkowski, bu etap ile kariyerinde ilk kez. Pro kategorisindeki bir yar\u0131\u015fta etap zaferine eri\u015fti.<\/p>\n<p><strong>MAYOLAR SAH\u0130PLER\u0130N\u0130 BULDU<\/strong><\/p>\n<p>Spor Toto Sponsorlu\u011fundaki Ye\u015fil Mayo Tom Crabbe\u2019ye T\u00fcrkiye Bisiklet Federasyonu Y\u00f6netim Kurulu \u00dcyesi Onur \u015eahin taraf\u0131ndan takdim edildi.<\/p>\n<p>TGA \u2013 GoT\u00fcrkiye Sponsorlu\u011fundaki Beyaz Mayo Mustafa Tarak\u00e7\u0131\u2019ya T\u00fcrkiye Bisiklet Federasyonu Denetleme kurulu ve Eski K\u00fclt\u00fcr ve Turizm Bakan Yard\u0131mc\u0131s\u0131 Abdurrahman Ar\u0131c\u0131 taraf\u0131ndan takdim edildi.<\/p>\n<p>T\u00fcrk Hava Yollar\u0131 Sponsorlu\u011fundaki K\u0131rm\u0131z\u0131 Mayo Ivan Ramiro Sosa\u2019ya Mu\u011fla Gen\u00e7lik ve Spor \u0130l M\u00fcd\u00fcr\u00fc Musa Kaz\u0131m A\u00e7\u0131kba\u015f taraf\u0131ndan takdim edildi.<\/p>\n<p>T\u00fcrk Telekom Sponsorlu\u011fundaki Turkuaz Mayo Ivan Ramiro Sosa\u2019ya T\u00fcrkiye Federasyon Ba\u015fkan\u0131 Emin M\u00fcft\u00fco\u011flu taraf\u0131ndan takdim edildi.<\/p>\n<p>Mayolar\u0131n teslimi s\u0131ras\u0131nda protokolden Fethiye Kaymakam\u0131 Fatih Akkaya, Seydikemer Kaymakam\u0131 Mustafa Dilekli, Fethiye Cumhuriyet Ba\u015fsavc\u0131s\u0131 G\u00fcn\u015fafak Karart\u0131, Fethiye Belediye Ba\u015fkan\u0131 Alim Karaca, T\u00fcrkiye Bisiklet Federasyonu Ba\u015fkan\u0131 Emin M\u00fcft\u00fco\u011flu, Mu\u011fla Gen\u00e7lik ve Spor \u0130l M\u00fcd\u00fcr\u00fc Musa Kaz\u0131m A\u00e7\u0131kba\u015f, TGA Y\u00f6netim ve \u0130cra Kurulu \u00dcyesi Ercan Toruno\u011fullar\u0131, T\u00fcrkiye Bisiklet Federasyonu Denetleme Kurulu Ba\u015fkan\u0131 ve Eski K\u00fclt\u00fcr Turizm Bakan Yard\u0131mc\u0131s\u0131 Abdurrahman Ar\u0131c\u0131 ile T\u00fcrkiye Bisiklet Federasyonu Y\u00f6netim Kurulu \u00dcyesi Onur \u015eahin haz\u0131r bulundu.<\/p>\n<p><strong>EN UZUN ETAP YARIN KO\u015eULACAK<\/strong><\/p>\n<p>61&#8217;inci Cumhurba\u015fkanl\u0131\u011f\u0131 T\u00fcrkiye Bisiklet Turu&#8217;nun en uzun etab\u0131 olan 180.7 kilometrelik Patara-Kemer aras\u0131nda yar\u0131n kat edilecek. Turkuaz Mayoyu Equipo Kern Pharma tak\u0131m\u0131ndan Ivan Ramiro Sosa ta\u015f\u0131yacak.<\/p>\n<p>\u00a0<\/p>\n<p>\u00a0<\/p>\n<p>Kaynak: (BYZHA) Beyaz Haber Ajans\u0131<\/p>\n","protected":false},"excerpt":{"rendered":"<p>61&#8217;inci Cumhurba\u015fkanl\u0131\u011f\u0131 T\u00fcrkiye Bisiklet Turu&#8217;nun 130.<\/p>\n","protected":false},"author":1,"featured_media":14021,"comment_status":"open","ping_status":"open","sticky":false,"template":"","format":"standard","meta":{"footnotes":""},"categories":[24],"tags":[],"class_list":["post-14020","post","type-post","status-publish","format-standard","has-post-thumbnail","hentry","category-spor"],"_links":{"self":[{"href":"https:\/\/busondakika.com.tr\/index.php?rest_route=\/wp\/v2\/posts\/14020","targetHints":{"allow":["GET"]}}],"collection":[{"href":"https:\/\/busondakika.com.tr\/index.php?rest_route=\/wp\/v2\/posts"}],"about":[{"href":"https:\/\/busondakika.com.tr\/index.php?rest_route=\/wp\/v2\/types\/post"}],"author":[{"embeddable":true,"href":"https:\/\/busondakika.com.tr\/index.php?rest_route=\/wp\/v2\/users\/1"}],"replies":[{"embeddable":true,"href":"https:\/\/busondakika.com.tr\/index.php?rest_route=%2Fwp%2Fv2%2Fcomments&post=14020"}],"version-history":[{"count":1,"href":"https:\/\/busondakika.com.tr\/index.php?rest_route=\/wp\/v2\/posts\/14020\/revisions"}],"predecessor-version":[{"id":14022,"href":"https:\/\/busondakika.com.tr\/index.php?rest_route=\/wp\/v2\/posts\/14020\/revisions\/14022"}],"wp:featuredmedia":[{"embeddable":true,"href":"https:\/\/busondakika.com.tr\/index.php?rest_route=\/wp\/v2\/media\/14021"}],"wp:attachment":[{"href":"https:\/\/busondakika.com.tr\/index.php?rest_route=%2Fwp%2Fv2%2Fmedia&parent=14020"}],"wp:term":[{"taxonomy":"category","embeddable":true,"href":"https:\/\/busondakika.com.tr\/index.php?rest_route=%2Fwp%2Fv2%2Fcategories&post=14020"},{"taxonomy":"post_tag","embeddable":true,"href":"https:\/\/busondakika.com.tr\/index.php?rest_route=%2Fwp%2Fv2%2Ftags&post=14020"}],"curies":[{"name":"wp","href":"https:\/\/api.w.org\/{rel}","templated":true}]}}