{"id":14029,"date":"2026-04-30T08:13:34","date_gmt":"2026-04-30T08:13:34","guid":{"rendered":"https:\/\/busondakika.com.tr\/?p=14029"},"modified":"2026-04-30T08:13:35","modified_gmt":"2026-04-30T08:13:35","slug":"otokar-romanyadaki-yatirimi-icin-satin-alma-sozlesmesini-imzaladi","status":"publish","type":"post","link":"https:\/\/busondakika.com.tr\/?p=14029","title":{"rendered":"Otokar, Romanya\u2019daki Yat\u0131r\u0131m\u0131 i\u00e7in Sat\u0131n Alma S\u00f6zle\u015fmesini \u0130mzalad\u0131"},"content":{"rendered":"<p> <strong>Bu sene 100. y\u0131l\u0131n\u0131 kutlayan Ko\u00e7 Toplulu\u011fu b\u00fcnyesinde yer alan Otokar, k\u00fcresel b\u00fcy\u00fcme stratejisi do\u011frultusunda Romanya&#8217;daki \u015firket i\u00e7in sat\u0131n alma s\u00f6zle\u015fmesine imza att\u0131. Otokar, bu stratejik yat\u0131r\u0131mla Avrupa Birli\u011fi s\u0131n\u0131rlar\u0131 i\u00e7inde z\u0131rhl\u0131 ara\u00e7 \u00fcreten bir \u015firket konumuna gelecek.\u00a0<\/strong><\/p>\n<p>T\u00fcrkiye&#8217;nin lider kara sistemleri ihracat\u00e7\u0131s\u0131 Otokar, Romanya Milli Savunma Bakanl\u0131\u011f\u0131 ile imzalad\u0131\u011f\u0131 rekor ihracat projesi \u00e7er\u00e7evesinde stratejik bir yat\u0131r\u0131ma imza att\u0131. Ocak ay\u0131nda ba\u015flat\u0131lan s\u00fcrecin ard\u0131ndan, Automecanica SA \u015firketinin sermayesinin y\u00fczde 96,77&#8217;sini temsil eden paylar\u0131n yakla\u015f\u0131k 85 milyon Euro bedelle devral\u0131nmas\u0131na ili\u015fkin s\u00f6zle\u015fme imzalar\u0131 29 Nisan 2026 tarihinde at\u0131ld\u0131. Gerekli yerel yasal izinlerin al\u0131nmas\u0131n\u0131 takiben sat\u0131n alma s\u00fcrecinin tamamlanmas\u0131 hedefleniyor. Otokar, bu ad\u0131mla birlikte Avrupa Birli\u011fi i\u00e7indeki askeri \u00fcretim altyap\u0131s\u0131n\u0131 kurmu\u015f olacak.<\/p>\n<p><strong>\u00dcRET\u0130M HAZIRLIKLARI TAMAM, \u00dcRET\u0130M\u0130N \u0130LK A\u015eAMALARI BA\u015eLADI<\/strong><\/p>\n<p>Otokar, Romanya Milli Savunma Bakanl\u0131\u011f\u0131\u2019n\u0131n a\u00e7t\u0131\u011f\u0131 ihaleyi kazanarak bu kapsam\u0131nda T\u00fcrkiye&#8217;de \u00fcretilen ilk COBRA II ara\u00e7lar\u0131n\u0131n teslimatlar\u0131n\u0131 tamamlanm\u0131\u015f, 270\u2019ten fazla ara\u00e7 ge\u00e7ti\u011fimiz aylarda Romanya&#8217;da g\u00f6reve ba\u015flam\u0131\u015ft\u0131. Sat\u0131n alma g\u00f6r\u00fc\u015fmeleri boyunca e\u015f zamanl\u0131 olarak proje devam etti. Bu kapsamda, Romanya Media\u015f\u2019taki i\u015f\u00e7i ve teknik personelin i\u015f ba\u015f\u0131 e\u011fitim programlar\u0131 tamamland\u0131.\u00a0<\/p>\n<p>Media\u015f \u015fehrinde 140 bin metrekarelik alana kurulu fabrikada COBRA II ara\u00e7lar\u0131n\u0131n kaynaktan kesime, boyadan montaja kadar t\u00fcm \u00fcretim a\u015famalar\u0131 yerine getirilebilecek. \u00dcretim haz\u0131rl\u0131klar\u0131 tamamlanan tesise NATO standartlar\u0131nda modern bir alt yap\u0131 kazand\u0131r\u0131ld\u0131. Fabrikada \u00fcretimin ilk safhalar\u0131 ba\u015flad\u0131; montaj hatt\u0131n\u0131n Haziran ay\u0131 itibar\u0131yla faaliyete ge\u00e7mesi planlan\u0131yor.\u00a0<\/p>\n<p><strong>&#8220;DOST VE M\u00dcTTEF\u0130K \u00dcLKELER \u0130\u00c7\u0130N G\u00dcVEN\u0130L\u0130R B\u0130R \u0130\u015e ORTA\u011eIYIZ&#8221;<\/strong><\/p>\n<p>\u015eirketin Avrupa savunma sanayii pazar\u0131ndaki yeni d\u00f6nemi hakk\u0131nda de\u011ferlendirmelerde bulunan\u00a0<strong>Otokar Genel M\u00fcd\u00fcr\u00fc Aykut \u00d6z\u00fcner<\/strong>\u00a0\u015f\u00f6yle konu\u015ftu: \u201cK\u00fcresel b\u00fcy\u00fcme hedeflerimiz do\u011frultusunda att\u0131\u011f\u0131m\u0131z bu stratejik ad\u0131mla, Avrupa Birli\u011fi s\u0131n\u0131rlar\u0131 i\u00e7inde z\u0131rhl\u0131 ara\u00e7 \u00fcreten bir \u015firket haline geliyoruz. Romanya&#8217;daki yat\u0131r\u0131m\u0131m\u0131z, s\u00f6zle\u015fme kapsam\u0131ndaki y\u00fck\u00fcml\u00fcl\u00fcklerimizi yerine getirmenin \u00e7ok \u00f6tesinde bir anlam ta\u015f\u0131yor. Savunma sanayiinde \u00fclkelerin giderek daha fazla yerli \u00fcretim kabiliyeti ve teknoloji kazanmay\u0131 \u00f6nceliklendirdi\u011fini g\u00f6r\u00fcyoruz. Biz de Otokar olarak dost ve m\u00fcttefik \u00fclkeler i\u00e7in yaln\u0131zca bir tedarik\u00e7i de\u011fil, yerel i\u015f birlikleri ve teknoloji transferiyle onlar\u0131n m\u00fchendislik kapasitelerini geli\u015ftiren g\u00fcvenilir bir i\u015f orta\u011f\u0131 olmay\u0131 benimsiyoruz. Otokar\u2019\u0131n Romanya Silahl\u0131 Kuvvetleri\u2019ne hizmet etmenin yan\u0131 s\u0131ra, her iki \u00fclke ekonomisine uzun y\u0131llar de\u011fer kataca\u011f\u0131na inan\u0131yoruz.&#8221;<\/p>\n<p><strong>T\u00dcRK\u0130YE&#8217;N\u0130N TEK KALEMDEK\u0130 EN B\u00dcY\u00dcK ZIRHLI ARA\u00c7 \u0130HRACATI<\/strong><\/p>\n<p>Romanya Savunma Bakanl\u0131\u011f\u0131&#8217;n\u0131n a\u00e7t\u0131\u011f\u0131 1.059 adetlik 4&#215;4 taktik tekerlekli hafif z\u0131rhl\u0131 ara\u00e7 ihalesi sonucunda 27 Kas\u0131m 2024 tarihinde KDV hari\u00e7 yakla\u015f\u0131k 4,26 milyar RON (yakla\u015f\u0131k 857 milyon Euro) tutar\u0131nda bir s\u00f6zle\u015fme imzalanm\u0131\u015ft\u0131. T\u00fcrkiye&#8217;nin tek kalemde ger\u00e7ekle\u015ftirdi\u011fi en b\u00fcy\u00fck z\u0131rhl\u0131 ara\u00e7 ihracat\u0131 s\u00f6zle\u015fmesi olma \u00f6zelli\u011fini ta\u015f\u0131yan bu proje, ayn\u0131 zamanda Avrupa&#8217;n\u0131n da say\u0131l\u0131 askeri ara\u00e7 al\u0131mlar\u0131ndan biri olarak kabul ediliyor.<\/p>\n<p>Savunma sanayii alan\u0131nda NATO ve Birle\u015fmi\u015f Milletler&#8217;in onayl\u0131 tedarik\u00e7isi konumundaki Otokar; d\u00fcnyan\u0131n d\u00f6rt bir yan\u0131nda farkl\u0131 iklim ko\u015fullar\u0131nda ve riskli b\u00f6lgelerde ba\u015far\u0131yla hizmet veriyor. \u015eirketin \u00fcretti\u011fi 33 binden fazla askeri ara\u00e7, bug\u00fcn 9&#8217;u Avrupa \u00fclkesi olmak \u00fczere 50&#8217;ye yak\u0131n \u00fclkede, 80&#8217;i a\u015fk\u0131n son kullan\u0131c\u0131n\u0131n envanterinde aktif g\u00f6rev yap\u0131yor.<\/p>\n<p>\u00a0<\/p>\n<p>\u00a0<\/p>\n<p>Kaynak: (BYZHA) Beyaz Haber Ajans\u0131<\/p>\n","protected":false},"excerpt":{"rendered":"<p>Bu sene 100.<\/p>\n","protected":false},"author":1,"featured_media":14030,"comment_status":"open","ping_status":"open","sticky":false,"template":"","format":"standard","meta":{"footnotes":""},"categories":[26],"tags":[],"class_list":["post-14029","post","type-post","status-publish","format-standard","has-post-thumbnail","hentry","category-otomobil"],"_links":{"self":[{"href":"https:\/\/busondakika.com.tr\/index.php?rest_route=\/wp\/v2\/posts\/14029","targetHints":{"allow":["GET"]}}],"collection":[{"href":"https:\/\/busondakika.com.tr\/index.php?rest_route=\/wp\/v2\/posts"}],"about":[{"href":"https:\/\/busondakika.com.tr\/index.php?rest_route=\/wp\/v2\/types\/post"}],"author":[{"embeddable":true,"href":"https:\/\/busondakika.com.tr\/index.php?rest_route=\/wp\/v2\/users\/1"}],"replies":[{"embeddable":true,"href":"https:\/\/busondakika.com.tr\/index.php?rest_route=%2Fwp%2Fv2%2Fcomments&post=14029"}],"version-history":[{"count":1,"href":"https:\/\/busondakika.com.tr\/index.php?rest_route=\/wp\/v2\/posts\/14029\/revisions"}],"predecessor-version":[{"id":14031,"href":"https:\/\/busondakika.com.tr\/index.php?rest_route=\/wp\/v2\/posts\/14029\/revisions\/14031"}],"wp:featuredmedia":[{"embeddable":true,"href":"https:\/\/busondakika.com.tr\/index.php?rest_route=\/wp\/v2\/media\/14030"}],"wp:attachment":[{"href":"https:\/\/busondakika.com.tr\/index.php?rest_route=%2Fwp%2Fv2%2Fmedia&parent=14029"}],"wp:term":[{"taxonomy":"category","embeddable":true,"href":"https:\/\/busondakika.com.tr\/index.php?rest_route=%2Fwp%2Fv2%2Fcategories&post=14029"},{"taxonomy":"post_tag","embeddable":true,"href":"https:\/\/busondakika.com.tr\/index.php?rest_route=%2Fwp%2Fv2%2Ftags&post=14029"}],"curies":[{"name":"wp","href":"https:\/\/api.w.org\/{rel}","templated":true}]}}