{"id":14038,"date":"2026-04-30T08:19:51","date_gmt":"2026-04-30T08:19:51","guid":{"rendered":"https:\/\/busondakika.com.tr\/?p=14038"},"modified":"2026-04-30T08:19:53","modified_gmt":"2026-04-30T08:19:53","slug":"maltepede-engelleri-asan-bahara-merhaba-bulusmasi","status":"publish","type":"post","link":"https:\/\/busondakika.com.tr\/?p=14038","title":{"rendered":"Maltepe\u2019de engelleri a\u015fan \u201cBahara Merhaba\u201d bulu\u015fmas\u0131"},"content":{"rendered":"<p> Maltepe Belediyesi, 10-16 May\u0131s Engelliler Haftas\u0131 \u00f6ncesinde engelli bireyler ve ailelerini \u201cBahara Merhaba\u201d etkinli\u011finde bir araya getirdi. Seyirtepe Sosyal Tesisleri\u2019nde d\u00fczenlenen organizasyonda dostluk, m\u00fczik ve dayan\u0131\u015fma r\u00fczg\u00e2rlar\u0131 esti.<\/p>\n<p>Maltepe Belediyesi Kad\u0131n ve Aile Hizmetleri M\u00fcd\u00fcrl\u00fc\u011f\u00fc, toplumun her kesimini kucaklayan vizyonu do\u011frultusunda anlaml\u0131 bir etkinli\u011fe imza att\u0131. Her y\u0131l 10-16 May\u0131s tarihleri aras\u0131nda kutlanan Engelliler Haftas\u0131 \u00f6ncesinde d\u00fczenlenen \u201cBahara Merhaba\u201d etkinli\u011fi, Maltepe Belediyesi\u2019ne ba\u011fl\u0131 Seyirtepe Sosyal Tesisleri\u2019nin e\u015fsiz manzaras\u0131nda ger\u00e7ekle\u015ftirildi. Engelli bireyler ve aileleri ad\u0131na verilen yeme\u011fe ve devam\u0131ndaki etkinli\u011fe Maltepe Belediye Ba\u015fkan Yard\u0131mc\u0131lar\u0131 Nimet Karabulut ve \u015e\u00fckr\u00fc Ak\u00e7ada\u011f, Belediye Meclis \u00dcyeleri ve Mata\u015f A.\u015e. Genel M\u00fcd\u00fcr\u00fc Aysel Durgun da kat\u0131ld\u0131.<\/p>\n<p><b>M\u00dcZ\u0130K DOLU DAK\u0130KALAR<\/b><\/p>\n<p>Renkli anlar\u0131n ya\u015fand\u0131\u011f\u0131 etkinlikte sahne alan Bahad\u0131r Erdo\u011fdu Rehabilitasyon Merkezi Perk\u00fcsyon Grubu, sergiledi\u011fi mini konserle kat\u0131l\u0131mc\u0131lara keyifli dakikalar ya\u015fatt\u0131. Ard\u0131ndan sahneye \u00e7\u0131kan Engelsiz Ya\u015fam Derne\u011fi Perk\u00fcsyon Grubu ise davul ve \u00e7e\u015fitli enstr\u00fcmanlarla ger\u00e7ekle\u015ftirdikleri dinletiyle izleyicilerden tam not ald\u0131. Kat\u0131l\u0131mc\u0131lar, bahar\u0131n geli\u015fini hep birlikte \u015fark\u0131lar s\u00f6yleyip ritim tutarak kutlad\u0131.<\/p>\n<p><b>\u201cB\u0130RL\u0130KTE OLMAK ENGELLER\u0130 ORTADAN KALDIRIR\u201d<\/b><\/p>\n<p>Etkinli\u011fin a\u00e7\u0131l\u0131\u015f konu\u015fmas\u0131n\u0131 yapan Belediye Ba\u015fkan Yard\u0131mc\u0131s\u0131 Nimet Karabulut, Maltepe Belediyesi olarak engelli bireylerin toplumsal hayat\u0131n her alan\u0131nda g\u00f6r\u00fcn\u00fcr olmas\u0131n\u0131 \u00e7ok \u00f6nemsediklerini belirtti. Karabulut konu\u015fmas\u0131nda; \u201c\u00dcretmek g\u00fc\u00e7t\u00fcr, payla\u015fmak iyile\u015ftirir, birlikte olmak ise engelleri ortadan kald\u0131r\u0131r. Bug\u00fcn burada sizlerle ayn\u0131 sofray\u0131 payla\u015fmak bizim i\u00e7in \u00e7ok k\u0131ymetli. Maltepe\u2019yi daha eri\u015filebilir ve daha kapsay\u0131c\u0131 hale getirmek i\u00e7in yeni projelerimizle yan\u0131n\u0131zda olmaya devam edece\u011fiz.\u201d ifadelerini kulland\u0131. Karabulut konu\u015fmas\u0131nda belediyenin engelli bireyler ve ailelerine y\u00f6nelik sunduklar\u0131 hizmetler hakk\u0131nda da bilgi verdi.<\/p>\n<p><b>DESTEK VE SOSYALLE\u015eME B\u0130R ARADA<\/b><\/p>\n<p>Sadece engelli bireylerin de\u011fil, ailelerinin de sosyalle\u015febilece\u011fi alanlar yaratmay\u0131 hedefleyen Maltepe Belediyesi, bu organizasyonla bir kez daha dayan\u0131\u015fman\u0131n \u00f6nemine dikkat \u00e7ekti. Kat\u0131l\u0131mc\u0131lar, a\u00e7\u0131k havada d\u00fczenlenen bu etkinli\u011fin kendilerine b\u00fcy\u00fck moral oldu\u011funu ifade ederek belediye yetkililerine te\u015fekk\u00fcrlerini iletti.<\/p>\n<p>\u00a0<\/p>\n<p>\u00a0<\/p>\n<p>Kaynak: (BYZHA) Beyaz Haber Ajans\u0131<\/p>\n","protected":false},"excerpt":{"rendered":"<p>Maltepe Belediyesi, 10-16 May\u0131s Engelliler Haftas\u0131 \u00f6ncesinde engelli bireyler ve ailelerini \u201cBahara Merhaba\u201d etkinli\u011finde bir araya getirdi.<\/p>\n","protected":false},"author":1,"featured_media":14039,"comment_status":"open","ping_status":"open","sticky":false,"template":"","format":"standard","meta":{"footnotes":""},"categories":[20],"tags":[],"class_list":["post-14038","post","type-post","status-publish","format-standard","has-post-thumbnail","hentry","category-kultur-sanat"],"_links":{"self":[{"href":"https:\/\/busondakika.com.tr\/index.php?rest_route=\/wp\/v2\/posts\/14038","targetHints":{"allow":["GET"]}}],"collection":[{"href":"https:\/\/busondakika.com.tr\/index.php?rest_route=\/wp\/v2\/posts"}],"about":[{"href":"https:\/\/busondakika.com.tr\/index.php?rest_route=\/wp\/v2\/types\/post"}],"author":[{"embeddable":true,"href":"https:\/\/busondakika.com.tr\/index.php?rest_route=\/wp\/v2\/users\/1"}],"replies":[{"embeddable":true,"href":"https:\/\/busondakika.com.tr\/index.php?rest_route=%2Fwp%2Fv2%2Fcomments&post=14038"}],"version-history":[{"count":1,"href":"https:\/\/busondakika.com.tr\/index.php?rest_route=\/wp\/v2\/posts\/14038\/revisions"}],"predecessor-version":[{"id":14040,"href":"https:\/\/busondakika.com.tr\/index.php?rest_route=\/wp\/v2\/posts\/14038\/revisions\/14040"}],"wp:featuredmedia":[{"embeddable":true,"href":"https:\/\/busondakika.com.tr\/index.php?rest_route=\/wp\/v2\/media\/14039"}],"wp:attachment":[{"href":"https:\/\/busondakika.com.tr\/index.php?rest_route=%2Fwp%2Fv2%2Fmedia&parent=14038"}],"wp:term":[{"taxonomy":"category","embeddable":true,"href":"https:\/\/busondakika.com.tr\/index.php?rest_route=%2Fwp%2Fv2%2Fcategories&post=14038"},{"taxonomy":"post_tag","embeddable":true,"href":"https:\/\/busondakika.com.tr\/index.php?rest_route=%2Fwp%2Fv2%2Ftags&post=14038"}],"curies":[{"name":"wp","href":"https:\/\/api.w.org\/{rel}","templated":true}]}}