{"id":14044,"date":"2026-04-30T08:33:41","date_gmt":"2026-04-30T08:33:41","guid":{"rendered":"https:\/\/busondakika.com.tr\/?p=14044"},"modified":"2026-04-30T08:33:42","modified_gmt":"2026-04-30T08:33:42","slug":"baskan-eski-sabah-mesaisine-egemenlik-mahallesinde-basladi","status":"publish","type":"post","link":"https:\/\/busondakika.com.tr\/?p=14044","title":{"rendered":"Ba\u015fkan E\u015fki sabah mesaisine Egemenlik Mahallesi\u2019nde ba\u015flad\u0131"},"content":{"rendered":"<p> Bornova Belediye Ba\u015fkan\u0131\u00a0\u00d6mer E\u015fki,\u00a0Egemenlik Mahallesi\u2019nde saha incelemesi yaparak vatanda\u015flar\u0131n sorunlar\u0131n\u0131 yerinde dinledi. Ya\u011fmurda su biriken yakla\u015f\u0131k 10 sokakta kilit parke ta\u015flar\u0131 kald\u0131r\u0131larak asfalt \u00e7al\u0131\u015fmas\u0131 ba\u015flatt\u0131klar\u0131n\u0131 s\u00f6yledi. Mahallede estetik g\u00f6r\u00fcn\u00fcm i\u00e7in desenli asfalt uygulamas\u0131na ge\u00e7ilirken, \u00f6zellikle ara sokaklarda desenli asfalt \u00e7al\u0131\u015fmas\u0131n\u0131n kademeli olarak t\u00fcm Bornova\u2019ya yay\u0131lmas\u0131 hedefleniyor.<\/p>\n<p>Bornova Belediye Ba\u015fkan\u0131\u00a0\u00d6mer E\u015fki, saha \u00e7al\u0131\u015fmalar\u0131na h\u0131z kesmeden devam ediyor. Sabah\u0131n ilk \u0131\u015f\u0131klar\u0131yla mesaisine ba\u015flayan Ba\u015fkan E\u015fki\u2019nin bu kez dura\u011f\u0131\u00a0Egemenlik Mahallesi\u00a0oldu. Mahalle Muhtar\u0131\u00a0\u015eerif Ali Alt\u0131parmak\u00a0ve ilgili birim sorumlular\u0131n\u0131n e\u015flik etti\u011fi inceleme gezisinde E\u015fki, sokak sokak dola\u015farak vatanda\u015flar\u0131n sorun ve taleplerini yerinde dinledi.<\/p>\n<p>Mahallede \u00f6zellikle ya\u011f\u0131\u015fl\u0131 havalarda ya\u015fanan su birikintisi sorununa dikkat \u00e7eken Ba\u015fkan E\u015fki, altyap\u0131 ve \u00fcstyap\u0131 \u00e7al\u0131\u015fmalar\u0131n\u0131n h\u0131zla s\u00fcrd\u00fc\u011f\u00fcn\u00fc belirtti. Sorunun yo\u011fun olarak ya\u015fand\u0131\u011f\u0131 yakla\u015f\u0131k 10 sokakta kilit parke ta\u015flar\u0131n\u0131n kald\u0131r\u0131ld\u0131\u011f\u0131n\u0131 ve yerine modern asfalt uygulamas\u0131na ge\u00e7ildi\u011fini ifade etti.<\/p>\n<p><b>\u201cBornova\u2019n\u0131n her soka\u011f\u0131na ayn\u0131 \u00f6zeni g\u00f6steriyoruz\u201d<\/b><\/p>\n<p>\u00c7al\u0131\u015fmalar hakk\u0131nda bilgi veren Ba\u015fkan E\u015fki, mahalle sakinleriyle daha \u00f6nce yap\u0131lan g\u00f6r\u00fc\u015fmeler do\u011frultusunda estetik a\u00e7\u0131dan da fark yaratacak bir uygulamay\u0131 hayata ge\u00e7irdiklerini belirterek, \u201cSabah mesaimize Egemenlik Mahallesi\u2019nden ba\u015flad\u0131k. Burada yakla\u015f\u0131k 10 soka\u011f\u0131m\u0131z ya\u011fmurda su alt\u0131nda kal\u0131yordu. Kilit parke ta\u015flar\u0131n\u0131 kald\u0131rd\u0131k ve t\u00fcm sokaklara s\u0131rayla asfalt at\u0131yoruz. Muhtar\u0131m\u0131zla daha \u00f6nce konu\u015fmu\u015ftuk, bu b\u00f6lgede desenli asfalt uygulamak istedik. Mahalle sakinlerinden de olduk\u00e7a olumlu geri d\u00f6n\u00fc\u015fler al\u0131yoruz. Bug\u00fcn de \u00e7al\u0131\u015fmalar\u0131m\u0131z\u0131 s\u00fcrd\u00fcr\u00fcyoruz. Bornova\u2019n\u0131n t\u00fcm sokaklar\u0131na bu g\u00fczelli\u011fi getirene kadar durmadan \u00e7al\u0131\u015faca\u011f\u0131z.\u201d diye konu\u015ftu.<\/p>\n<p>Yap\u0131lan \u00e7al\u0131\u015fmalar\u0131n hem altyap\u0131 sorunlar\u0131n\u0131 \u00e7\u00f6zd\u00fc\u011f\u00fcn\u00fc hem de mahalleye modern bir g\u00f6r\u00fcn\u00fcm kazand\u0131rd\u0131\u011f\u0131n\u0131 vurgulayan E\u015fki, sahada olmaya ve vatanda\u015fla do\u011frudan temas kurmaya devam edeceklerini belirtti.<\/p>\n<p>\u00a0<\/p>\n<p>Kaynak: (BYZHA) Beyaz Haber Ajans\u0131<\/p>\n","protected":false},"excerpt":{"rendered":"<p>Bornova Belediye Ba\u015fkan\u0131\u00a0\u00d6mer E\u015fki,\u00a0Egemenlik Mahallesi\u2019nde saha incelemesi yaparak vatanda\u015flar\u0131n sorunlar\u0131n\u0131 yerinde dinledi.<\/p>\n","protected":false},"author":1,"featured_media":14045,"comment_status":"open","ping_status":"open","sticky":false,"template":"","format":"standard","meta":{"footnotes":""},"categories":[21],"tags":[],"class_list":["post-14044","post","type-post","status-publish","format-standard","has-post-thumbnail","hentry","category-gundem"],"_links":{"self":[{"href":"https:\/\/busondakika.com.tr\/index.php?rest_route=\/wp\/v2\/posts\/14044","targetHints":{"allow":["GET"]}}],"collection":[{"href":"https:\/\/busondakika.com.tr\/index.php?rest_route=\/wp\/v2\/posts"}],"about":[{"href":"https:\/\/busondakika.com.tr\/index.php?rest_route=\/wp\/v2\/types\/post"}],"author":[{"embeddable":true,"href":"https:\/\/busondakika.com.tr\/index.php?rest_route=\/wp\/v2\/users\/1"}],"replies":[{"embeddable":true,"href":"https:\/\/busondakika.com.tr\/index.php?rest_route=%2Fwp%2Fv2%2Fcomments&post=14044"}],"version-history":[{"count":1,"href":"https:\/\/busondakika.com.tr\/index.php?rest_route=\/wp\/v2\/posts\/14044\/revisions"}],"predecessor-version":[{"id":14046,"href":"https:\/\/busondakika.com.tr\/index.php?rest_route=\/wp\/v2\/posts\/14044\/revisions\/14046"}],"wp:featuredmedia":[{"embeddable":true,"href":"https:\/\/busondakika.com.tr\/index.php?rest_route=\/wp\/v2\/media\/14045"}],"wp:attachment":[{"href":"https:\/\/busondakika.com.tr\/index.php?rest_route=%2Fwp%2Fv2%2Fmedia&parent=14044"}],"wp:term":[{"taxonomy":"category","embeddable":true,"href":"https:\/\/busondakika.com.tr\/index.php?rest_route=%2Fwp%2Fv2%2Fcategories&post=14044"},{"taxonomy":"post_tag","embeddable":true,"href":"https:\/\/busondakika.com.tr\/index.php?rest_route=%2Fwp%2Fv2%2Ftags&post=14044"}],"curies":[{"name":"wp","href":"https:\/\/api.w.org\/{rel}","templated":true}]}}