{"id":14047,"date":"2026-04-30T08:33:43","date_gmt":"2026-04-30T08:33:43","guid":{"rendered":"https:\/\/busondakika.com.tr\/?p=14047"},"modified":"2026-04-30T08:33:44","modified_gmt":"2026-04-30T08:33:44","slug":"yanginlara-karsi-guc-birligi","status":"publish","type":"post","link":"https:\/\/busondakika.com.tr\/?p=14047","title":{"rendered":"Yang\u0131nlara Kar\u015f\u0131 G\u00fc\u00e7 Birli\u011fi"},"content":{"rendered":"<p> <b>\u00c7ankaya Belediyesi Arama Kurtarma ekibi \u201c\u00c7ABUK\u201d g\u00f6n\u00fcll\u00fcleri, Orman Genel M\u00fcd\u00fcrl\u00fc\u011f\u00fc koordinasyonunda d\u00fczenlenen orman yang\u0131nlar\u0131yla m\u00fccadele e\u011fitimine kat\u0131ld\u0131.<\/b><\/p>\n<p>\u00c7ankaya Belediyesi\u2019nin arama kurtarma ekibi \u00c7ABUK g\u00f6n\u00fcll\u00fcleri, Orman Genel M\u00fcd\u00fcrl\u00fc\u011f\u00fc b\u00fcnyesinde faaliyet g\u00f6steren Orman Yang\u0131nlar\u0131yla M\u00fccadele Dairesi Ba\u015fkanl\u0131\u011f\u0131 e\u011fitmenlerince yang\u0131nlara kar\u015f\u0131 bilin\u00e7li, h\u0131zl\u0131 ve etkili m\u00fcdahale edebilme kapasitesini art\u0131rmaya y\u00f6nelik e\u011fitimden ge\u00e7ti.<\/p>\n<p>Afet \u0130\u015fleri ve Risk Y\u00f6netimi M\u00fcd\u00fcrl\u00fc\u011f\u00fc b\u00fcnyesinde faaliyet g\u00f6steren \u00c7ABUK, Ankara B\u00f6lge M\u00fcd\u00fcrl\u00fc\u011f\u00fc\u2019nde alan\u0131nda uzman e\u011fitmenler e\u015fli\u011finde ger\u00e7ekle\u015ftirilen kapsaml\u0131 programda; yang\u0131nlara kar\u015f\u0131 bilin\u00e7li, h\u0131zl\u0131 ve etkili m\u00fcdahale edebilme kapasitesini geli\u015ftirdi. Teorik e\u011fitimlerde g\u00f6n\u00fcll\u00fcler; yang\u0131n davran\u0131\u015flar\u0131, ilk m\u00fcdahale teknikleri, ekip koordinasyonu ve kriz y\u00f6netimi gibi kritik ba\u015fl\u0131klarda bilgi sahibi oldu.<\/p>\n<p>\u00a0<\/p>\n<p>Kaynak: (BYZHA) Beyaz Haber Ajans\u0131<\/p>\n","protected":false},"excerpt":{"rendered":"<p>\u00c7ankaya Belediyesi Arama Kurtarma ekibi \u201c\u00c7ABUK\u201d g\u00f6n\u00fcll\u00fcleri, Orman Genel M\u00fcd\u00fcrl\u00fc\u011f\u00fc koordinasyonunda d\u00fczenlenen orman yang\u0131nlar\u0131yla m\u00fccadele e\u011fitimine kat\u0131ld\u0131.<\/p>\n","protected":false},"author":1,"featured_media":14048,"comment_status":"open","ping_status":"open","sticky":false,"template":"","format":"standard","meta":{"footnotes":""},"categories":[21],"tags":[],"class_list":["post-14047","post","type-post","status-publish","format-standard","has-post-thumbnail","hentry","category-gundem"],"_links":{"self":[{"href":"https:\/\/busondakika.com.tr\/index.php?rest_route=\/wp\/v2\/posts\/14047","targetHints":{"allow":["GET"]}}],"collection":[{"href":"https:\/\/busondakika.com.tr\/index.php?rest_route=\/wp\/v2\/posts"}],"about":[{"href":"https:\/\/busondakika.com.tr\/index.php?rest_route=\/wp\/v2\/types\/post"}],"author":[{"embeddable":true,"href":"https:\/\/busondakika.com.tr\/index.php?rest_route=\/wp\/v2\/users\/1"}],"replies":[{"embeddable":true,"href":"https:\/\/busondakika.com.tr\/index.php?rest_route=%2Fwp%2Fv2%2Fcomments&post=14047"}],"version-history":[{"count":1,"href":"https:\/\/busondakika.com.tr\/index.php?rest_route=\/wp\/v2\/posts\/14047\/revisions"}],"predecessor-version":[{"id":14049,"href":"https:\/\/busondakika.com.tr\/index.php?rest_route=\/wp\/v2\/posts\/14047\/revisions\/14049"}],"wp:featuredmedia":[{"embeddable":true,"href":"https:\/\/busondakika.com.tr\/index.php?rest_route=\/wp\/v2\/media\/14048"}],"wp:attachment":[{"href":"https:\/\/busondakika.com.tr\/index.php?rest_route=%2Fwp%2Fv2%2Fmedia&parent=14047"}],"wp:term":[{"taxonomy":"category","embeddable":true,"href":"https:\/\/busondakika.com.tr\/index.php?rest_route=%2Fwp%2Fv2%2Fcategories&post=14047"},{"taxonomy":"post_tag","embeddable":true,"href":"https:\/\/busondakika.com.tr\/index.php?rest_route=%2Fwp%2Fv2%2Ftags&post=14047"}],"curies":[{"name":"wp","href":"https:\/\/api.w.org\/{rel}","templated":true}]}}