{"id":14050,"date":"2026-04-30T08:33:44","date_gmt":"2026-04-30T08:33:44","guid":{"rendered":"https:\/\/busondakika.com.tr\/?p=14050"},"modified":"2026-04-30T08:33:45","modified_gmt":"2026-04-30T08:33:45","slug":"baskan-buyukakin-81-ilden-itfaiye-erleri-ile-bir-araya-geldi","status":"publish","type":"post","link":"https:\/\/busondakika.com.tr\/?p=14050","title":{"rendered":"Ba\u015fkan B\u00fcy\u00fckak\u0131n, 81 ilden  itfaiye erleri ile bir araya geldi"},"content":{"rendered":"<p> Kocaeli B\u00fcy\u00fck\u015fehir Belediye Ba\u015fkan\u0131 Tahir B\u00fcy\u00fckak\u0131n, \u0130tfaiye \u0130sti\u015fare Toplant\u0131s\u0131 ve \u0130tfaiye Ekipmanlar\u0131 Tan\u0131t\u0131m Program\u0131\u2019nda itfaiye erleri ile bir araya geldi. Ba\u015fkan B\u00fcy\u00fckak\u0131n, \u201c\u00c7ok k\u0131ymetli bir i\u015f yap\u0131yorsunuz\u201d diyerek itfaiye te\u015fkilat\u0131n\u0131 \u00f6vd\u00fc.<\/p>\n<p><b>TOPLANTI \u00dc\u00c7 G\u00dcN S\u00dcRECEK<\/b><\/p>\n<p>Kocaeli B\u00fcy\u00fck\u015fehir Belediyesi ile T\u00fcm \u0130tfaiyeciler Birli\u011fi Derne\u011fi\u2019nin birlikte d\u00fczenledi\u011fi \u201c\u0130tfaiye \u0130sti\u015fare Toplant\u0131s\u0131 ve \u0130tfaiye Ekipmanlar\u0131 Tan\u0131t\u0131m Program\u0131\u201d Kartepe Dedeman Otel\u2019de devam ediyor. Ba\u015fkan Tahir B\u00fcy\u00fckak\u0131n, bug\u00fcn sona erecek programa kat\u0131ld\u0131. Kartepe Dedeman Otel\u2019deki programa Kartepe Belediye Ba\u015fkan\u0131 Mustafa Kocaman, AK Parti Kartepe \u0130l\u00e7e Ba\u015fkan\u0131 Murat Y\u0131lmaz, \u00c7evre \u015eehircilik ve \u0130klim De\u011fi\u015fikli\u011fi Bakanl\u0131\u011f\u0131 Daire Ba\u015fkan\u0131 H\u00fcseyin Nam\u0131k Sand\u0131k\u00e7\u0131, AFAD Ba\u015fkanl\u0131\u011f\u0131 Kaynak Y\u00f6netimi Grup Ba\u015fkan\u0131 Ramazan Beyceo\u011flu, T\u00fcm \u0130tfaiyeciler Birli\u011fi Derne\u011fi (T\u0130BDER) Genel Ba\u015fkan\u0131 Mehmet Olcay Bal ve 81 ilden itfaiye te\u015fkilatlar\u0131n\u0131n y\u00f6neticileri kat\u0131ld\u0131.<\/p>\n<p><b>\u201cHEP\u0130N\u0130Z B\u0130RER KAHRAMANSINIZ\u201d<\/b><\/p>\n<p>\u0130tfaiye erlerini \u201cKahramanlar\u201d olarak selamlayan Ba\u015fkan B\u00fcy\u00fckak\u0131n, \u00e7ok \u00f6nemli bir i\u015f yapt\u0131klar\u0131n\u0131 vurgulad\u0131, \u201cKahramanca ate\u015fin i\u00e7ine kendini atmak \u00e7ok k\u0131ymetli bir \u015fey. Ama ate\u015fle nas\u0131l m\u00fccadele edece\u011fini bilmek de k\u0131ymetli\u201d dedi. T\u00fcrkiye&#8217;deki b\u00fct\u00fcn itfaiye te\u015fkilatlar\u0131n\u0131n birbirine a\u011flar ile ba\u011fl\u0131 olmas\u0131 gerekti\u011fini belirten Ba\u015fkan B\u00fcy\u00fckak\u0131n, \u201c\u00dcniversitelerdeki de\u011fi\u015fim programlar\u0131n\u0131n benzerini, itfaiye te\u015fkilatlar\u0131 da kendi aralar\u0131nda uygulayabilir.<\/p>\n<p><b>\u201c\u0130LET\u0130\u015e\u0130M ALT YAPISI SA\u011eLAM OLMALI\u201d<\/b><\/p>\n<p>\u0130tfaiye te\u015fkilatlar\u0131n\u0131n haberle\u015fme sistemleri de olmal\u0131 ve sorunsuz i\u015flemeli. Afet anlar\u0131nda bu altyap\u0131n\u0131n \u00e7al\u0131\u015fmas\u0131 \u00e7ok ama \u00e7ok \u00f6nemli. Bunlar\u0131n her biri asl\u0131nda meselenin birden fazla boyutunun oldu\u011funu, disiplinler aras\u0131 bir konu oldu\u011funu ve bunlar\u0131n hep birlikte \u00e7al\u0131\u015fmas\u0131 gerekti\u011fini g\u00f6steriyor. Te\u015fkilatla ilgili \u00e7al\u0131\u015fmalar\u0131n\u0131zda, \u00fcniversitelerden de destek alabilirsiniz\u201d dedi.<\/p>\n<p><b>\u201cN\u00dcFUSUMUZ HER YIL ARTIYOR\u201d<\/b><\/p>\n<p>\u015eehirlerde ya\u015fayan n\u00fcfusun her y\u0131l artt\u0131\u011f\u0131n\u0131 vurgulayan Ba\u015fkan B\u00fcy\u00fckak\u0131n, Kocaeli\u2019yi \u00f6rnek g\u00f6sterdi. \u201cSadece biz, ge\u00e7ti\u011fimiz sene 70 bin ki\u015fi g\u00f6\u00e7 alm\u0131\u015f\u0131z\u201d diyen B\u00fcy\u00fckak\u0131n, \u201cN\u00fcfusumuz, her y\u0131l bir il kadar art\u0131yor. Bu da baz\u0131 sorunlar\u0131 beraberinde getirebiliyor. Ancak biz \u00e7ok \u00e7al\u0131\u015farak bu sorunlar\u0131n \u00fcstesinden geliyoruz. \u0130tfaiye te\u015fkilat\u0131m\u0131z da her y\u0131l kendini geli\u015ftiriyor\u201d ifadesini kulland\u0131. Konu\u015fmas\u0131n\u0131n ard\u0131ndan Ba\u015fkan B\u00fcy\u00fckak\u0131n\u2019a, itfaiye erlerinin kulland\u0131\u011f\u0131 yang\u0131n koruyucu elbise hediye edildi.<\/p>\n<p>\u00a0<\/p>\n<p>Kaynak: (BYZHA) Beyaz Haber Ajans\u0131<\/p>\n","protected":false},"excerpt":{"rendered":"<p>Kocaeli B\u00fcy\u00fck\u015fehir Belediye Ba\u015fkan\u0131 Tahir B\u00fcy\u00fckak\u0131n, \u0130tfaiye \u0130sti\u015fare Toplant\u0131s\u0131 ve \u0130tfaiye Ekipmanlar\u0131 Tan\u0131t\u0131m Program\u0131\u2019nda itfaiye erleri ile bir araya geldi.<\/p>\n","protected":false},"author":1,"featured_media":14051,"comment_status":"open","ping_status":"open","sticky":false,"template":"","format":"standard","meta":{"footnotes":""},"categories":[21],"tags":[],"class_list":["post-14050","post","type-post","status-publish","format-standard","has-post-thumbnail","hentry","category-gundem"],"_links":{"self":[{"href":"https:\/\/busondakika.com.tr\/index.php?rest_route=\/wp\/v2\/posts\/14050","targetHints":{"allow":["GET"]}}],"collection":[{"href":"https:\/\/busondakika.com.tr\/index.php?rest_route=\/wp\/v2\/posts"}],"about":[{"href":"https:\/\/busondakika.com.tr\/index.php?rest_route=\/wp\/v2\/types\/post"}],"author":[{"embeddable":true,"href":"https:\/\/busondakika.com.tr\/index.php?rest_route=\/wp\/v2\/users\/1"}],"replies":[{"embeddable":true,"href":"https:\/\/busondakika.com.tr\/index.php?rest_route=%2Fwp%2Fv2%2Fcomments&post=14050"}],"version-history":[{"count":1,"href":"https:\/\/busondakika.com.tr\/index.php?rest_route=\/wp\/v2\/posts\/14050\/revisions"}],"predecessor-version":[{"id":14052,"href":"https:\/\/busondakika.com.tr\/index.php?rest_route=\/wp\/v2\/posts\/14050\/revisions\/14052"}],"wp:featuredmedia":[{"embeddable":true,"href":"https:\/\/busondakika.com.tr\/index.php?rest_route=\/wp\/v2\/media\/14051"}],"wp:attachment":[{"href":"https:\/\/busondakika.com.tr\/index.php?rest_route=%2Fwp%2Fv2%2Fmedia&parent=14050"}],"wp:term":[{"taxonomy":"category","embeddable":true,"href":"https:\/\/busondakika.com.tr\/index.php?rest_route=%2Fwp%2Fv2%2Fcategories&post=14050"},{"taxonomy":"post_tag","embeddable":true,"href":"https:\/\/busondakika.com.tr\/index.php?rest_route=%2Fwp%2Fv2%2Ftags&post=14050"}],"curies":[{"name":"wp","href":"https:\/\/api.w.org\/{rel}","templated":true}]}}