{"id":14056,"date":"2026-04-30T08:33:54","date_gmt":"2026-04-30T08:33:54","guid":{"rendered":"https:\/\/busondakika.com.tr\/?p=14056"},"modified":"2026-04-30T08:33:55","modified_gmt":"2026-04-30T08:33:55","slug":"maltepeliler-hem-dogayla-hem-de-kultur-ve-sanatla-dolu-bir-gun-gecirdi","status":"publish","type":"post","link":"https:\/\/busondakika.com.tr\/?p=14056","title":{"rendered":"Maltepeliler hem do\u011fayla hem de k\u00fclt\u00fcr ve sanatla dolu bir g\u00fcn ge\u00e7irdi"},"content":{"rendered":"<p> Maltepe Belediyesi\u2019nin \u00fccretsiz bahar gezileri kapsam\u0131nda Maltepeliler, \u0130stanbul\u2019un simge noktalar\u0131nda do\u011fa ve k\u00fclt\u00fcrle i\u00e7 i\u00e7e keyifli bir g\u00fcn ge\u00e7irdi.<\/p>\n<p>Maltepe Belediyesi, sosyal belediyecilik anlay\u0131\u015f\u0131 do\u011frultusunda d\u00fczenledi\u011fi \u00fccretsiz bahar gezileriyle vatanda\u015flar\u0131 kentin tarihi ve do\u011fal g\u00fczellikleriyle bulu\u015fturmaya devam ediyor. Bu kapsamda Maltepeliler, \u0130stanbul\u2019un \u00f6ne \u00e7\u0131kan duraklar\u0131ndan Japon Bah\u00e7esi, A\u015fiyan M\u00fczesi ve Emirgan Korusu\u2019nu ziyaret etti. Gezide Maltepeliler, \u0130stanbul Bo\u011faz\u0131\u2019n\u0131n e\u015fsiz manzaras\u0131 e\u015fli\u011finde hem do\u011fayla i\u00e7 i\u00e7e vakit ge\u00e7irdi hem de kentin k\u00fclt\u00fcrel miras\u0131n\u0131 g\u00f6rme f\u0131rsat\u0131 buldu. Rehberler e\u015fli\u011finde yap\u0131lan gezilerde, ziyaret edilen noktalar\u0131n tarihi ve k\u00fclt\u00fcrel \u00f6zellikleri hakk\u0131nda da bilgilendirme yap\u0131ld\u0131.<\/p>\n<p>\u00a0<\/p>\n<p>Kaynak: (BYZHA) Beyaz Haber Ajans\u0131<\/p>\n","protected":false},"excerpt":{"rendered":"<p>Maltepe Belediyesi\u2019nin \u00fccretsiz bahar gezileri kapsam\u0131nda Maltepeliler, \u0130stanbul\u2019un simge noktalar\u0131nda do\u011fa ve k\u00fclt\u00fcrle i\u00e7 i\u00e7e keyifli bir g\u00fcn ge\u00e7irdi.<\/p>\n","protected":false},"author":1,"featured_media":14057,"comment_status":"open","ping_status":"open","sticky":false,"template":"","format":"standard","meta":{"footnotes":""},"categories":[20],"tags":[],"class_list":["post-14056","post","type-post","status-publish","format-standard","has-post-thumbnail","hentry","category-kultur-sanat"],"_links":{"self":[{"href":"https:\/\/busondakika.com.tr\/index.php?rest_route=\/wp\/v2\/posts\/14056","targetHints":{"allow":["GET"]}}],"collection":[{"href":"https:\/\/busondakika.com.tr\/index.php?rest_route=\/wp\/v2\/posts"}],"about":[{"href":"https:\/\/busondakika.com.tr\/index.php?rest_route=\/wp\/v2\/types\/post"}],"author":[{"embeddable":true,"href":"https:\/\/busondakika.com.tr\/index.php?rest_route=\/wp\/v2\/users\/1"}],"replies":[{"embeddable":true,"href":"https:\/\/busondakika.com.tr\/index.php?rest_route=%2Fwp%2Fv2%2Fcomments&post=14056"}],"version-history":[{"count":1,"href":"https:\/\/busondakika.com.tr\/index.php?rest_route=\/wp\/v2\/posts\/14056\/revisions"}],"predecessor-version":[{"id":14058,"href":"https:\/\/busondakika.com.tr\/index.php?rest_route=\/wp\/v2\/posts\/14056\/revisions\/14058"}],"wp:featuredmedia":[{"embeddable":true,"href":"https:\/\/busondakika.com.tr\/index.php?rest_route=\/wp\/v2\/media\/14057"}],"wp:attachment":[{"href":"https:\/\/busondakika.com.tr\/index.php?rest_route=%2Fwp%2Fv2%2Fmedia&parent=14056"}],"wp:term":[{"taxonomy":"category","embeddable":true,"href":"https:\/\/busondakika.com.tr\/index.php?rest_route=%2Fwp%2Fv2%2Fcategories&post=14056"},{"taxonomy":"post_tag","embeddable":true,"href":"https:\/\/busondakika.com.tr\/index.php?rest_route=%2Fwp%2Fv2%2Ftags&post=14056"}],"curies":[{"name":"wp","href":"https:\/\/api.w.org\/{rel}","templated":true}]}}