{"id":14068,"date":"2026-04-30T08:40:45","date_gmt":"2026-04-30T08:40:45","guid":{"rendered":"https:\/\/busondakika.com.tr\/?p=14068"},"modified":"2026-04-30T08:40:46","modified_gmt":"2026-04-30T08:40:46","slug":"bucada-engelsiz-ulasim-hizmeti-yenilendi","status":"publish","type":"post","link":"https:\/\/busondakika.com.tr\/?p=14068","title":{"rendered":"Buca\u2019da engelsiz ula\u015f\u0131m hizmeti yenilendi"},"content":{"rendered":"<p> Buca Belediyesi, engelli vatanda\u015flar\u0131n g\u00fcnl\u00fck ya\u015fam\u0131n\u0131 kolayla\u015ft\u0131ran hizmetlerini g\u00fc\u00e7lendirmeye devam ediyor. \u015eirinyer\u2019de bulunan \u00d6zel Gereksinimli Bireyler Dan\u0131\u015fma ve Koordinasyon Merkezi b\u00fcnyesine ta\u015f\u0131narak yenilenen Engelsiz Tamir At\u00f6lyesi, art\u0131k daha eri\u015filebilir ve donan\u0131ml\u0131 bir yap\u0131yla hizmet veriyor. Buca Belediye Ba\u015fkan\u0131 Mimar G\u00f6rkem Duman, \u201cAmac\u0131m\u0131z, engelli vatanda\u015flar\u0131m\u0131z\u0131n sosyal hayata kat\u0131l\u0131m\u0131n\u0131n \u00f6n\u00fcndeki fiziksel bariyerleri bir bir y\u0131kmak\u201d dedi.<\/p>\n<p>Buca Belediyesi, sosyal belediyecilik anlay\u0131\u015f\u0131yla s\u00fcrd\u00fcrd\u00fc\u011f\u00fc \u00e7al\u0131\u015fmalar kapsam\u0131nda Engelsiz Tamir At\u00f6lyesi\u2019ni \u015eirinyer\u2019deki merkezine ta\u015f\u0131yarak hizmet kapasitesini art\u0131rd\u0131. Yenilenen at\u00f6lyede, ak\u00fcl\u00fc ve manuel tekerlekli sandalyelerin bak\u0131m ve onar\u0131mlar\u0131 titizlikle ger\u00e7ekle\u015ftirilirken, vatanda\u015flar\u0131n hizmete daha h\u0131zl\u0131 ve kolay eri\u015fmesi sa\u011flan\u0131yor. Vatanda\u015flar, ihtiya\u00e7 duymalar\u0131 halinde\u00a00232 439 10 10\u00a0numaral\u0131 telefondan d\u00e2hil\u00ee 1902\u2019yi tu\u015flayarak hizmetten faydalanabiliyor.<\/p>\n<p>E\u015e\u0130T YA\u015eAM HAKKI G\u00dc\u00c7LEND\u0130R\u0130L\u0130YOR<\/p>\n<p>Kentin her noktas\u0131nda e\u015fit ya\u015fam hakk\u0131n\u0131 g\u00fc\u00e7lendirmeyi hedeflediklerini belirten Ba\u015fkan G\u00f6rkem Duman, \u201cTemel vizyonumuz, her bireyin toplumsal hayata e\u015fit kat\u0131l\u0131m sa\u011flad\u0131\u011f\u0131 bir kent in\u015fa etmek. Bu anlay\u0131\u015fla, hizmetlerimizi daha eri\u015filebilir hale getiriyor, vatanda\u015flar\u0131m\u0131z\u0131n ya\u015fam\u0131n\u0131 kolayla\u015ft\u0131racak ad\u0131mlar\u0131 kararl\u0131l\u0131kla at\u0131yoruz. \u015eirinyer\u2019deki merkezimize ta\u015f\u0131yarak yeniledi\u011fimiz bu hizmetle, kom\u015fular\u0131m\u0131z\u0131n ihtiya\u00e7 duyduklar\u0131 deste\u011fe daha h\u0131zl\u0131 ula\u015fmalar\u0131n\u0131 sa\u011fl\u0131yoruz. Hedefimiz herkesin \u00f6zg\u00fcrce hareket edebildi\u011fi, engelsiz bir Buca\u2019y\u0131 kal\u0131c\u0131 hale getirmek\u201d diye konu\u015ftu.<\/p>\n<p>\u00a0<\/p>\n<p>Kaynak: (BYZHA) Beyaz Haber Ajans\u0131<\/p>\n","protected":false},"excerpt":{"rendered":"<p>Buca Belediyesi, engelli vatanda\u015flar\u0131n g\u00fcnl\u00fck ya\u015fam\u0131n\u0131 kolayla\u015ft\u0131ran hizmetlerini g\u00fc\u00e7lendirmeye devam ediyor.<\/p>\n","protected":false},"author":1,"featured_media":14069,"comment_status":"open","ping_status":"open","sticky":false,"template":"","format":"standard","meta":{"footnotes":""},"categories":[21],"tags":[],"class_list":["post-14068","post","type-post","status-publish","format-standard","has-post-thumbnail","hentry","category-gundem"],"_links":{"self":[{"href":"https:\/\/busondakika.com.tr\/index.php?rest_route=\/wp\/v2\/posts\/14068","targetHints":{"allow":["GET"]}}],"collection":[{"href":"https:\/\/busondakika.com.tr\/index.php?rest_route=\/wp\/v2\/posts"}],"about":[{"href":"https:\/\/busondakika.com.tr\/index.php?rest_route=\/wp\/v2\/types\/post"}],"author":[{"embeddable":true,"href":"https:\/\/busondakika.com.tr\/index.php?rest_route=\/wp\/v2\/users\/1"}],"replies":[{"embeddable":true,"href":"https:\/\/busondakika.com.tr\/index.php?rest_route=%2Fwp%2Fv2%2Fcomments&post=14068"}],"version-history":[{"count":1,"href":"https:\/\/busondakika.com.tr\/index.php?rest_route=\/wp\/v2\/posts\/14068\/revisions"}],"predecessor-version":[{"id":14070,"href":"https:\/\/busondakika.com.tr\/index.php?rest_route=\/wp\/v2\/posts\/14068\/revisions\/14070"}],"wp:featuredmedia":[{"embeddable":true,"href":"https:\/\/busondakika.com.tr\/index.php?rest_route=\/wp\/v2\/media\/14069"}],"wp:attachment":[{"href":"https:\/\/busondakika.com.tr\/index.php?rest_route=%2Fwp%2Fv2%2Fmedia&parent=14068"}],"wp:term":[{"taxonomy":"category","embeddable":true,"href":"https:\/\/busondakika.com.tr\/index.php?rest_route=%2Fwp%2Fv2%2Fcategories&post=14068"},{"taxonomy":"post_tag","embeddable":true,"href":"https:\/\/busondakika.com.tr\/index.php?rest_route=%2Fwp%2Fv2%2Ftags&post=14068"}],"curies":[{"name":"wp","href":"https:\/\/api.w.org\/{rel}","templated":true}]}}