{"id":14074,"date":"2026-04-30T08:49:26","date_gmt":"2026-04-30T08:49:26","guid":{"rendered":"https:\/\/busondakika.com.tr\/?p=14074"},"modified":"2026-04-30T08:49:27","modified_gmt":"2026-04-30T08:49:27","slug":"altyapi-sonrasi-sirasogutlerde-yollar-yenileniyor","status":"publish","type":"post","link":"https:\/\/busondakika.com.tr\/?p=14074","title":{"rendered":"Altyap\u0131 sonras\u0131 S\u0131ras\u00f6\u011f\u00fctler\u2019de yollar yenileniyor"},"content":{"rendered":"<p> Kocaeli B\u00fcy\u00fck\u015fehir Belediyesi, altyap\u0131 \u00e7al\u0131\u015fmalar\u0131 nedeniyle bozulan yollarda yenileme \u00e7al\u0131\u015fmalar\u0131n\u0131 s\u00fcrd\u00fcr\u00fcyor. Bu kapsamda Dar\u0131ca il\u00e7esi S\u0131ras\u00f6\u011f\u00fctler Mahallesi\u2019nde \u0130SU Genel M\u00fcd\u00fcrl\u00fc\u011f\u00fc\u2019n\u00fcn altyap\u0131 \u00e7al\u0131\u015fmalar\u0131 sonras\u0131 zarar g\u00f6ren sokaklarda \u00fcstyap\u0131 yenileme \u00e7al\u0131\u015fmalar\u0131 ger\u00e7ekle\u015ftiriliyor.<\/p>\n<p><b>B\u0130N 300 METRE \u00dcSTYAPI YEN\u0130LENECEK<\/b><\/p>\n<p>\u0130SU Genel M\u00fcd\u00fcrl\u00fc\u011f\u00fc taraf\u0131ndan Dar\u0131ca il\u00e7esi S\u0131ras\u00f6\u011f\u00fctler Mahallesi\u2019nde ger\u00e7ekle\u015ftirilen altyap\u0131 \u00e7al\u0131\u015fmalar\u0131 nedeniyle bir\u00e7ok sokakta yol konforu olumsuz etkilendi. Altyap\u0131 \u00e7al\u0131\u015fmalar\u0131n\u0131n tamamlanmas\u0131n\u0131n ard\u0131ndan h\u0131zla harekete ge\u00e7en Kocaeli B\u00fcy\u00fck\u015fehir Belediyesi ekipleri, 1668 ve 1669 Sokaklarda \u00fcstyap\u0131 yenileme \u00e7al\u0131\u015fmalar\u0131na ba\u015flad\u0131. Yap\u0131lacak \u00e7al\u0131\u015fmalar kapsam\u0131nda mahallede toplam 1.300 metre \u00fcstyap\u0131 yenilemesi ger\u00e7ekle\u015ftirilecek.<\/p>\n<p><b>2 B\u0130N 200 TON ASFALT SER\u0130LECEK<\/b><\/p>\n<p>Altyap\u0131 \u00e7al\u0131\u015fmalar\u0131n\u0131n ard\u0131ndan vatanda\u015flar\u0131n ma\u011fduriyet ya\u015famamas\u0131na \u00f6zen g\u00f6steren B\u00fcy\u00fck\u015fehir Belediyesi, bu s\u00fcre\u00e7lerin hemen sonras\u0131nda yol yenileme \u00e7al\u0131\u015fmalar\u0131n\u0131 da ger\u00e7ekle\u015ftiriyor. S\u0131ras\u00f6\u011f\u00fctler Mahallesi\u2019nde y\u00fcr\u00fct\u00fclen \u00fcstyap\u0131 yenileme \u00e7al\u0131\u015fmalar\u0131 kapsam\u0131nda toplam 5 bin ton PMT ve 2 bin 200 ton binder asfalt serimi yap\u0131lacak.<\/p>\n<p>\u00a0<\/p>\n<p>\u00a0<\/p>\n<p>Kaynak: (BYZHA) Beyaz Haber Ajans\u0131<\/p>\n","protected":false},"excerpt":{"rendered":"<p>Kocaeli B\u00fcy\u00fck\u015fehir Belediyesi, altyap\u0131 \u00e7al\u0131\u015fmalar\u0131 nedeniyle bozulan yollarda yenileme \u00e7al\u0131\u015fmalar\u0131n\u0131 s\u00fcrd\u00fcr\u00fcyor.<\/p>\n","protected":false},"author":1,"featured_media":14075,"comment_status":"open","ping_status":"open","sticky":false,"template":"","format":"standard","meta":{"footnotes":""},"categories":[21],"tags":[],"class_list":["post-14074","post","type-post","status-publish","format-standard","has-post-thumbnail","hentry","category-gundem"],"_links":{"self":[{"href":"https:\/\/busondakika.com.tr\/index.php?rest_route=\/wp\/v2\/posts\/14074","targetHints":{"allow":["GET"]}}],"collection":[{"href":"https:\/\/busondakika.com.tr\/index.php?rest_route=\/wp\/v2\/posts"}],"about":[{"href":"https:\/\/busondakika.com.tr\/index.php?rest_route=\/wp\/v2\/types\/post"}],"author":[{"embeddable":true,"href":"https:\/\/busondakika.com.tr\/index.php?rest_route=\/wp\/v2\/users\/1"}],"replies":[{"embeddable":true,"href":"https:\/\/busondakika.com.tr\/index.php?rest_route=%2Fwp%2Fv2%2Fcomments&post=14074"}],"version-history":[{"count":1,"href":"https:\/\/busondakika.com.tr\/index.php?rest_route=\/wp\/v2\/posts\/14074\/revisions"}],"predecessor-version":[{"id":14076,"href":"https:\/\/busondakika.com.tr\/index.php?rest_route=\/wp\/v2\/posts\/14074\/revisions\/14076"}],"wp:featuredmedia":[{"embeddable":true,"href":"https:\/\/busondakika.com.tr\/index.php?rest_route=\/wp\/v2\/media\/14075"}],"wp:attachment":[{"href":"https:\/\/busondakika.com.tr\/index.php?rest_route=%2Fwp%2Fv2%2Fmedia&parent=14074"}],"wp:term":[{"taxonomy":"category","embeddable":true,"href":"https:\/\/busondakika.com.tr\/index.php?rest_route=%2Fwp%2Fv2%2Fcategories&post=14074"},{"taxonomy":"post_tag","embeddable":true,"href":"https:\/\/busondakika.com.tr\/index.php?rest_route=%2Fwp%2Fv2%2Ftags&post=14074"}],"curies":[{"name":"wp","href":"https:\/\/api.w.org\/{rel}","templated":true}]}}