{"id":14077,"date":"2026-04-30T08:49:41","date_gmt":"2026-04-30T08:49:41","guid":{"rendered":"https:\/\/busondakika.com.tr\/?p=14077"},"modified":"2026-04-30T08:49:42","modified_gmt":"2026-04-30T08:49:42","slug":"mersinin-futbol-ussu-yenisehir","status":"publish","type":"post","link":"https:\/\/busondakika.com.tr\/?p=14077","title":{"rendered":"Mersin\u2019in futbol \u00fcss\u00fc: Yeni\u015fehir!"},"content":{"rendered":"<p> Mersin U-15 Ligi\u2019nde \u015fampiyon olan Yeni\u015fehir Belediyesi Spor Kul\u00fcb\u00fc U-15 tak\u0131m\u0131, Mersin\u2019i T\u00fcrkiye \u015eampiyonas\u0131\u2019nda temsil etmeye hak kazand\u0131. Yeni\u015fehir\u2019in y\u0131ld\u0131zlar\u0131 \u00f6n\u00fcm\u00fczdeki g\u00fcnlerde ba\u015flayacak olan T\u00fcrkiye \u015eampiyonas\u0131\u2019nda Mersin\u2019i zirveye ta\u015f\u0131mak i\u00e7in sahaya \u00e7\u0131kacak.<br \/>Mersin U-15 Ligi\u2019nde \u015fampiyonlu\u011fa ula\u015fan Yeni\u015fehir Belediyesi Spor Kul\u00fcb\u00fc U-15 tak\u0131m\u0131, elde etti\u011fi ba\u015far\u0131yla T\u00fcrkiye \u015eampiyonas\u0131\u2019nda Mersin\u2019i temsil etme hakk\u0131 kazand\u0131. Altyap\u0131ya yapt\u0131\u011f\u0131 yat\u0131r\u0131mlarla dikkat \u00e7eken kul\u00fcp, son y\u0131llarda yakalad\u0131\u011f\u0131 istikrarl\u0131 ba\u015far\u0131 grafi\u011fini bu sezon da s\u00fcrd\u00fcrd\u00fc.<br \/>\u015eAH\u0130N: \u201cMERS\u0130N FUTBOLUNDA S\u00d6Z SAH\u0130B\u0130Y\u0130Z\u201d\u00a0<br \/>Konu ile ilgili a\u00e7\u0131klama yapan Kul\u00fcp Ba\u015fkan\u0131 Sedat \u015eahin, \u201cBelediye ba\u015fkan\u0131m\u0131z Abdullah \u00d6zyi\u011fit\u2019in destekleriyle kurulan kul\u00fcb\u00fcm\u00fcz k\u0131sa s\u00fcrede Mersin futbolunda \u00f6zellikle altyap\u0131larda s\u00f6z sahibi olmaya devam ediyor. \u00d6nceki senelerde de 4 kategoride Mersin \u015fampiyonu olarak \u015fehrimizi en iyi \u015fekilde temsil ettik. Bu sene de Mersin\u2019imizi en iyi \u015fekilde temsil edece\u011fimizden kimsenin \u015f\u00fcphesi olmas\u0131n. Eme\u011fi ge\u00e7en y\u00f6netim kurulumuza, futbolcular\u0131m\u0131za ve antren\u00f6rlerimize te\u015fekk\u00fcr ediyorum tabi ki en b\u00fcy\u00fck te\u015fekk\u00fcr\u00fc bizlere bu imkanlar\u0131 sunan belediye ba\u015fkan\u0131m\u0131z Abdullah \u00d6zyi\u011fit\u2019e ediyoruz.\u201d dedi.\u00a0<br \/>G\u00dcNAL: \u201cBA\u015eARININ ARKASINDA \u00c7OK B\u00dcY\u00dcK EMEK VE ALIN TER\u0130 VAR\u201d<br \/>Yeni\u015fehir Belediyesi Gen\u00e7lik ve Spor Hizmetleri M\u00fcd\u00fcr\u00fc \u0130nan G\u00fcnal ise \u201cBa\u015far\u0131 tesad\u00fcf de\u011fildir, arkas\u0131nda b\u00fcy\u00fck bir emek, al\u0131n teri, disiplin ve g\u00fc\u00e7l\u00fc bir inan\u00e7 var. 600 sporcudan olu\u015fan dev bir aile olarak, sistemin kusursuz i\u015flemesi i\u00e7in profesyonel bir program dahilinde \u00fcretmeye devam ediyoruz. Bu s\u00fcre\u00e7te eme\u011fi ge\u00e7en antren\u00f6rlerimize, sporcular\u0131m\u0131za ve y\u00f6netim kurulumuza te\u015fekk\u00fcr ederim. \u00d6zellikle spora ve sporcuya verdi\u011fi sonsuz destekle Yeni\u015fehir\u2019de sporun yeniden yap\u0131lanmas\u0131n\u0131 sa\u011flayan Belediye Ba\u015fkan\u0131m\u0131z Say\u0131n Abdullah \u00d6zyi\u011fit\u2019e \u015f\u00fckranlar\u0131m\u0131z\u0131 sunuyoruz. Mersin\u2019i T\u00fcrkiye \u015eampiyonas\u0131\u2019nda temsil edecek olan yetenekli U-15 tak\u0131m\u0131m\u0131za g\u00fcvenimiz tam. Hedefimiz en iyi dereceyle d\u00f6nmek. Gen\u00e7lerimizi ve teknik ekibimizi tebrik ediyor, ba\u015far\u0131lar diliyorum.\u201d ifadelerini kulland\u0131.\u00a0<br \/>BA\u015eKAN \u00d6ZY\u0130\u011e\u0130T: &#8220;GEN\u00c7LER\u0130M\u0130ZE YATIRIM, GELECE\u011eE YATIRIMDIR&#8221;<br \/>Yeni\u015fehir Belediye Ba\u015fkan\u0131 Abdullah \u00d6zyi\u011fit de spora verilen deste\u011fin meyvelerini toplad\u0131klar\u0131n\u0131 ifade ederek, \u201cYeni\u015fehir\u2019de hayata ge\u00e7irdi\u011fimiz her projede oldu\u011fu gibi, sporda da temel hedefimiz s\u00fcrd\u00fcr\u00fclebilir bir ba\u015far\u0131 grafi\u011fi yakalamakt\u0131. Bug\u00fcn U-15 tak\u0131m\u0131m\u0131z\u0131n elde etti\u011fi bu \u015fampiyonluk, do\u011fru yolda oldu\u011fumuzun ve att\u0131\u011f\u0131m\u0131z tohumlar\u0131n ye\u015ferdi\u011finin en somut kan\u0131t\u0131d\u0131r. Biz sadece bir spor kul\u00fcb\u00fc de\u011fil, gen\u00e7lerimizin fiziksel, zihinsel ve sosyal geli\u015fimlerini destekleyen b\u00fcy\u00fck bir e\u011fitim yuvas\u0131 in\u015fa ettik. Gen\u00e7lerimize sundu\u011fumuz imkanlar artt\u0131k\u00e7a, onlar\u0131n da azimle \u00e7al\u0131\u015farak bu imkanlar\u0131 ba\u015far\u0131ya d\u00f6n\u00fc\u015ft\u00fcrd\u00fc\u011f\u00fcn\u00fc g\u00f6rmek bizler i\u00e7in en b\u00fcy\u00fck gurur kayna\u011f\u0131. Mersin\u2019in ad\u0131n\u0131 T\u00fcrkiye \u015eampiyonas\u0131\u2019nda temsil edecek olan bu p\u0131rlanta gibi \u00e7ocuklar\u0131m\u0131z, inan\u0131yorum ki sadece sahada de\u011fil, sergiledikleri sportmenlikle de bizleri en iyi \u015fekilde temsil edecekler. Spora ve sporcuya verdi\u011fimiz deste\u011fi her ge\u00e7en g\u00fcn art\u0131rarak devam ettirece\u011fiz. Amac\u0131m\u0131z, Yeni\u015fehir\u2019i bir spor kenti haline getirmek ve daha nice gen\u00e7 yetene\u011fi T\u00fcrk sporuna kazand\u0131rmakt\u0131r. Bu ba\u015far\u0131da eme\u011fi olan teknik ekibimizi, kul\u00fcp y\u00f6netimimizi ve en \u00f6nemlisi sahada ter d\u00f6ken, y\u00fcre\u011fini ortaya koyan t\u00fcm gen\u00e7 sporcular\u0131m\u0131z\u0131 tebrik ediyor, T\u00fcrkiye \u015eampiyonas\u0131 yolunda her birine \u00fcst\u00fcn ba\u015far\u0131lar diliyorum.\u201d dedi.\u00a0<\/p>\n<p>\u00a0<\/p>\n<p>Kaynak: (BYZHA) Beyaz Haber Ajans\u0131<\/p>\n","protected":false},"excerpt":{"rendered":"<p>Mersin U-15 Ligi\u2019nde \u015fampiyon olan Yeni\u015fehir Belediyesi Spor Kul\u00fcb\u00fc U-15 tak\u0131m\u0131, Mersin\u2019i T\u00fcrkiye \u015eampiyonas\u0131\u2019nda temsil etmeye hak kazand\u0131.<\/p>\n","protected":false},"author":1,"featured_media":14078,"comment_status":"open","ping_status":"open","sticky":false,"template":"","format":"standard","meta":{"footnotes":""},"categories":[24],"tags":[],"class_list":["post-14077","post","type-post","status-publish","format-standard","has-post-thumbnail","hentry","category-spor"],"_links":{"self":[{"href":"https:\/\/busondakika.com.tr\/index.php?rest_route=\/wp\/v2\/posts\/14077","targetHints":{"allow":["GET"]}}],"collection":[{"href":"https:\/\/busondakika.com.tr\/index.php?rest_route=\/wp\/v2\/posts"}],"about":[{"href":"https:\/\/busondakika.com.tr\/index.php?rest_route=\/wp\/v2\/types\/post"}],"author":[{"embeddable":true,"href":"https:\/\/busondakika.com.tr\/index.php?rest_route=\/wp\/v2\/users\/1"}],"replies":[{"embeddable":true,"href":"https:\/\/busondakika.com.tr\/index.php?rest_route=%2Fwp%2Fv2%2Fcomments&post=14077"}],"version-history":[{"count":1,"href":"https:\/\/busondakika.com.tr\/index.php?rest_route=\/wp\/v2\/posts\/14077\/revisions"}],"predecessor-version":[{"id":14079,"href":"https:\/\/busondakika.com.tr\/index.php?rest_route=\/wp\/v2\/posts\/14077\/revisions\/14079"}],"wp:featuredmedia":[{"embeddable":true,"href":"https:\/\/busondakika.com.tr\/index.php?rest_route=\/wp\/v2\/media\/14078"}],"wp:attachment":[{"href":"https:\/\/busondakika.com.tr\/index.php?rest_route=%2Fwp%2Fv2%2Fmedia&parent=14077"}],"wp:term":[{"taxonomy":"category","embeddable":true,"href":"https:\/\/busondakika.com.tr\/index.php?rest_route=%2Fwp%2Fv2%2Fcategories&post=14077"},{"taxonomy":"post_tag","embeddable":true,"href":"https:\/\/busondakika.com.tr\/index.php?rest_route=%2Fwp%2Fv2%2Ftags&post=14077"}],"curies":[{"name":"wp","href":"https:\/\/api.w.org\/{rel}","templated":true}]}}