{"id":14113,"date":"2026-04-30T09:18:07","date_gmt":"2026-04-30T09:18:07","guid":{"rendered":"https:\/\/busondakika.com.tr\/?p=14113"},"modified":"2026-04-30T09:18:08","modified_gmt":"2026-04-30T09:18:08","slug":"luca-minnelli-izmirde-buyuledi","status":"publish","type":"post","link":"https:\/\/busondakika.com.tr\/?p=14113","title":{"rendered":"Luca Minnelli \u0130zmir\u2019de b\u00fcy\u00fcledi"},"content":{"rendered":"<p> Ahmed Adnan Saygun Sanat Merkezi sahnesinde izleyiciyle bulu\u015fan \u00fcnl\u00fc tenor Luca Minnelli, g\u00fc\u00e7l\u00fc sesi ve zengin repertuvar\u0131yla \u0130zmirlilere m\u00fczik dolu bir ak\u015fam ya\u015fatt\u0131.<\/p>\n<p>Kentin k\u00fclt\u00fcr-sanat ya\u015fam\u0131n\u0131n \u00f6nemli adreslerinden Ahmed Adnan Saygun Sanat Merkezi (AASSM), d\u00fcnyan\u0131n \u00f6nde gelen tenorlar\u0131ndan, \u201c\u0130talyanlar\u0131n alt\u0131n sesi\u201d olarak tan\u0131nan Luca Minnelli\u2019yi a\u011f\u0131rlad\u0131. Minnelli, b\u00fcy\u00fcleyici sesi, zarif yorumlar\u0131 ve g\u00fc\u00e7l\u00fc sahne enerjisiyle \u0130zmirli m\u00fczikseverlere unutulmaz bir gece ya\u015fatt\u0131.<br \/>Sekiz ki\u015filik orkestra e\u015fli\u011finde sahne alan sanat\u00e7\u0131, klasik eserlerden pop\u00fcler \u0130talyan melodilerine uzanan zengin bir repertuvar sundu. Biletleri sat\u0131\u015fa \u00e7\u0131kt\u0131\u011f\u0131 andan itibaren k\u0131sa s\u00fcrede t\u00fckenen konsere ilgi olduk\u00e7a yo\u011fundu.<\/p>\n<p><strong>\u0130zmir&#8217;de olmaktan duydu\u011fu mutlulu\u011fu dile getirdi\u00a0<\/strong><br \/>Tecr\u00fcbeli sanat\u00e7\u0131lardan olu\u015fan orkestran\u0131n performans\u0131, Minnelli&#8217;nin yorumuyla birle\u015fince izleyenler adeta b\u00fcy\u00fclendi. Sanat\u00e7\u0131n\u0131n 2026 repertuvar\u0131; klasik ba\u015fyap\u0131tlardan pop\u00fcler \u0130talyan \u015fark\u0131lar\u0131na, aryalar ve film m\u00fcziklerinden romantik eserlere uzanan geni\u015f bir se\u00e7kiden olu\u015ftu. Sahnedeki performans\u0131yla dikkat \u00e7eken Minnelli\u2019nin izleyicilerle kurdu\u011fu esprili ileti\u015fim de b\u00fcy\u00fck be\u011feni toplad\u0131. Sanat\u00e7\u0131, \u0130zmir\u2019de olmaktan duydu\u011fu memnuniyeti dile getirirken, konser sonunda ekip uzun s\u00fcre ayakta alk\u0131\u015fland\u0131.<\/p>\n<p>\u00a0<\/p>\n<p>\u00a0<\/p>\n<p>Kaynak: (BYZHA) Beyaz Haber Ajans\u0131<\/p>\n","protected":false},"excerpt":{"rendered":"<p>Ahmed Adnan Saygun Sanat Merkezi sahnesinde izleyiciyle bulu\u015fan \u00fcnl\u00fc tenor Luca Minnelli, g\u00fc\u00e7l\u00fc sesi ve zengin repertuvar\u0131yla \u0130zmirlilere m\u00fczik dolu bir ak\u015fam ya\u015fatt\u0131.<\/p>\n","protected":false},"author":1,"featured_media":14114,"comment_status":"open","ping_status":"open","sticky":false,"template":"","format":"standard","meta":{"footnotes":""},"categories":[20],"tags":[],"class_list":["post-14113","post","type-post","status-publish","format-standard","has-post-thumbnail","hentry","category-kultur-sanat"],"_links":{"self":[{"href":"https:\/\/busondakika.com.tr\/index.php?rest_route=\/wp\/v2\/posts\/14113","targetHints":{"allow":["GET"]}}],"collection":[{"href":"https:\/\/busondakika.com.tr\/index.php?rest_route=\/wp\/v2\/posts"}],"about":[{"href":"https:\/\/busondakika.com.tr\/index.php?rest_route=\/wp\/v2\/types\/post"}],"author":[{"embeddable":true,"href":"https:\/\/busondakika.com.tr\/index.php?rest_route=\/wp\/v2\/users\/1"}],"replies":[{"embeddable":true,"href":"https:\/\/busondakika.com.tr\/index.php?rest_route=%2Fwp%2Fv2%2Fcomments&post=14113"}],"version-history":[{"count":1,"href":"https:\/\/busondakika.com.tr\/index.php?rest_route=\/wp\/v2\/posts\/14113\/revisions"}],"predecessor-version":[{"id":14115,"href":"https:\/\/busondakika.com.tr\/index.php?rest_route=\/wp\/v2\/posts\/14113\/revisions\/14115"}],"wp:featuredmedia":[{"embeddable":true,"href":"https:\/\/busondakika.com.tr\/index.php?rest_route=\/wp\/v2\/media\/14114"}],"wp:attachment":[{"href":"https:\/\/busondakika.com.tr\/index.php?rest_route=%2Fwp%2Fv2%2Fmedia&parent=14113"}],"wp:term":[{"taxonomy":"category","embeddable":true,"href":"https:\/\/busondakika.com.tr\/index.php?rest_route=%2Fwp%2Fv2%2Fcategories&post=14113"},{"taxonomy":"post_tag","embeddable":true,"href":"https:\/\/busondakika.com.tr\/index.php?rest_route=%2Fwp%2Fv2%2Ftags&post=14113"}],"curies":[{"name":"wp","href":"https:\/\/api.w.org\/{rel}","templated":true}]}}