{"id":14119,"date":"2026-04-30T09:31:47","date_gmt":"2026-04-30T09:31:47","guid":{"rendered":"https:\/\/busondakika.com.tr\/?p=14119"},"modified":"2026-04-30T09:31:48","modified_gmt":"2026-04-30T09:31:48","slug":"narliderenin-3-yas-universitesi-yolculugu-basladi","status":"publish","type":"post","link":"https:\/\/busondakika.com.tr\/?p=14119","title":{"rendered":"Narl\u0131dere\u2019nin 3. Ya\u015f \u00dcniversitesi Yolculu\u011fu Ba\u015flad\u0131"},"content":{"rendered":"<p> <b><i>Narl\u0131dere\u2019de ya\u015fayan ya\u015f alm\u0131\u015f bireylerin sosyal hayata kat\u0131l\u0131m\u0131n\u0131 destekleyecek \u201cNarl\u0131dere Belediyesi 3. Ya\u015f \u00dcniversitesi\u201dnin a\u00e7\u0131lmas\u0131na y\u00f6nelik en \u00f6nemli ad\u0131m at\u0131ld\u0131. 3. Ya\u015f \u00dcniversitesi\u2019nin a\u00e7\u0131lmas\u0131na y\u00f6nelik protokole imzay\u0131, Narl\u0131dere Belediye Ba\u015fkan\u0131 Erman Uzun ve Ege Geriatri Derne\u011fi Ba\u015fkan\u0131 Psk. Mevl\u00fct \u00dclgen birlikte att\u0131<\/i><\/b><\/p>\n<p>Narl\u0131dere Belediyesi, Ba\u015fkan Erman Uzun\u2019un g\u00f6reve gelmesiyle sosyal sorumluluk projelerine bir yenisini daha ekledi. Ya\u015f alm\u0131\u015f bireylerin akademik temelli sosyal geli\u015fimini sa\u011flayacak \u2018Narl\u0131dere Belediyesi 3. Ya\u015f \u00dcniversitesi\u2019nin a\u00e7\u0131lmas\u0131na y\u00f6nelik protokol\u00fc Narl\u0131dere Belediye Ba\u015fkan\u0131 Erman Uzun ve Ege Geriatri Derne\u011fi Ba\u015fkan\u0131 Psk. Mevl\u00fct \u00dclgen birlikte imzalad\u0131. 2016 y\u0131l\u0131nda Prof. Dr. Sevnaz \u015eahin\u2019in kuruculu\u011fu ve y\u00fcr\u00fct\u00fcc\u00fcl\u00fc\u011f\u00fcnde ba\u015flat\u0131lan proje ile Narl\u0131dere\u2019de ya\u015fayan ya\u015f alm\u0131\u015f vatanda\u015flar\u0131n ya\u015fam kalitesini art\u0131racak ve sosyal entegrasyonunu g\u00fc\u00e7lendirecek \u00e7al\u0131\u015fmalar ger\u00e7ekle\u015ftirilecek.<\/p>\n<p><b>\u201cBU YOLCULU\u011eA KATKI KOYMAYI \u00c7OK \u00d6NEMS\u0130YORUZ\u201d<\/b><\/p>\n<p>Yo\u011fun bir kat\u0131l\u0131mla ger\u00e7ekle\u015ftirilen protokol t\u00f6reninde konu\u015fan Narl\u0131dere Belediye Ba\u015fkan\u0131 Erman Uzun, \u201cBaz\u0131 kesimler ya\u015fl\u0131l\u0131\u011f\u0131 bir yorgunluk d\u00f6nemi olarak g\u00f6rebilir; ama bizim medeniyetimiz ya\u015fl\u0131l\u0131\u011f\u0131 bir \u2018hasat mevsimi\u2019 olarak tarif eder. Bizler, \u00e7ok k\u0131ymetli b\u00fcy\u00fcklerimizin tecr\u00fcbesine, engin bilgisine her zaman muhtac\u0131z. Sizler i\u00e7in \u00c7amtepe ve Il\u0131ca Mahallerimizde a\u00e7t\u0131\u011f\u0131m\u0131z, olduk\u00e7a uygun fiyatlarla hizmet veren iki Emekliler Lokalimiz \u00e7ok sevildi. B\u00fcy\u00fcklerimiz torunuyla, arkada\u015flar\u0131yla Emekliler Lokalimizde oturabiliyor; \u00e7ok c\u00fczi rakamlarla torununa, e\u015fine dostuna bir \u015feyler \u0131smarlay\u0131p sosyalle\u015febiliyor. Bu tesisler bize g\u00f6sterdi ki b\u00fcy\u00fcklerimizin d\u00f6rt duvar aras\u0131na s\u0131k\u0131\u015fmaya de\u011fil; dostlu\u011fu, dayan\u0131\u015fmay\u0131 ve hayata aktif bir \u015fekilde kat\u0131lmay\u0131 istiyor. Ya\u015f alm\u0131\u015f b\u00fcy\u00fcklerimizin ekonomik veya ba\u015fka sebeplerle s\u0131kl\u0131kla kar\u015f\u0131la\u015ft\u0131klar\u0131 sosyal izolasyonu ve yaln\u0131zl\u0131\u011f\u0131 en aza indirmek istiyoruz. Bu sebeple, Narl\u0131dere Belediyesi olarak, \u00fclkemizin ve \u0130zmir\u2019imizin 3. Ya\u015f \u00dcniversitesi yolculu\u011funa bizde katk\u0131 koymay\u0131 \u00e7ok \u00f6nemsiyoruz. Bu g\u00fczel \u00e7al\u0131\u015fmaya imza atan Ege Geriatri Derne\u011fimize, Kad\u0131n ve Aile Hizmetleri M\u00fcd\u00fcrl\u00fc\u011f\u00fcm\u00fcze, k\u0131ymetli hocalar\u0131m\u0131za ve bu anlaml\u0131 projeye katk\u0131 koyan t\u00fcm payda\u015flara te\u015fekk\u00fcr ediyorum. Narl\u0131dere\u2019mize, k\u0131ymetli b\u00fcy\u00fcklerimize hay\u0131rl\u0131, u\u011furlu olsun\u201d dedi.<\/p>\n<p><b>\u201cHEDEF\u0130M\u0130Z AKT\u0130F VE SA\u011eLIKLI YA\u015eLANMAYI SA\u011eLAMAK\u201d<\/b><\/p>\n<p>Ege Geriatri Derne\u011fi Ba\u015fkan\u0131 Psk. Mevl\u00fct \u00dclgen ise, \u201cBu projenin Narl\u0131dere\u2019de de ba\u015flamas\u0131na vesile olan Narl\u0131dere Belediye Ba\u015fkan\u0131m\u0131z Say\u0131n Erman Uzun\u2019a ve Narl\u0131dere Belediyesi Ailesine te\u015fekk\u00fcr ediyorum. Bu proje ile aktif ve sa\u011fl\u0131kl\u0131 ya\u015flanmay\u0131 sa\u011flamak, onlar\u0131n sosyal hayata kat\u0131l\u0131m\u0131n\u0131 art\u0131rmak, ku\u015faklar aras\u0131 ileti\u015fimi g\u00fc\u00e7lendirmek, bir \u00f6zne olarak ya\u015fam\u0131n her alan\u0131nda var olmalar\u0131n\u0131 hedefliyoruz. Unutulmas\u0131n ki ya\u015f alm\u0131\u015f bireylerimiz bug\u00fcnleri kuranlard\u0131r. Onlar bir y\u00fck de\u011fil, bu de\u011ferleri yaratan insanlard\u0131r. Bu s\u00fcrece g\u00f6n\u00fcll\u00fc olarak katk\u0131 koyan t\u00fcm payda\u015flar\u0131m\u0131za \u015f\u00fckranlar\u0131m\u0131 sunuyorum\u201d diye konu\u015ftu<\/p>\n<p><b>PANEL DE GER\u00c7EKLE\u015eT\u0130R\u0130LD\u0130<\/b><\/p>\n<p>Narl\u0131dere Belediyesi 3. Ya\u015f \u00dcniversitesi protokol\u00fcn\u00fcn ard\u0131ndan alan\u0131nda uzman isimlerin kat\u0131l\u0131m\u0131yla \u201cAktif ve Sa\u011fl\u0131kl\u0131 Ya\u015f Alma Paneli\u201d ger\u00e7ekle\u015ftirildi.<\/p>\n<p>Moderat\u00f6rl\u00fc\u011f\u00fcn\u00fc Prof. Dr. Reyhan U\u00e7ku&#8217;nun yapt\u0131\u011f\u0131 &#8220;Aktif,ve Sa\u011fl\u0131kl\u0131 Ya\u015f Alma, 3. Ya\u015f \u00dcniversitesi&#8221; panelinde, Prof. Dr. Yasemin K\u0131l\u0131\u00e7 \u00d6zt\u00fcrk, aktif ve sa\u011fl\u0131kl\u0131 ya\u015flanma \u00fczerine sunum yaparken, Do\u00e7. Dr. \u00d6zlem Miman ise kat\u0131l\u0131mc\u0131lara sa\u011fl\u0131kl\u0131 beslenmenin \u00f6nemini anlatt\u0131. Prof. Dr. Serkan Bak\u0131rhan\u2019\u0131n fiziksel aktive ve egzersizin ya\u015fl\u0131l\u0131k d\u00f6nemlerinde nas\u0131l yap\u0131lmas\u0131 gerekti\u011fini payla\u015ft\u0131\u011f\u0131 panel, 3. Ya\u015f \u00dcniversitesi E\u011fitimcisi Osman Nuri Tart\u0131lac\u0131\u2019n\u0131n bilgi ve deneyim payla\u015f\u0131m\u0131 ile sona erdi.\u00a0<\/p>\n<p>\u00a0<\/p>\n<p>\u00a0<\/p>\n<p>Kaynak: (BYZHA) Beyaz Haber Ajans\u0131<\/p>\n","protected":false},"excerpt":{"rendered":"<p>Narl\u0131dere\u2019de ya\u015fayan ya\u015f alm\u0131\u015f bireylerin sosyal hayata kat\u0131l\u0131m\u0131n\u0131 destekleyecek \u201cNarl\u0131dere Belediyesi 3.<\/p>\n","protected":false},"author":1,"featured_media":14120,"comment_status":"open","ping_status":"open","sticky":false,"template":"","format":"standard","meta":{"footnotes":""},"categories":[21],"tags":[],"class_list":["post-14119","post","type-post","status-publish","format-standard","has-post-thumbnail","hentry","category-gundem"],"_links":{"self":[{"href":"https:\/\/busondakika.com.tr\/index.php?rest_route=\/wp\/v2\/posts\/14119","targetHints":{"allow":["GET"]}}],"collection":[{"href":"https:\/\/busondakika.com.tr\/index.php?rest_route=\/wp\/v2\/posts"}],"about":[{"href":"https:\/\/busondakika.com.tr\/index.php?rest_route=\/wp\/v2\/types\/post"}],"author":[{"embeddable":true,"href":"https:\/\/busondakika.com.tr\/index.php?rest_route=\/wp\/v2\/users\/1"}],"replies":[{"embeddable":true,"href":"https:\/\/busondakika.com.tr\/index.php?rest_route=%2Fwp%2Fv2%2Fcomments&post=14119"}],"version-history":[{"count":1,"href":"https:\/\/busondakika.com.tr\/index.php?rest_route=\/wp\/v2\/posts\/14119\/revisions"}],"predecessor-version":[{"id":14121,"href":"https:\/\/busondakika.com.tr\/index.php?rest_route=\/wp\/v2\/posts\/14119\/revisions\/14121"}],"wp:featuredmedia":[{"embeddable":true,"href":"https:\/\/busondakika.com.tr\/index.php?rest_route=\/wp\/v2\/media\/14120"}],"wp:attachment":[{"href":"https:\/\/busondakika.com.tr\/index.php?rest_route=%2Fwp%2Fv2%2Fmedia&parent=14119"}],"wp:term":[{"taxonomy":"category","embeddable":true,"href":"https:\/\/busondakika.com.tr\/index.php?rest_route=%2Fwp%2Fv2%2Fcategories&post=14119"},{"taxonomy":"post_tag","embeddable":true,"href":"https:\/\/busondakika.com.tr\/index.php?rest_route=%2Fwp%2Fv2%2Ftags&post=14119"}],"curies":[{"name":"wp","href":"https:\/\/api.w.org\/{rel}","templated":true}]}}