{"id":14122,"date":"2026-04-30T09:31:48","date_gmt":"2026-04-30T09:31:48","guid":{"rendered":"https:\/\/busondakika.com.tr\/?p=14122"},"modified":"2026-04-30T09:31:49","modified_gmt":"2026-04-30T09:31:49","slug":"keciorende-gencler-afetlere-karsi-bilincleniyor","status":"publish","type":"post","link":"https:\/\/busondakika.com.tr\/?p=14122","title":{"rendered":"Ke\u00e7i\u00f6ren\u2019de Gen\u00e7ler Afetlere Kar\u015f\u0131 Bilin\u00e7leniyor"},"content":{"rendered":"<p> Ke\u00e7i\u00f6ren Belediyesi Afet \u0130\u015fleri ve Risk Y\u00f6netimi M\u00fcd\u00fcrl\u00fc\u011f\u00fc, afetlere kar\u015f\u0131 bilin\u00e7li bireyler yeti\u015ftirmek amac\u0131yla \u201cAfet Fark\u0131ndal\u0131k ve Yang\u0131nla M\u00fccadele\u201d e\u011fitimi d\u00fczenledi. \u015eehit Mehmet Karaka\u015fo\u011flu Mesleki ve Teknik Anadolu Lisesi \u00f6\u011frenci, \u00f6\u011fretmen ile personeline y\u00f6nelik okulun konferans salonunda ger\u00e7ekle\u015ftirilen program, teorik ve uygulamal\u0131 i\u00e7erikleriyle kat\u0131l\u0131mc\u0131lardan yo\u011fun ilgi g\u00f6rd\u00fc. Okul m\u00fcd\u00fcr\u00fc, m\u00fcd\u00fcr yard\u0131mc\u0131s\u0131, \u00f6\u011fretmenler ile birlikte 9, 10 ve 11. s\u0131n\u0131f \u00f6\u011frencilerinden olu\u015fan program geni\u015f kat\u0131l\u0131mla ger\u00e7ekle\u015fti.<\/p>\n<p><b>Afet bilinci i\u00e7in kapsaml\u0131 e\u011fitim<\/b><\/p>\n<p>Afet \u0130\u015fleri ve Risk Y\u00f6netimi M\u00fcd\u00fcrl\u00fc\u011f\u00fc e\u011fitmenleri taraf\u0131ndan verilen e\u011fitimde, afet an\u0131nda do\u011fru davran\u0131\u015f bi\u00e7imleri detayl\u0131 \u015fekilde anlat\u0131ld\u0131. Kat\u0131l\u0131mc\u0131lara; deprem, yang\u0131n ve di\u011fer acil durumlarda nas\u0131l hareket edilmesi gerekti\u011fi aktar\u0131l\u0131rken, fark\u0131ndal\u0131klar\u0131n\u0131n art\u0131r\u0131lmas\u0131na y\u00f6nelik kapsaml\u0131 bir e\u011fitim i\u00e7eri\u011fi sunuldu.<\/p>\n<p>E\u011fitim kapsam\u0131nda \u00f6zellikle yang\u0131nla m\u00fccadele konusunda temel bilgi ve beceriler uygulamal\u0131 olarak g\u00f6sterildi. Kat\u0131l\u0131mc\u0131lar, yang\u0131n an\u0131nda yap\u0131lmas\u0131 gereken m\u00fcdahaleleri yerinde g\u00f6rme ve deneyimleme f\u0131rsat\u0131 buldu.<\/p>\n<p>\u00a0<\/p>\n<p>\u00a0<\/p>\n<p>Kaynak: (BYZHA) Beyaz Haber Ajans\u0131<\/p>\n","protected":false},"excerpt":{"rendered":"<p>Ke\u00e7i\u00f6ren Belediyesi Afet \u0130\u015fleri ve Risk Y\u00f6netimi M\u00fcd\u00fcrl\u00fc\u011f\u00fc, afetlere kar\u015f\u0131 bilin\u00e7li bireyler yeti\u015ftirmek amac\u0131yla \u201cAfet Fark\u0131ndal\u0131k ve Yang\u0131nla M\u00fccadele\u201d e\u011fitimi d\u00fczenledi.<\/p>\n","protected":false},"author":1,"featured_media":14123,"comment_status":"open","ping_status":"open","sticky":false,"template":"","format":"standard","meta":{"footnotes":""},"categories":[21],"tags":[],"class_list":["post-14122","post","type-post","status-publish","format-standard","has-post-thumbnail","hentry","category-gundem"],"_links":{"self":[{"href":"https:\/\/busondakika.com.tr\/index.php?rest_route=\/wp\/v2\/posts\/14122","targetHints":{"allow":["GET"]}}],"collection":[{"href":"https:\/\/busondakika.com.tr\/index.php?rest_route=\/wp\/v2\/posts"}],"about":[{"href":"https:\/\/busondakika.com.tr\/index.php?rest_route=\/wp\/v2\/types\/post"}],"author":[{"embeddable":true,"href":"https:\/\/busondakika.com.tr\/index.php?rest_route=\/wp\/v2\/users\/1"}],"replies":[{"embeddable":true,"href":"https:\/\/busondakika.com.tr\/index.php?rest_route=%2Fwp%2Fv2%2Fcomments&post=14122"}],"version-history":[{"count":1,"href":"https:\/\/busondakika.com.tr\/index.php?rest_route=\/wp\/v2\/posts\/14122\/revisions"}],"predecessor-version":[{"id":14124,"href":"https:\/\/busondakika.com.tr\/index.php?rest_route=\/wp\/v2\/posts\/14122\/revisions\/14124"}],"wp:featuredmedia":[{"embeddable":true,"href":"https:\/\/busondakika.com.tr\/index.php?rest_route=\/wp\/v2\/media\/14123"}],"wp:attachment":[{"href":"https:\/\/busondakika.com.tr\/index.php?rest_route=%2Fwp%2Fv2%2Fmedia&parent=14122"}],"wp:term":[{"taxonomy":"category","embeddable":true,"href":"https:\/\/busondakika.com.tr\/index.php?rest_route=%2Fwp%2Fv2%2Fcategories&post=14122"},{"taxonomy":"post_tag","embeddable":true,"href":"https:\/\/busondakika.com.tr\/index.php?rest_route=%2Fwp%2Fv2%2Ftags&post=14122"}],"curies":[{"name":"wp","href":"https:\/\/api.w.org\/{rel}","templated":true}]}}