{"id":14125,"date":"2026-04-30T09:31:50","date_gmt":"2026-04-30T09:31:50","guid":{"rendered":"https:\/\/busondakika.com.tr\/?p=14125"},"modified":"2026-04-30T09:31:51","modified_gmt":"2026-04-30T09:31:51","slug":"konakli-kadinlar-icin-yeni-firsat-kaynak-operatorlugu-kursu-basliyor","status":"publish","type":"post","link":"https:\/\/busondakika.com.tr\/?p=14125","title":{"rendered":"Konakl\u0131 kad\u0131nlar i\u00e7in yeni f\u0131rsat: Kaynak Operat\u00f6rl\u00fc\u011f\u00fc kursu ba\u015fl\u0131yor"},"content":{"rendered":"<p> <b>Konak Belediyesi\u2019nin kad\u0131nlara y\u00f6nelik d\u00fczenledi\u011fi, tabu y\u0131kan mesleki kurslardan biri daha hayata ge\u00e7iyor. Cevdet \u0130nci E\u011fitim Vakf\u0131 ve \u0130zmir Dokuz Eyl\u00fcl Rotary Kul\u00fcb\u00fc i\u015f birli\u011fiyle ger\u00e7ekle\u015ftirilecek kad\u0131nlara y\u00f6nelik istihdam y\u00f6nlendirmeli \u00fccretsiz Kaynak Operat\u00f6rl\u00fc\u011f\u00fc kursu ba\u015fl\u0131yor. Kad\u0131n istihdam\u0131nda sivil toplum ve yerel y\u00f6netim i\u015f birli\u011fine dikkat \u00e7eken Ba\u015fkan Mutlu, \u201cSizlerin deste\u011fiyle biz asl\u0131nda bir f\u0131rsat e\u015fitli\u011fi sunuyoruz. Diyoruz ki kad\u0131nlar her i\u015fi yapabilir. Yeter ki o e\u011fitimi alabilsin, o f\u0131rsat e\u015fitli\u011fi olu\u015fturulabilsin\u201d dedi.<\/b><\/p>\n<p>Konak Belediyesi\u2019nin Cevdet \u0130nci E\u011fitim Vakf\u0131 ve \u0130zmir Dokuz Eyl\u00fcl Rotary Kul\u00fcb\u00fc i\u015fbirli\u011fiyle d\u00fczenledi\u011fi, 18-30 ya\u015f aral\u0131\u011f\u0131ndaki kad\u0131nlara y\u00f6nelik istihdam y\u00f6nlendirmeli \u00fccretsiz Kaynak Operat\u00f6rl\u00fc\u011f\u00fc kursu ba\u015fvurular\u0131 a\u00e7\u0131ld\u0131. \u2018Hem \u0130\u015fte Hem E\u011fitimde Program\u0131\u2019 (H\u0130HE) kapsam\u0131nda ger\u00e7ekle\u015ftirilen \u00fccretsiz CNC Operat\u00f6rl\u00fc\u011f\u00fc kursunun ard\u0131ndan kad\u0131nlar bu kez tabular\u0131 kaynak operat\u00f6rl\u00fc\u011f\u00fc alan\u0131nda y\u0131kacak. Konak\u2019ta ikamet eden 18-30 ya\u015f aras\u0131 kad\u0131nlara y\u00f6nelik haz\u0131rlanan program kapsam\u0131nda yap\u0131lan ba\u015fvurular aras\u0131nda kursa kat\u0131lmaya hak kazananlar Toros Sosyal Tesisi i\u00e7erisinde yer alan Konak \u0130\u015f E\u011fitim Merkezi\u2019nde e\u011fitime ba\u015flayacak. Kat\u0131l\u0131mc\u0131lar e\u011fitim program\u0131n\u0131n sonunda kaynak teknikleri ve ekipman kullan\u0131m\u0131, i\u015f sa\u011fl\u0131\u011f\u0131 ve g\u00fcvenli\u011fi kurallar\u0131, metal i\u015fleme ve uygulama becerileri, \u00fcretim s\u00fcre\u00e7lerine uyum ve kalite standartlar\u0131 konular\u0131nda yetkinlik kazanacak. Mesleki e\u011fitimin yan\u0131 s\u0131ra i\u015f ya\u015fam\u0131 ve sosyal beceri e\u011fitimleri, istihdam y\u00f6nlendirme deste\u011fi ve mesleki yeterlilik s\u0131nav\u0131na giri\u015f imkan\u0131 sa\u011flanacak. Konakl\u0131 gen\u00e7 kad\u0131nlar\u0131n, \u2018erkek i\u015fi\u2019 g\u00f6r\u00fclen bir alanda daha kad\u0131n\u0131n g\u00fcc\u00fcn\u00fc g\u00f6sterece\u011fi e\u011fitime kat\u0131lmak i\u00e7in \u00f6n talep ve ba\u015fvurular,\u00a0basvuru.konak.bel.tr\u00a0adresinden al\u0131nacak. \u00dccretsiz Kaynak Operat\u00f6rl\u00fc\u011f\u00fc kursu i\u00e7in son ba\u015fvuru tarihi ise 18 May\u0131s 2026.<\/p>\n<p><b>Ba\u015fkan Mutlu: Kad\u0131n eme\u011finin kar\u015f\u0131l\u0131k bulmas\u0131 en \u00e7ok istedi\u011fimiz \u015fey<\/b><\/p>\n<p>Konak Belediye Ba\u015fkan\u0131 Nil\u00fcfer \u00c7\u0131narl\u0131 Mutlu, projenin \u0130nci Vakf\u0131\u2019yla ikinci i\u015fbirli\u011fi oldu\u011funu ve ne e\u011fitimde ne istihdamda olan gen\u00e7 kad\u0131nlara meslek edindirme heyecan\u0131n\u0131 yeniden ya\u015fad\u0131klar\u0131n\u0131 ifade etti. Ba\u015fkan Mutlu, kad\u0131n eme\u011finin g\u00f6r\u00fcn\u00fcr olmas\u0131 gerekti\u011fine dikkat \u00e7ekerek \u015funlar\u0131 s\u00f6yledi: \u201cBir kad\u0131n belediye ba\u015fkan\u0131 olarak Konak\u2019ta g\u00f6reve ba\u015flad\u0131\u011f\u0131mdan beri kad\u0131nlar\u0131n daha g\u00f6r\u00fcn\u00fcr oldu\u011fu, kad\u0131n eme\u011finin \u00f6ne \u00e7\u0131kar\u0131ld\u0131\u011f\u0131 ve kad\u0131n\u0131n her alanda e\u015fit temsil edildi\u011fi bir vizyon olu\u015fturduk. Sivil toplum kurulu\u015flar\u0131n\u0131n deste\u011fiyle de bu vizyonu hayata ge\u00e7iriyoruz. \u00dclkede en b\u00fcy\u00fck sorunlardan biri i\u015fsizlik. \u00d6zellikle kad\u0131nlar\u0131n i\u015f sahibi olmas\u0131, kad\u0131n eme\u011finin ger\u00e7ekten kar\u015f\u0131l\u0131k bulmas\u0131 en \u00e7ok istedi\u011fimiz \u015fey.\u201d<\/p>\n<p><b>\u201cKad\u0131nlar her i\u015fi yapabilir\u201d<\/b><\/p>\n<p>Proje i\u015fbirlik\u00e7ilerine te\u015fekk\u00fcrlerini ileten Ba\u015fkan Mutlu, kad\u0131n mesle\u011fi tan\u0131m\u0131n\u0131n yok olmas\u0131n\u0131n, f\u0131rsat e\u015fitli\u011fi ve e\u011fitim olanaklar\u0131yla m\u00fcmk\u00fcn olaca\u011f\u0131n\u0131 dile getirerek, \u201cSizlerin deste\u011fiyle biz asl\u0131nda bir f\u0131rsat e\u015fitli\u011fi sunuyoruz. Diyoruz ki kad\u0131nlar her i\u015fi yapabilir. Yeter ki o e\u011fitimi alabilsin, o f\u0131rsat e\u015fitli\u011fi olu\u015fturulabilsin. \u0130ste\u011fimiz, art\u0131k bizim \u00fclkemizde de sizlerin deste\u011fiyle kad\u0131n mesle\u011fi gibi bir tan\u0131m\u0131n literat\u00fcrden kalkmas\u0131 ve kad\u0131nlar\u0131n her alanda kendisini g\u00f6stermesi, istihdam edilmesi. \u00c7ok ba\u015far\u0131l\u0131 olacaklar\u0131 zaten ku\u015fkusuz\u201d dedi.<\/p>\n<p>\u00a0<\/p>\n<p>Kaynak: (BYZHA) Beyaz Haber Ajans\u0131<\/p>\n","protected":false},"excerpt":{"rendered":"<p>Konak Belediyesi\u2019nin kad\u0131nlara y\u00f6nelik d\u00fczenledi\u011fi, tabu y\u0131kan mesleki kurslardan biri daha hayata ge\u00e7iyor.<\/p>\n","protected":false},"author":1,"featured_media":14126,"comment_status":"open","ping_status":"open","sticky":false,"template":"","format":"standard","meta":{"footnotes":""},"categories":[21],"tags":[],"class_list":["post-14125","post","type-post","status-publish","format-standard","has-post-thumbnail","hentry","category-gundem"],"_links":{"self":[{"href":"https:\/\/busondakika.com.tr\/index.php?rest_route=\/wp\/v2\/posts\/14125","targetHints":{"allow":["GET"]}}],"collection":[{"href":"https:\/\/busondakika.com.tr\/index.php?rest_route=\/wp\/v2\/posts"}],"about":[{"href":"https:\/\/busondakika.com.tr\/index.php?rest_route=\/wp\/v2\/types\/post"}],"author":[{"embeddable":true,"href":"https:\/\/busondakika.com.tr\/index.php?rest_route=\/wp\/v2\/users\/1"}],"replies":[{"embeddable":true,"href":"https:\/\/busondakika.com.tr\/index.php?rest_route=%2Fwp%2Fv2%2Fcomments&post=14125"}],"version-history":[{"count":1,"href":"https:\/\/busondakika.com.tr\/index.php?rest_route=\/wp\/v2\/posts\/14125\/revisions"}],"predecessor-version":[{"id":14127,"href":"https:\/\/busondakika.com.tr\/index.php?rest_route=\/wp\/v2\/posts\/14125\/revisions\/14127"}],"wp:featuredmedia":[{"embeddable":true,"href":"https:\/\/busondakika.com.tr\/index.php?rest_route=\/wp\/v2\/media\/14126"}],"wp:attachment":[{"href":"https:\/\/busondakika.com.tr\/index.php?rest_route=%2Fwp%2Fv2%2Fmedia&parent=14125"}],"wp:term":[{"taxonomy":"category","embeddable":true,"href":"https:\/\/busondakika.com.tr\/index.php?rest_route=%2Fwp%2Fv2%2Fcategories&post=14125"},{"taxonomy":"post_tag","embeddable":true,"href":"https:\/\/busondakika.com.tr\/index.php?rest_route=%2Fwp%2Fv2%2Ftags&post=14125"}],"curies":[{"name":"wp","href":"https:\/\/api.w.org\/{rel}","templated":true}]}}