{"id":14155,"date":"2026-04-30T09:58:37","date_gmt":"2026-04-30T09:58:37","guid":{"rendered":"https:\/\/busondakika.com.tr\/?p=14155"},"modified":"2026-04-30T09:58:38","modified_gmt":"2026-04-30T09:58:38","slug":"ariciligin-baskentinde-hedef-surdurulebilir-uretim","status":"publish","type":"post","link":"https:\/\/busondakika.com.tr\/?p=14155","title":{"rendered":"Ar\u0131c\u0131l\u0131\u011f\u0131n Ba\u015fkentinde Hedef S\u00fcrd\u00fcr\u00fclebilir \u00dcretim"},"content":{"rendered":"<p> <b>Ankara B\u00fcy\u00fck\u015fehir Belediyesi, Kahramankazan Belediyesi ve Ba\u015fkent \u00dcniversitesi i\u015f birli\u011fiyle d\u00fczenlenen &#8220;Ar\u0131c\u0131l\u0131k \u00c7al\u0131\u015ftay\u0131&#8221;, sekt\u00f6r\u00fcn payda\u015flar\u0131n\u0131 Kahramankazan\u2019da bir araya getirdi. Belediye Ba\u015fkan\u0131 Selim \u00c7\u0131rpano\u011flu, il\u00e7enin ar\u0131c\u0131l\u0131k potansiyeline dikkat \u00e7ekerek \u00fcreticiye tam destek mesaj\u0131 verdi.<\/b><\/p>\n<p>Kahramankazan, ar\u0131c\u0131l\u0131k sekt\u00f6r\u00fcn\u00fcn mevcut durumunun, sorunlar\u0131n\u0131n ve gelecek vizyonunun ele al\u0131nd\u0131\u011f\u0131 \u00e7al\u0131\u015ftaya ev sahipli\u011fi yapt\u0131. Ankara B\u00fcy\u00fck\u015fehir Belediyesi, Kahramankazan Belediyesi, Ba\u015fkent \u00dcniversitesi ve b\u00f6lgedeki bal \u00fcreticilerinin kat\u0131l\u0131m\u0131yla ger\u00e7ekle\u015ftirilen \u00e7al\u0131\u015ftayda; s\u00fcrd\u00fcr\u00fclebilir ar\u0131c\u0131l\u0131k, te\u015fvik mekanizmalar\u0131 ve ana ar\u0131 \u00fcretimindeki stratejik \u00f6nem kapsaml\u0131 bir \u015fekilde de\u011ferlendirildi.<\/p>\n<p><b>\u201cB\u0130RL\u0130KTE \u00dcRETECEK, B\u0130RL\u0130KTE G\u00dc\u00c7LENECE\u011e\u0130Z\u201d<\/b><\/p>\n<p>\u00dcreticinin her zaman yan\u0131nda olduklar\u0131n\u0131 belirten Ba\u015fkan \u00c7\u0131rpano\u011flu, ar\u0131c\u0131l\u0131\u011f\u0131n sadece ekonomik bir faaliyet de\u011fil, ekolojik dengenin korunmas\u0131 i\u00e7in hayati bir g\u00f6rev oldu\u011funu ifade etti. Ba\u015fkan \u00c7\u0131rpano\u011flu, konu\u015fmas\u0131nda \u015fu ifadelere yer verdi:<\/p>\n<p>&#8220;Kahramankazan, sahip oldu\u011fu flora \u00e7e\u015fitlili\u011fi ve \u00fcretim kapasitesiyle ar\u0131c\u0131l\u0131\u011f\u0131n adeta ba\u015fkentidir. \u00d6zellikle ana ar\u0131 \u00fcretiminde sa\u011flad\u0131\u011f\u0131m\u0131z katk\u0131, T\u00fcrkiye genelindeki ar\u0131c\u0131l\u0131k faaliyetleri i\u00e7in kritik bir \u00f6neme sahip. Ancak biliyoruz ki \u00fcreticimiz zor bir d\u00f6nemden ge\u00e7iyor. Mazot maliyetlerinden ekipman deste\u011fine, profesyonel e\u011fitimlerden markala\u015fma s\u00fcrecine kadar her alanda \u00fcreticimizin elini tutmak zorunday\u0131z. Belediye olarak, ar\u0131c\u0131l\u0131\u011f\u0131n s\u00fcrd\u00fcr\u00fclebilirli\u011fi i\u00e7in gerekli te\u015fviklerin art\u0131r\u0131lmas\u0131 noktas\u0131nda Ankara B\u00fcy\u00fck\u015fehir Belediyemiz ve \u00fcniversitelerimizle tam bir e\u015fg\u00fcd\u00fcm i\u00e7inde \u00e7al\u0131\u015f\u0131yoruz. \u00dcreticimizin eme\u011finin kar\u015f\u0131l\u0131\u011f\u0131n\u0131 ald\u0131\u011f\u0131, Kahramankazan bal\u0131n\u0131n d\u00fcnyada parmakla g\u00f6sterildi\u011fi bir sistem kurmakta kararl\u0131y\u0131z. Birlikte \u00fcretecek, birlikte g\u00fc\u00e7lenece\u011fiz.&#8221;<\/p>\n<p>\u00c7al\u0131\u015ftayda ayr\u0131ca \u00fcreticilerin en b\u00fcy\u00fck sorunlar\u0131 aras\u0131nda yer alan ka\u00e7ak ve sahte bal \u00fcretimiyle m\u00fccadele, modern kovan deste\u011fi ve gen\u00e7lerin ar\u0131c\u0131l\u0131\u011fa \u00f6zendirilmesi konular\u0131nda somut \u00e7\u00f6z\u00fcm \u00f6nerileri geli\u015ftirildi.<\/p>\n<p>\u00a0<\/p>\n<p>Kaynak: (BYZHA) Beyaz Haber Ajans\u0131<\/p>\n","protected":false},"excerpt":{"rendered":"<p>Ankara B\u00fcy\u00fck\u015fehir Belediyesi, Kahramankazan Belediyesi ve Ba\u015fkent \u00dcniversitesi i\u015f birli\u011fiyle d\u00fczenlenen &#8220;Ar\u0131c\u0131l\u0131k \u00c7al\u0131\u015ftay\u0131&#8221;, sekt\u00f6r\u00fcn payda\u015flar\u0131n\u0131 Kahramankazan\u2019da bir araya getirdi.<\/p>\n","protected":false},"author":1,"featured_media":14156,"comment_status":"open","ping_status":"open","sticky":false,"template":"","format":"standard","meta":{"footnotes":""},"categories":[22],"tags":[],"class_list":["post-14155","post","type-post","status-publish","format-standard","has-post-thumbnail","hentry","category-ekonomi"],"_links":{"self":[{"href":"https:\/\/busondakika.com.tr\/index.php?rest_route=\/wp\/v2\/posts\/14155","targetHints":{"allow":["GET"]}}],"collection":[{"href":"https:\/\/busondakika.com.tr\/index.php?rest_route=\/wp\/v2\/posts"}],"about":[{"href":"https:\/\/busondakika.com.tr\/index.php?rest_route=\/wp\/v2\/types\/post"}],"author":[{"embeddable":true,"href":"https:\/\/busondakika.com.tr\/index.php?rest_route=\/wp\/v2\/users\/1"}],"replies":[{"embeddable":true,"href":"https:\/\/busondakika.com.tr\/index.php?rest_route=%2Fwp%2Fv2%2Fcomments&post=14155"}],"version-history":[{"count":1,"href":"https:\/\/busondakika.com.tr\/index.php?rest_route=\/wp\/v2\/posts\/14155\/revisions"}],"predecessor-version":[{"id":14157,"href":"https:\/\/busondakika.com.tr\/index.php?rest_route=\/wp\/v2\/posts\/14155\/revisions\/14157"}],"wp:featuredmedia":[{"embeddable":true,"href":"https:\/\/busondakika.com.tr\/index.php?rest_route=\/wp\/v2\/media\/14156"}],"wp:attachment":[{"href":"https:\/\/busondakika.com.tr\/index.php?rest_route=%2Fwp%2Fv2%2Fmedia&parent=14155"}],"wp:term":[{"taxonomy":"category","embeddable":true,"href":"https:\/\/busondakika.com.tr\/index.php?rest_route=%2Fwp%2Fv2%2Fcategories&post=14155"},{"taxonomy":"post_tag","embeddable":true,"href":"https:\/\/busondakika.com.tr\/index.php?rest_route=%2Fwp%2Fv2%2Ftags&post=14155"}],"curies":[{"name":"wp","href":"https:\/\/api.w.org\/{rel}","templated":true}]}}