{"id":14158,"date":"2026-04-30T09:58:45","date_gmt":"2026-04-30T09:58:45","guid":{"rendered":"https:\/\/busondakika.com.tr\/?p=14158"},"modified":"2026-04-30T09:58:46","modified_gmt":"2026-04-30T09:58:46","slug":"omsan-lojistik-renault-ile-fasta-guven-tazeledi","status":"publish","type":"post","link":"https:\/\/busondakika.com.tr\/?p=14158","title":{"rendered":"OMSAN Lojistik, Renault ile Fas\u2019ta G\u00fcven Tazeledi"},"content":{"rendered":"<p> OMSAN Lojistik, k\u00f6kl\u00fc i\u015f ortaklar\u0131ndan Renault ile y\u00fcr\u00fctt\u00fc\u011f\u00fc stratejik i\u015f birli\u011finde \u00f6nemli bir ba\u015far\u0131ya daha imza att\u0131. 50 y\u0131l\u0131 a\u015fan<strong>\u00a0<\/strong>bu g\u00fc\u00e7l\u00fc ortakl\u0131k, Fas operasyonu kapsam\u0131nda 16 Mart 2026\u2019da ba\u015flayan yeni 5 y\u0131ll\u0131k s\u00f6zle\u015fme ile uluslararas\u0131 arenada daha da peki\u015ftirildi.<br \/>\u00a0<br \/>\u00a0OMSAN Lojistik\u2019in Renault ara\u00e7lar\u0131n\u0131n Fas\u2019taki ta\u015f\u0131mac\u0131l\u0131\u011f\u0131na y\u00f6nelik i\u015f birli\u011fi, 13 Ocak 2020\u2019de kazan\u0131lan ilk ihale ile ba\u015flam\u0131\u015ft\u0131. Bu s\u00fcre\u00e7te sergilenen y\u00fcksek operasyonel performans, zaman\u0131nda teslimat oranlar\u0131 ve m\u00fc\u015fteri odakl\u0131 yakla\u015f\u0131m sayesinde s\u00f6zle\u015fmeler kademeli olarak geni\u015fletildi.<br \/>\u00a0<br \/>\u00a0Mart 2023\u2019te kazan\u0131lan \u00fc\u00e7 y\u0131ll\u0131k ihale ile i\u015f birli\u011fi daha da g\u00fc\u00e7lenirken, OMSAN\u2019\u0131n sahadaki performans\u0131 s\u00fcrd\u00fcr\u00fclebilir ba\u015far\u0131n\u0131n en somut g\u00f6stergesi oldu.<br \/>\u00a0<br \/><strong>\u201cBU BA\u015eARI, G\u00dcVEN\u0130N VE OPERASYONEL D\u0130S\u0130PL\u0130N\u0130N SONUCUDUR\u201d<\/strong><br \/>\u00a0<br \/>\u00a0OMSAN Lojistik Genel M\u00fcd\u00fcr\u00fc Ahmet Tans\u0131k, kazan\u0131lan yeni ihale ile ilgili de\u011ferlendirmesinde \u015funlar\u0131 s\u00f6yledi:<br \/>\u00a0<br \/>\u00a0\u201cRenault ile 50 y\u0131l\u0131 a\u015fk\u0131n s\u00fcredir devam eden i\u015f birli\u011fimizin, uluslararas\u0131 operasyonlar\u0131m\u0131zda da ayn\u0131 g\u00fc\u00e7le s\u00fcrmesi bizim i\u00e7in son derece k\u0131ymetli. Fas\u2019ta elde etti\u011fimiz bu yeni 5 y\u0131ll\u0131k s\u00f6zle\u015fme; sadece rekabet\u00e7i bir s\u00fcrecin kazan\u0131m\u0131 de\u011fil, ayn\u0131 zamanda sahada ortaya koydu\u011fumuz disiplinin, s\u00fcrd\u00fcr\u00fclebilir hizmet anlay\u0131\u015f\u0131m\u0131z\u0131n ve g\u00fcvene dayal\u0131 i\u015f modelimizin bir sonucudur. Bug\u00fcn lojistikte fark yaratan unsur; yaln\u0131zca ta\u015f\u0131ma kapasitesi de\u011fil, u\u00e7tan uca entegre \u00e7\u00f6z\u00fcmler, veriyle desteklenen operasyon y\u00f6netimi ve kesintisiz hizmet kabiliyetidir. OMSAN olarak, Renault\u2019un k\u00fcresel tedarik zincirine de\u011fer katmaya ve operasyonel m\u00fckemmelli\u011fi uluslararas\u0131 \u00f6l\u00e7ekte s\u00fcrd\u00fcrmeye kararl\u0131y\u0131z.\u201d<br \/>\u00a0<br \/>\u00a0Yeni anla\u015fma, OMSAN Lojistik\u2019in yaln\u0131zca T\u00fcrkiye\u2019de de\u011fil, uluslararas\u0131 pazarlarda da g\u00fcvenilir ve tercih edilen bir \u00e7\u00f6z\u00fcm orta\u011f\u0131 oldu\u011funu bir kez daha ortaya koyuyor. \u015eirket, OYAK\u2019\u0131n uzun vadeli vizyonu do\u011frultusunda; s\u00fcrd\u00fcr\u00fclebilir b\u00fcy\u00fcme, g\u00fc\u00e7l\u00fc operasyonel altyap\u0131 ve multimodal ta\u015f\u0131mac\u0131l\u0131k kabiliyetleri ile k\u00fcresel lojistik a\u011f\u0131n\u0131 geni\u015fletmeye devam ediyor.<\/p>\n<p><strong>YEN\u0130 D\u00d6NEM: 5 YILLIK STRATEJ\u0130K G\u00dc\u00c7 B\u0130RL\u0130\u011e\u0130<\/strong><br \/>\u00a0<br \/>\u00a02026 y\u0131l\u0131nda ger\u00e7ekle\u015ftirilen son ihale s\u00fcrecinde OMSAN Lojistik; g\u00fc\u00e7l\u00fc altyap\u0131s\u0131, yenilik\u00e7i \u00e7\u00f6z\u00fcmleri ve entegre lojistik kabiliyetleriyle \u00f6ne \u00e7\u0131karak ihaleyi yeniden kazand\u0131.<br \/>\u00a0<br \/>\u00a0Yeni s\u00f6zle\u015fmenin, OMSAN\u2019\u0131n uluslararas\u0131 b\u00fcy\u00fcme hedefleri a\u00e7\u0131s\u0131ndan \u00f6nemli bir e\u015fik oldu\u011funu vurgulayan Otomotiv ve Yurtd\u0131\u015f\u0131 Ofisler Grup Direkt\u00f6r\u00fc Di\u011fdem Liga ise \u015funlar\u0131 s\u00f6yledi:<br \/>\u00a0<br \/>\u00a0\u201cFas\u2019ta yeniden kazan\u0131lan bu s\u00f6zle\u015fme, OMSAN\u2019\u0131n uluslararas\u0131 operasyon kabiliyetinin, hizmet kalitesinin ve sahadaki istikrar\u0131n\u0131n g\u00fc\u00e7l\u00fc bir yans\u0131mas\u0131d\u0131r. Uzun soluklu i\u015f ortakl\u0131klar\u0131n\u0131 kal\u0131c\u0131 ba\u015far\u0131ya d\u00f6n\u00fc\u015ft\u00fcren en \u00f6nemli unsur, g\u00fcveni her a\u015famada yeniden \u00fcretebilmektir. Renault ile Fas\u2019ta devam edecek bu yeni d\u00f6nem de, OMSAN\u2019\u0131n k\u00fcresel \u00f6l\u00e7ekte de\u011fer \u00fcreten \u00e7\u00f6z\u00fcm orta\u011f\u0131 kimli\u011fini daha da g\u00fc\u00e7lendirecektir.\u201d<br \/>\u00a0<br \/>\u00a0Yeni s\u00f6zle\u015fme kapsam\u0131nda 16 Mart 2026 itibar\u0131yla ba\u015flayan i\u015f birli\u011fi 5 y\u0131l boyunca kesintisiz devam edecek; OMSAN, Fas\u2019taki operasyonel g\u00fcc\u00fcn\u00fc daha da art\u0131r\u0131rken Renault\u2019un tedarik zinciri verimlili\u011fine stratejik katk\u0131 sunmay\u0131 s\u00fcrd\u00fcrecek.<\/p>\n<p>\u00a0<\/p>\n<p>Kaynak: (BYZHA) Beyaz Haber Ajans\u0131<\/p>\n","protected":false},"excerpt":{"rendered":"<p>OMSAN Lojistik, k\u00f6kl\u00fc i\u015f ortaklar\u0131ndan Renault ile y\u00fcr\u00fctt\u00fc\u011f\u00fc stratejik i\u015f birli\u011finde \u00f6nemli bir ba\u015far\u0131ya daha imza att\u0131.<\/p>\n","protected":false},"author":1,"featured_media":14159,"comment_status":"open","ping_status":"open","sticky":false,"template":"","format":"standard","meta":{"footnotes":""},"categories":[26],"tags":[],"class_list":["post-14158","post","type-post","status-publish","format-standard","has-post-thumbnail","hentry","category-otomobil"],"_links":{"self":[{"href":"https:\/\/busondakika.com.tr\/index.php?rest_route=\/wp\/v2\/posts\/14158","targetHints":{"allow":["GET"]}}],"collection":[{"href":"https:\/\/busondakika.com.tr\/index.php?rest_route=\/wp\/v2\/posts"}],"about":[{"href":"https:\/\/busondakika.com.tr\/index.php?rest_route=\/wp\/v2\/types\/post"}],"author":[{"embeddable":true,"href":"https:\/\/busondakika.com.tr\/index.php?rest_route=\/wp\/v2\/users\/1"}],"replies":[{"embeddable":true,"href":"https:\/\/busondakika.com.tr\/index.php?rest_route=%2Fwp%2Fv2%2Fcomments&post=14158"}],"version-history":[{"count":1,"href":"https:\/\/busondakika.com.tr\/index.php?rest_route=\/wp\/v2\/posts\/14158\/revisions"}],"predecessor-version":[{"id":14160,"href":"https:\/\/busondakika.com.tr\/index.php?rest_route=\/wp\/v2\/posts\/14158\/revisions\/14160"}],"wp:featuredmedia":[{"embeddable":true,"href":"https:\/\/busondakika.com.tr\/index.php?rest_route=\/wp\/v2\/media\/14159"}],"wp:attachment":[{"href":"https:\/\/busondakika.com.tr\/index.php?rest_route=%2Fwp%2Fv2%2Fmedia&parent=14158"}],"wp:term":[{"taxonomy":"category","embeddable":true,"href":"https:\/\/busondakika.com.tr\/index.php?rest_route=%2Fwp%2Fv2%2Fcategories&post=14158"},{"taxonomy":"post_tag","embeddable":true,"href":"https:\/\/busondakika.com.tr\/index.php?rest_route=%2Fwp%2Fv2%2Ftags&post=14158"}],"curies":[{"name":"wp","href":"https:\/\/api.w.org\/{rel}","templated":true}]}}