{"id":14176,"date":"2026-04-30T10:20:02","date_gmt":"2026-04-30T10:20:02","guid":{"rendered":"https:\/\/busondakika.com.tr\/?p=14176"},"modified":"2026-04-30T10:20:04","modified_gmt":"2026-04-30T10:20:04","slug":"buyuksehirin-yurttas-meclisi-yola-cikiyor","status":"publish","type":"post","link":"https:\/\/busondakika.com.tr\/?p=14176","title":{"rendered":"B\u00fcy\u00fck\u015fehir\u2019in Yurtta\u015f Meclisi yola \u00e7\u0131k\u0131yor"},"content":{"rendered":"<p> \u0130zmir B\u00fcy\u00fck\u015fehir Belediyesi\u2019nin Yurtta\u015f Meclisi uygulamas\u0131yla \u0130zmirliler, kent y\u00f6netimine do\u011frudan kat\u0131larak uzmanlarla birlikte \u00e7\u00f6z\u00fcm \u00fcretme s\u00fcrecine dahil oluyor. T\u00fcm il\u00e7eleri kapsayacak \u015fekilde tasarlanan Yurtta\u015f Meclisi \u0130zmir i\u00e7in ba\u015fvuru takvimi de netle\u015fti.<\/p>\n<p>\u0130zmir B\u00fcy\u00fck\u015fehir Belediyesi taraf\u0131ndan hayata ge\u00e7irilen Yurtta\u015f Meclisi \u0130zmir \u00e7al\u0131\u015fmas\u0131yla, kentin y\u00f6netiminde yurtta\u015flar etkin hale geliyor. \u0130zmirliler, Yurtta\u015f Meclisi vas\u0131tas\u0131yla su y\u00f6netiminden tar\u0131ma, s\u00fcrd\u00fcr\u00fclebilir ula\u015f\u0131mdan enerji verimlili\u011fine kadar kentsel politika alanlar\u0131nda sadece g\u00f6r\u00fc\u015f bildirmekle kalmayacak, uzmanlar e\u015fli\u011finde y\u00fcr\u00fct\u00fclecek m\u00fczakere s\u00fcre\u00e7lerine kat\u0131larak uygulanabilir \u00e7\u00f6z\u00fcmler geli\u015ftirecek.<br \/>\u0130zmir\u2019in t\u00fcm\u00fcn\u00fc kapsayacak meclisle il\u00e7elerin temsil edildi\u011fi demokratik bir ortam tasarland\u0131. Bilgiye ve veriye dayal\u0131 bu yeni y\u00f6neti\u015fim modelinde, il\u00e7e d\u00fczeyinde \u00fcretilen t\u00fcm \u00f6neriler \u0130zmir \u0130l Yurtta\u015f Meclisi \u00e7at\u0131s\u0131 alt\u0131nda sentezlenerek b\u00fct\u00fcnc\u00fcl bir kent stratejisine d\u00f6n\u00fc\u015ft\u00fcr\u00fclecek.<\/p>\n<p><strong>\u0130lk d\u00f6nem ba\u015fvurular\u0131 ba\u015fl\u0131yor<\/strong><br \/>Seferihisar, Menderes, Torbal\u0131, Sel\u00e7uk, Tire, Bay\u0131nd\u0131r, Beyda\u011f, Kiraz ve \u00d6demi\u015f\u2019te ya\u015fayan vatanda\u015flar Yurtta\u015f Meclisi\u2019nin bir par\u00e7as\u0131 olmak i\u00e7in ba\u015fvurular\u0131n\u0131 4-13 May\u0131s 2026 tarihleri aras\u0131nda yapabilecek. Ba\u015fvuru i\u00e7in 18 ya\u015f\u0131n\u0131 doldurmu\u015f olma ve ilgili il\u00e7ede en az be\u015f ayd\u0131r ikamet etme \u015fart\u0131 aranacak. Kat\u0131l\u0131mc\u0131lar demografik denge g\u00f6zetilerek \u201cYurtta\u015f Piyangosu\u201d y\u00f6ntemiyle belirlenecek.<br \/>Bu s\u00fcrecin bir par\u00e7as\u0131 olmak ve de\u011fi\u015fimde rol almak isteyen \u0130zmirliler\u00a0https:\/\/www.izmir.bel.tr\u00a0adresi \u00fczerinden ba\u015fvuru yapabilecek. Ayr\u0131ca detayl\u0131 bilgi i\u00e7in 153 numaral\u0131 Hem\u015fehri \u0130leti\u015fim Merkezi\u2019ne (H\u0130M) ula\u015f\u0131labilecek.\u00a0<br \/>Narl\u0131dere, Bal\u00e7ova, G\u00fczelbah\u00e7e, Konak, Karaba\u011flar, Gaziemir, \u00c7i\u011fli, Kar\u015f\u0131yaka, Bayrakl\u0131, Bornova, Buca, Kemalpa\u015fa il\u00e7elerinde 17-26 Haziran tarihlerinde, \u00c7e\u015fme, Karaburun, Urla, Alia\u011fa, Fo\u00e7a, Menemen, Bergama, K\u0131n\u0131k, Dikili il\u00e7elerinde 12-21 A\u011fustos tarihlerinde ba\u015fvuru yap\u0131labilecek.\u00a0\u00a0<\/p>\n<p>\u00a0<\/p>\n<p>Kaynak: (BYZHA) Beyaz Haber Ajans\u0131<\/p>\n","protected":false},"excerpt":{"rendered":"<p>\u0130zmir B\u00fcy\u00fck\u015fehir Belediyesi\u2019nin Yurtta\u015f Meclisi uygulamas\u0131yla \u0130zmirliler, kent y\u00f6netimine do\u011frudan kat\u0131larak uzmanlarla birlikte \u00e7\u00f6z\u00fcm \u00fcretme s\u00fcrecine dahil oluyor.<\/p>\n","protected":false},"author":1,"featured_media":14177,"comment_status":"open","ping_status":"open","sticky":false,"template":"","format":"standard","meta":{"footnotes":""},"categories":[21],"tags":[],"class_list":["post-14176","post","type-post","status-publish","format-standard","has-post-thumbnail","hentry","category-gundem"],"_links":{"self":[{"href":"https:\/\/busondakika.com.tr\/index.php?rest_route=\/wp\/v2\/posts\/14176","targetHints":{"allow":["GET"]}}],"collection":[{"href":"https:\/\/busondakika.com.tr\/index.php?rest_route=\/wp\/v2\/posts"}],"about":[{"href":"https:\/\/busondakika.com.tr\/index.php?rest_route=\/wp\/v2\/types\/post"}],"author":[{"embeddable":true,"href":"https:\/\/busondakika.com.tr\/index.php?rest_route=\/wp\/v2\/users\/1"}],"replies":[{"embeddable":true,"href":"https:\/\/busondakika.com.tr\/index.php?rest_route=%2Fwp%2Fv2%2Fcomments&post=14176"}],"version-history":[{"count":1,"href":"https:\/\/busondakika.com.tr\/index.php?rest_route=\/wp\/v2\/posts\/14176\/revisions"}],"predecessor-version":[{"id":14178,"href":"https:\/\/busondakika.com.tr\/index.php?rest_route=\/wp\/v2\/posts\/14176\/revisions\/14178"}],"wp:featuredmedia":[{"embeddable":true,"href":"https:\/\/busondakika.com.tr\/index.php?rest_route=\/wp\/v2\/media\/14177"}],"wp:attachment":[{"href":"https:\/\/busondakika.com.tr\/index.php?rest_route=%2Fwp%2Fv2%2Fmedia&parent=14176"}],"wp:term":[{"taxonomy":"category","embeddable":true,"href":"https:\/\/busondakika.com.tr\/index.php?rest_route=%2Fwp%2Fv2%2Fcategories&post=14176"},{"taxonomy":"post_tag","embeddable":true,"href":"https:\/\/busondakika.com.tr\/index.php?rest_route=%2Fwp%2Fv2%2Ftags&post=14176"}],"curies":[{"name":"wp","href":"https:\/\/api.w.org\/{rel}","templated":true}]}}