{"id":14179,"date":"2026-04-30T10:20:05","date_gmt":"2026-04-30T10:20:05","guid":{"rendered":"https:\/\/busondakika.com.tr\/?p=14179"},"modified":"2026-04-30T10:20:06","modified_gmt":"2026-04-30T10:20:06","slug":"antalya-buyuksehir-belediyesi-baskan-vekili-busra-ozdemirin-1-mayis-mesaji","status":"publish","type":"post","link":"https:\/\/busondakika.com.tr\/?p=14179","title":{"rendered":"Antalya B\u00fcy\u00fck\u015fehir Belediyesi Ba\u015fkan Vekili B\u00fc\u015fra \u00d6zdemir\u2019in 1 May\u0131s Mesaj\u0131"},"content":{"rendered":"\n<p style=\"text-align:justify\"><span style=\"font-size:12pt\"><span style=\",serif\">Bug\u00fcn, hayat\u0131n her alan\u0131nda var olan, \u00fcreten, geli\u015ftiren, d\u00fcnyam\u0131za de\u011fer katan i\u015f\u00e7i ve emek\u00e7ilerimizin en onurlu g\u00fcn\u00fcn\u00fc kutluyoruz. Eme\u011fin ve al\u0131n terinin simgesi 1 May\u0131s Emek ve Dayan\u0131\u015fma G\u00fcn\u00fc kutlu olsun. <\/span><\/span><\/p>\n<p class=\"isselectedend\" style=\"text-align:justify\"><span style=\"font-size:12pt\"><span style=\",serif\">Temeli 19. y\u00fczy\u0131ldaki a\u011f\u0131r \u00e7al\u0131\u015fma ko\u015fullar\u0131na kar\u015f\u0131 ba\u015flat\u0131lan hak arama m\u00fccadelesine dayanan 1 May\u0131s, t\u00fcm d\u00fcnyada kutlanan kitlesel bir g\u00fcnd\u00fcr. 1 May\u0131s, yaln\u0131zca bir kutlama g\u00fcn\u00fc de\u011fil; ayn\u0131 zamanda eme\u011fin de\u011ferinin hat\u0131rland\u0131\u011f\u0131, dayan\u0131\u015fman\u0131n g\u00fc\u00e7lendi\u011fi ve toplumsal birlikteli\u011fin peki\u015fti\u011fi anlaml\u0131 bir g\u00fcnd\u00fcr. <\/span><\/span><\/p>\n<p class=\"isselectedend\" style=\"text-align:justify\"><span style=\"font-size:12pt\"><span style=\",serif\">Bizler biliyoruz ki kalk\u0131nman\u0131n temel ta\u015f\u0131, bir \u00fclkenin en b\u00fcy\u00fck sermayesi al\u0131n teridir. \u00dcreten, \u00e7al\u0131\u015fan ve topluma katk\u0131 sa\u011flayan her bir vatanda\u015f\u0131m\u0131z, ortak gelece\u011fimizin in\u015fas\u0131nda \u00f6nemli bir rol \u00fcstlenmektedir. Tarladaki \u00e7ift\u00e7imizden fabrikadaki i\u015f\u00e7imize, \u015fantiyedeki m\u00fchendisimizden gece g\u00fcnd\u00fcz demeden hizmet \u00fcreten memurumuza kadar her bir ferdin eme\u011fi, \u015fehrimizin ve \u00fclkemizin kalk\u0131nmas\u0131na katk\u0131 sa\u011flamaktad\u0131r.\u00a0 <\/span><\/span><\/p>\n<p class=\"isselectedend\" style=\"text-align:justify\"><span style=\"font-size:12pt\"><span style=\",serif\">Kamu hizmetlerinin etkin ve verimli bir \u015fekilde y\u00fcr\u00fct\u00fclmesinden \u00f6zel sekt\u00f6rdeki \u00fcretim faaliyetlerine, tar\u0131mdan sanayiye, e\u011fitimden sa\u011fl\u0131\u011fa kadar her alanda b\u00fcy\u00fck bir \u00f6zveriyle g\u00f6rev yapan t\u00fcm \u00e7al\u0131\u015fanlar\u0131m\u0131z, \u00fclkemizin en de\u011ferli g\u00fcc\u00fcd\u00fcr. Toplumsal refah\u0131n artmas\u0131, ekonomik kalk\u0131nman\u0131n s\u00fcrd\u00fcr\u00fclebilirli\u011fi ve sosyal adaletin g\u00fc\u00e7lenmesi, ancak emek ve dayan\u0131\u015fma ruhunun ya\u015fat\u0131lmas\u0131yla m\u00fcmk\u00fcnd\u00fcr. Bu nedenle, \u00e7al\u0131\u015fma hayat\u0131n\u0131n daha adil, g\u00fcvenli ve insan onuruna yak\u0131\u015f\u0131r ko\u015fullarda s\u00fcrd\u00fcr\u00fclmesi temel \u00f6ncelik olmal\u0131d\u0131r. <\/span><\/span><\/p>\n<p style=\"text-align:justify\"><span style=\"font-size:12pt\"><span style=\",serif\">Bu anlaml\u0131 g\u00fcnde; evine ekmek g\u00f6t\u00fcrmek i\u00e7in b\u00fcy\u00fck bir \u00f6zveriyle \u00e7al\u0131\u015fan, ba\u015fta Antalya B\u00fcy\u00fck\u015fehir Belediyemizin fedakar \u00e7al\u0131\u015fanlar\u0131n\u0131, hayat\u0131n \u00e7arklar\u0131n\u0131 b\u00fcy\u00fck bir azimle d\u00f6nd\u00fcren t\u00fcm emek\u00e7i karde\u015flerimi en i\u00e7ten duygular\u0131mla selaml\u0131yorum. Sizin gayretiniz, sizin sabr\u0131n\u0131z ve sizin \u00fcretiminizle yar\u0131nlara \u00e7ok daha g\u00fcvenle bak\u0131yoruz.<\/span><\/span><\/p>\n<p style=\"text-align:justify\"><span style=\"font-size:12pt\"><span style=\"font-family:Cambria,serif\"><span style=\",serif\">1 May\u0131s\u2019\u0131n bayram havas\u0131nda kutlanaca\u011f\u0131 g\u00fcnlere olan \u00f6zlemimizle \u015fehrimiz i\u00e7in, \u00fclkemiz i\u00e7in \u00e7al\u0131\u015fan, \u00fcreten t\u00fcm emek\u00e7ilerimize \u015f\u00fckranlar\u0131m\u0131z\u0131 sunuyor, \u00a0bir kez daha 1 May\u0131s Emek ve Dayan\u0131\u015fma G\u00fcn\u00fc\u2019n\u00fc kutluyorum. <\/span><\/span><\/span><\/p>\n<p>Kaynak: (BYZHA) Beyaz Haber Ajans\u0131<\/p>\n","protected":false},"excerpt":{"rendered":"<p>Bug\u00fcn, hayat\u0131n her alan\u0131nda var olan, \u00fcreten, geli\u015ftiren, d\u00fcnyam\u0131za de\u011fer katan i\u015f\u00e7i ve emek\u00e7ilerimizin en onurlu g\u00fcn\u00fcn\u00fc kutluyoruz.<\/p>\n","protected":false},"author":1,"featured_media":14180,"comment_status":"open","ping_status":"open","sticky":false,"template":"","format":"standard","meta":{"footnotes":""},"categories":[21],"tags":[],"class_list":["post-14179","post","type-post","status-publish","format-standard","has-post-thumbnail","hentry","category-gundem"],"_links":{"self":[{"href":"https:\/\/busondakika.com.tr\/index.php?rest_route=\/wp\/v2\/posts\/14179","targetHints":{"allow":["GET"]}}],"collection":[{"href":"https:\/\/busondakika.com.tr\/index.php?rest_route=\/wp\/v2\/posts"}],"about":[{"href":"https:\/\/busondakika.com.tr\/index.php?rest_route=\/wp\/v2\/types\/post"}],"author":[{"embeddable":true,"href":"https:\/\/busondakika.com.tr\/index.php?rest_route=\/wp\/v2\/users\/1"}],"replies":[{"embeddable":true,"href":"https:\/\/busondakika.com.tr\/index.php?rest_route=%2Fwp%2Fv2%2Fcomments&post=14179"}],"version-history":[{"count":1,"href":"https:\/\/busondakika.com.tr\/index.php?rest_route=\/wp\/v2\/posts\/14179\/revisions"}],"predecessor-version":[{"id":14181,"href":"https:\/\/busondakika.com.tr\/index.php?rest_route=\/wp\/v2\/posts\/14179\/revisions\/14181"}],"wp:featuredmedia":[{"embeddable":true,"href":"https:\/\/busondakika.com.tr\/index.php?rest_route=\/wp\/v2\/media\/14180"}],"wp:attachment":[{"href":"https:\/\/busondakika.com.tr\/index.php?rest_route=%2Fwp%2Fv2%2Fmedia&parent=14179"}],"wp:term":[{"taxonomy":"category","embeddable":true,"href":"https:\/\/busondakika.com.tr\/index.php?rest_route=%2Fwp%2Fv2%2Fcategories&post=14179"},{"taxonomy":"post_tag","embeddable":true,"href":"https:\/\/busondakika.com.tr\/index.php?rest_route=%2Fwp%2Fv2%2Ftags&post=14179"}],"curies":[{"name":"wp","href":"https:\/\/api.w.org\/{rel}","templated":true}]}}