{"id":14194,"date":"2026-04-30T10:27:58","date_gmt":"2026-04-30T10:27:58","guid":{"rendered":"https:\/\/busondakika.com.tr\/?p=14194"},"modified":"2026-04-30T10:27:59","modified_gmt":"2026-04-30T10:27:59","slug":"baskan-sengel-verilen-sozler-yerine-getiriliyor","status":"publish","type":"post","link":"https:\/\/busondakika.com.tr\/?p=14194","title":{"rendered":"Ba\u015fkan Sengel: \u201cVerilen S\u00f6zler Yerine Getiriliyor\u201d"},"content":{"rendered":"<p> Efes Sel\u00e7uk Belediye Ba\u015fkan\u0131 Filiz Cerito\u011flu Sengel, Pamucak\u2019ta devam eden asfaltlama \u00e7al\u0131\u015fmalar\u0131yla ilgili bilgi verdi.<\/p>\n<p>\u0130zmir B\u00fcy\u00fck\u015fehir Belediyesi\u2019ne ba\u011fl\u0131 \u0130ZBETON ekipleri, Efes Sel\u00e7uk genelinde asfaltlama \u00e7al\u0131\u015fmalar\u0131na ba\u015flad\u0131. \u00c7al\u0131\u015fmalar\u0131n ilk etab\u0131n\u0131n Pamucak\u2019ta y\u00fcr\u00fct\u00fcld\u00fc\u011f\u00fcn\u00fc belirten Ba\u015fkan Sengel, sahada emek\u00e7ilerle bir araya gelerek s\u00fcre\u00e7 hakk\u0131nda bilgi ald\u0131.<\/p>\n<p>\u0130ZBETON ekipleriyle \u00e7al\u0131\u015fma alan\u0131nda bir araya gelen ve il\u00e7ede asfaltlama \u00e7al\u0131\u015fmalar\u0131n\u0131n etap etap s\u00fcrd\u00fcr\u00fclece\u011fini ifade eden Ba\u015fkan Filiz Cerito\u011flu Sengel; \u201cArvalya\u2019n\u0131n \u00fcst taraf\u0131nday\u0131z. Pamucak\u2019\u0131n alt\u0131na kadar, yani Seferihisar yol ayr\u0131m\u0131na kadar asfaltlama \u00e7al\u0131\u015fmalar\u0131 devam edecek. Ard\u0131ndan Zeytink\u00f6y\u2019de, altyap\u0131 \u00e7al\u0131\u015fmalar\u0131n\u0131n tamamlanmas\u0131yla birlikte sanayi b\u00f6lgesi ve i\u00e7 kesimlerde asfaltlama \u00e7al\u0131\u015fmalar\u0131m\u0131z s\u00fcrecek\u201d dedi.<\/p>\n<p>Ba\u015fkan Sengel, \u0130zmir B\u00fcy\u00fck\u015fehir Belediye Ba\u015fkan\u0131 Cemil Tugay ba\u015fta olmak \u00fczere, \u0130ZBETON Genel M\u00fcd\u00fcr\u00fc G\u00f6khan Kara\u2019ya, Fen \u0130\u015fleri Dairesi\u2019ne ve sahada g\u00f6rev yapan t\u00fcm emek\u00e7ilere te\u015fekk\u00fcr ederek; \u201cEfes Sel\u00e7uk\u2019a verilen s\u00f6zlerin bire bir yerine getirilmesinden dolay\u0131 hem hem\u015fehrilerimiz hem de d\u00fcnyan\u0131n d\u00f6rt bir yan\u0131ndan kentimizi ziyaret eden misafirlerimiz ad\u0131na te\u015fekk\u00fcr ediyoruz. \u00c7\u00fcnk\u00fc bu yollar sadece Efes Sel\u00e7uk i\u00e7in de\u011fil, T\u00fcrkiye i\u00e7in de b\u00fcy\u00fck \u00f6nem ta\u015f\u0131yor. Bu yollar, \u00fclkemizin d\u00fcnyaya a\u00e7\u0131lan kap\u0131s\u0131 ve vitrini niteli\u011finde. Ve bu \u00f6nemli \u00e7al\u0131\u015fmalar \u0130zmir B\u00fcy\u00fck\u015fehir Belediyemiz ile \u0130ZBETON taraf\u0131ndan hayata ge\u00e7iriliyor\u201d dedi.<\/p>\n<p>\u00a0<\/p>\n<p>\u00a0<\/p>\n<p>Kaynak: (BYZHA) Beyaz Haber Ajans\u0131<\/p>\n","protected":false},"excerpt":{"rendered":"<p>Efes Sel\u00e7uk Belediye Ba\u015fkan\u0131 Filiz Cerito\u011flu Sengel, Pamucak\u2019ta devam eden asfaltlama \u00e7al\u0131\u015fmalar\u0131yla ilgili bilgi verdi.<\/p>\n","protected":false},"author":1,"featured_media":14195,"comment_status":"open","ping_status":"open","sticky":false,"template":"","format":"standard","meta":{"footnotes":""},"categories":[21],"tags":[],"class_list":["post-14194","post","type-post","status-publish","format-standard","has-post-thumbnail","hentry","category-gundem"],"_links":{"self":[{"href":"https:\/\/busondakika.com.tr\/index.php?rest_route=\/wp\/v2\/posts\/14194","targetHints":{"allow":["GET"]}}],"collection":[{"href":"https:\/\/busondakika.com.tr\/index.php?rest_route=\/wp\/v2\/posts"}],"about":[{"href":"https:\/\/busondakika.com.tr\/index.php?rest_route=\/wp\/v2\/types\/post"}],"author":[{"embeddable":true,"href":"https:\/\/busondakika.com.tr\/index.php?rest_route=\/wp\/v2\/users\/1"}],"replies":[{"embeddable":true,"href":"https:\/\/busondakika.com.tr\/index.php?rest_route=%2Fwp%2Fv2%2Fcomments&post=14194"}],"version-history":[{"count":1,"href":"https:\/\/busondakika.com.tr\/index.php?rest_route=\/wp\/v2\/posts\/14194\/revisions"}],"predecessor-version":[{"id":14196,"href":"https:\/\/busondakika.com.tr\/index.php?rest_route=\/wp\/v2\/posts\/14194\/revisions\/14196"}],"wp:featuredmedia":[{"embeddable":true,"href":"https:\/\/busondakika.com.tr\/index.php?rest_route=\/wp\/v2\/media\/14195"}],"wp:attachment":[{"href":"https:\/\/busondakika.com.tr\/index.php?rest_route=%2Fwp%2Fv2%2Fmedia&parent=14194"}],"wp:term":[{"taxonomy":"category","embeddable":true,"href":"https:\/\/busondakika.com.tr\/index.php?rest_route=%2Fwp%2Fv2%2Fcategories&post=14194"},{"taxonomy":"post_tag","embeddable":true,"href":"https:\/\/busondakika.com.tr\/index.php?rest_route=%2Fwp%2Fv2%2Ftags&post=14194"}],"curies":[{"name":"wp","href":"https:\/\/api.w.org\/{rel}","templated":true}]}}