{"id":14206,"date":"2026-04-30T10:28:12","date_gmt":"2026-04-30T10:28:12","guid":{"rendered":"https:\/\/busondakika.com.tr\/?p=14206"},"modified":"2026-04-30T10:28:13","modified_gmt":"2026-04-30T10:28:13","slug":"bakirkoyde-atik-camlar-sanata-donustu","status":"publish","type":"post","link":"https:\/\/busondakika.com.tr\/?p=14206","title":{"rendered":"Bak\u0131rk\u00f6y\u2019de At\u0131k Camlar Sanata D\u00f6n\u00fc\u015ft\u00fc"},"content":{"rendered":"<p> Bak\u0131rk\u00f6y Belediyesi \u0130klim De\u011fi\u015fikli\u011fi ve S\u0131f\u0131r At\u0131k M\u00fcd\u00fcrl\u00fc\u011f\u00fc, \u201cAt\u0131k Cam Ay\u0131\u201d kapsam\u0131nda Atak\u00f6y Emekliler Evi\u2019nde cam mozaik at\u00f6lyesi d\u00fczenledi. Etkinlikte vatanda\u015flar at\u0131k camlar\u0131 geri d\u00f6n\u00fc\u015ft\u00fcrerek rengarenk mozaiklere d\u00f6n\u00fc\u015ft\u00fcrd\u00fc.<\/p>\n<p>Bak\u0131rk\u00f6y Belediyesi \u0130klim De\u011fi\u015fikli\u011fi ve S\u0131f\u0131r At\u0131k M\u00fcd\u00fcrl\u00fc\u011f\u00fc, \u00e7evre bilincini art\u0131rmaya y\u00f6nelik \u00e7al\u0131\u015fmalar\u0131na bir yenisini daha ekledi. \u201cAt\u0131k Cam Ay\u0131\u201d kapsam\u0131nda d\u00fczenlenen cam mozaik at\u00f6lyesi, Atak\u00f6y Emekliler Evi\u2019nde ger\u00e7ekle\u015ftirildi. Yo\u011fun kat\u0131l\u0131m\u0131n oldu\u011fu etkinlikte vatanda\u015flar, kullan\u0131lmayan cam par\u00e7alar\u0131n\u0131 bir araya getirerek mozaik \u00e7al\u0131\u015fmalar yapt\u0131. Kat\u0131l\u0131mc\u0131lar hem geri d\u00f6n\u00fc\u015f\u00fcm\u00fcn \u00f6nemine dikkat \u00e7ekti hem de ortaya estetik ve renkli eserler \u00e7\u0131kard\u0131. At\u0131k camlar\u0131n sanata d\u00f6n\u00fc\u015ft\u00fc\u011f\u00fc at\u00f6lyede, geri d\u00f6n\u00fc\u015f\u00fcm\u00fcn yaln\u0131zca \u00e7evreyi korumakla kalmay\u0131p ayn\u0131 zamanda yarat\u0131c\u0131 \u00fcretime de katk\u0131 sundu\u011fu vurguland\u0131.<\/p>\n<p>\u00a0<\/p>\n<p>Kaynak: (BYZHA) Beyaz Haber Ajans\u0131<\/p>\n","protected":false},"excerpt":{"rendered":"<p>Bak\u0131rk\u00f6y Belediyesi \u0130klim De\u011fi\u015fikli\u011fi ve S\u0131f\u0131r At\u0131k M\u00fcd\u00fcrl\u00fc\u011f\u00fc, \u201cAt\u0131k Cam Ay\u0131\u201d kapsam\u0131nda Atak\u00f6y Emekliler Evi\u2019nde cam mozaik at\u00f6lyesi d\u00fczenledi.<\/p>\n","protected":false},"author":1,"featured_media":14207,"comment_status":"open","ping_status":"open","sticky":false,"template":"","format":"standard","meta":{"footnotes":""},"categories":[20],"tags":[],"class_list":["post-14206","post","type-post","status-publish","format-standard","has-post-thumbnail","hentry","category-kultur-sanat"],"_links":{"self":[{"href":"https:\/\/busondakika.com.tr\/index.php?rest_route=\/wp\/v2\/posts\/14206","targetHints":{"allow":["GET"]}}],"collection":[{"href":"https:\/\/busondakika.com.tr\/index.php?rest_route=\/wp\/v2\/posts"}],"about":[{"href":"https:\/\/busondakika.com.tr\/index.php?rest_route=\/wp\/v2\/types\/post"}],"author":[{"embeddable":true,"href":"https:\/\/busondakika.com.tr\/index.php?rest_route=\/wp\/v2\/users\/1"}],"replies":[{"embeddable":true,"href":"https:\/\/busondakika.com.tr\/index.php?rest_route=%2Fwp%2Fv2%2Fcomments&post=14206"}],"version-history":[{"count":1,"href":"https:\/\/busondakika.com.tr\/index.php?rest_route=\/wp\/v2\/posts\/14206\/revisions"}],"predecessor-version":[{"id":14208,"href":"https:\/\/busondakika.com.tr\/index.php?rest_route=\/wp\/v2\/posts\/14206\/revisions\/14208"}],"wp:featuredmedia":[{"embeddable":true,"href":"https:\/\/busondakika.com.tr\/index.php?rest_route=\/wp\/v2\/media\/14207"}],"wp:attachment":[{"href":"https:\/\/busondakika.com.tr\/index.php?rest_route=%2Fwp%2Fv2%2Fmedia&parent=14206"}],"wp:term":[{"taxonomy":"category","embeddable":true,"href":"https:\/\/busondakika.com.tr\/index.php?rest_route=%2Fwp%2Fv2%2Fcategories&post=14206"},{"taxonomy":"post_tag","embeddable":true,"href":"https:\/\/busondakika.com.tr\/index.php?rest_route=%2Fwp%2Fv2%2Ftags&post=14206"}],"curies":[{"name":"wp","href":"https:\/\/api.w.org\/{rel}","templated":true}]}}