{"id":14218,"date":"2026-04-30T10:38:10","date_gmt":"2026-04-30T10:38:10","guid":{"rendered":"https:\/\/busondakika.com.tr\/?p=14218"},"modified":"2026-04-30T10:38:11","modified_gmt":"2026-04-30T10:38:11","slug":"bobrek-tasi-sessiz-buyuyor-alarm-agri-ile-geliyor","status":"publish","type":"post","link":"https:\/\/busondakika.com.tr\/?p=14218","title":{"rendered":"B\u00f6brek ta\u015f\u0131 sessiz b\u00fcy\u00fcyor, alarm a\u011fr\u0131 ile geliyor"},"content":{"rendered":"<p> <strong>Her 10 ki\u015fiden 1\u2019ini etkileyen b\u00f6brek ta\u015flar\u0131n\u0131n \u00e7o\u011fu zaman belirti vermeden ilerledi\u011fini s\u00f6yleyen Anadolu Sa\u011fl\u0131k Merkezi Hastanesi\u2019nden \u00dcroloji Uzman\u0131 Op. Dr. Elnur Allahverdiyev, \u201cA\u011fr\u0131 ba\u015flad\u0131\u011f\u0131nda tablo genellikle ilerlemi\u015f oluyor\u201d dedi. B\u00f6brek ta\u015f\u0131n\u0131n erkeklerde daha yayg\u0131n oldu\u011funa dikkat \u00e7eken Op. Dr. Allahverdiyev, en y\u00fcksek oran\u0131n 30 \u2013 50 ya\u015f aral\u0131\u011f\u0131nda oldu\u011funu vurgulad\u0131. \u00a0<\/strong><\/p>\n<p>B\u00f6brek ta\u015flar\u0131n\u0131n, idrardaki mineraller ve tuzlar\u0131n kristalle\u015ferek b\u00f6brekte birikmesiyle olu\u015ftu\u011funu belirten Anadolu Sa\u011fl\u0131k Merkezi Hastanesi\u2019nden \u00dcroloji Uzman\u0131 Op. Dr. Elnur Allahverdiyev, \u201cK\u00fc\u00e7\u00fck ta\u015flar \u00e7o\u011fu zaman fark edilmeden v\u00fccuttan at\u0131labilir. Ancak ta\u015f b\u00fcy\u00fcd\u00fc\u011f\u00fcnde \u015fiddetli a\u011fr\u0131, bulant\u0131, idrarda kanama ve enfeksiyonlara yol a\u00e7abilir. Tedavi edilmedi\u011finde ise kal\u0131c\u0131 b\u00f6brek hasar\u0131 riski ortaya \u00e7\u0131kar\u201d diye konu\u015ftu. B\u00f6brek ta\u015flar\u0131n\u0131n toplumda olduk\u00e7a yayg\u0131n g\u00f6r\u00fcld\u00fc\u011f\u00fcn\u00fc vurgulayan Op. Dr. Allahverdiyev, \u201cAra\u015ft\u0131rmalar, bireylerin yakla\u015f\u0131k y\u00fczde 10\u201315\u2019inin ya\u015fam\u0131 boyunca en az bir kez b\u00f6brek ta\u015f\u0131yla kar\u015f\u0131la\u015ft\u0131\u011f\u0131n\u0131 ve erkeklerde daha yayg\u0131n g\u00f6r\u00fcld\u00fc\u011f\u00fcn\u00fc ortaya koyuyor. En y\u00fcksek oran ise 30\u201350 ya\u015f aras\u0131ndaki erkeklerde. \u00d6zellikle s\u0131cak iklimde ya\u015fayan ve yeterli su t\u00fcketmeyen ki\u015filerde de risk art\u0131yor\u201d dedi. B\u00f6brek ta\u015flar\u0131n\u0131n kimyasal yap\u0131s\u0131na g\u00f6re farkl\u0131 tiplerde olu\u015fabildi\u011fini anlatan Op. Dr. Allahverdiyev, en s\u0131k kalsiyum ta\u015flar\u0131 ile kar\u015f\u0131la\u015ft\u0131klar\u0131n\u0131 belirterek \u201cV\u00fccutta fazla \u00fcrik asit birikmesi ile olu\u015fan ve idrar\u0131n asidik oldu\u011fu durumlarda g\u00f6r\u00fclen\u00a0\u00fcrik asit ta\u015flar\u0131, idrar yolu enfeksiyona ba\u011fl\u0131 geli\u015fen ve h\u0131zla b\u00fcy\u00fcyebilen struvit ta\u015flar\u0131 son olarak da genetik k\u00f6kenli hastal\u0131\u011fa ba\u011fl\u0131 geli\u015fen sistin ta\u015flar\u0131 di\u011fer tipler olarak s\u0131ralanabilir\u201d diye konu\u015ftu.\u00a0<\/p>\n<p><strong>En b\u00fcy\u00fck risk yetersiz su t\u00fcketimi\u00a0<\/strong><\/p>\n<p>Ta\u015f olu\u015fumunun en \u00f6nemli nedenlerinden birinin susuz kalmak oldu\u011funa dikkat \u00e7eken Op. Dr. Allahverdiyev, \u201cYetersiz s\u0131v\u0131 al\u0131m\u0131, y\u00fcksek tuz ve protein t\u00fcketimi, genetik yatk\u0131nl\u0131k ve idrar yolu enfeksiyonlar\u0131 ta\u015f olu\u015fumunu tetikleyen ba\u015fl\u0131ca fakt\u00f6rler olarak s\u0131ralanabilir. Bu durum, idrardaki mineral dengesini bozarak kristalle\u015fmeyi kolayla\u015ft\u0131r\u0131r\u201d dedi. B\u00f6brek ta\u015flar\u0131ndan korunmak i\u00e7in g\u00fcnl\u00fck al\u0131\u015fkanl\u0131klar\u0131n \u00f6nemine de\u011finen Op. Dr. Allahverdiyev, \u201cG\u00fcnl\u00fck en az 2\u20132,5 litre su i\u00e7mek, tuz ve protein t\u00fcketimini s\u0131n\u0131rlamak, dengeli beslenmek ve d\u00fczenli hareket etmek ta\u015f olu\u015fum riskini azalt\u0131r\u201d dedi. Op. Dr. Allahverdiyev daha \u00f6nce ta\u015f d\u00fc\u015f\u00fcrm\u00fc\u015f ki\u015filerin d\u00fczenli kontrollerini ihmal etmemesi gerekti\u011fine dikkat \u00e7ekti.\u00a0<\/p>\n<p><strong>Belirtileri hafife almay\u0131n\u00a0<\/strong><\/p>\n<p>Belirtiler hakk\u0131nda bilgi veren Op. Dr. Allahverdiyev, \u201cK\u00fc\u00e7\u00fck ta\u015flar \u00e7o\u011fu zaman sessiz ilerler. Ancak ta\u015f hareket etmeye ba\u015flad\u0131\u011f\u0131nda veya idrar yolunu t\u0131kad\u0131\u011f\u0131nda \u015fiddetli yan ve bel a\u011fr\u0131s\u0131 ortaya \u00e7\u0131kar. \u0130drarda kan, bulant\u0131, kusma, idrar yaparken yanma ve enfeksiyon durumunda ate\u015f de tabloya e\u015flik edebilir. Bu belirtiler g\u00f6r\u00fcld\u00fc\u011f\u00fcnde vakit kaybetmeden bir sa\u011fl\u0131k merkezine ba\u015fvurulmas\u0131 \u00f6nemli\u201d diye konu\u015ftu.\u00a0<\/p>\n<p><strong>Mini-PCNL ile b\u00fcy\u00fck ta\u015flarda bile y\u00fcksek ba\u015far\u0131\u00a0<\/strong><\/p>\n<p>Tedavi y\u00f6ntemlerinin ta\u015f\u0131n boyutu, konumu ve hastan\u0131n \u015fikayetine g\u00f6re \u015fekillendi\u011fini belirten Op. Dr. \u00a0 Allahverdiyev, \u201cK\u00fc\u00e7\u00fck ta\u015flar\u0131 \u00e7o\u011funlukla s\u0131v\u0131 tedavisi ve a\u011fr\u0131 kontrol\u00fc ile d\u00fc\u015f\u00fcrebiliyoruz. Ancak daha b\u00fcy\u00fck veya zor konumlu ta\u015flarda cerrahi y\u00f6ntemler gerekli olabilir\u201d dedi. Modern y\u00f6ntemler aras\u0131nda Supin Mini Perk\u00fctan Cerrahi (Mini-PCNL)\u2019in \u00f6ne \u00e7\u0131kt\u0131\u011f\u0131n\u0131 anlatan Op. Dr. Allahverdiyev,\u00a0\u201cBu tekni\u011fi \u00f6zellikle 1 cm\u2019den b\u00fcy\u00fck, zor konumlu veya multipl ta\u015flarda tercih ediyoruz. 2-3 cm ve daha \u00fczeri b\u00fcy\u00fck ya da kompleks ta\u015f yap\u0131lar\u0131n\u0131 bu y\u00f6ntemle g\u00fcvenli ve etkin \u015fekilde tedavi edebiliyoruz. Y\u00f6ntem minimal invaziv olmas\u0131yla hastan\u0131n konforunu art\u0131r\u0131yor, komplikasyon riskini d\u00fc\u015f\u00fcr\u00fcyor ve hastanede kal\u0131\u015f s\u00fcresini azalt\u0131yor\u201d diye konu\u015ftu. \u00a0<\/p>\n<p><strong>Ta\u015f\u0131 \u00e7\u0131karmak yetmez, tekrar\u0131n\u0131 \u00f6nlemek gerekir<\/strong><\/p>\n<p>B\u00f6brek ta\u015f\u0131 tedavisinde uzun vadeli yakla\u015f\u0131m\u0131n \u00f6nemine dikkat \u00e7eken Op. Dr. Allahverdiyev, \u201cTa\u015f\u0131n \u00e7\u0131kar\u0131lmas\u0131 tedavinin sadece bir k\u0131sm\u0131. As\u0131l \u00f6nemli olan ta\u015f\u0131n neden olu\u015ftu\u011funu anlamak ve tekrar\u0131n\u0131 \u00f6nlemek. Bu nedenle ta\u015f analizi ve metabolik de\u011ferlendirme \u00f6nemli. Ta\u015f\u0131n kimyasal yap\u0131s\u0131n\u0131 analiz ederek ki\u015fiye \u00f6zel \u00f6nlemler alabiliyoruz. Kan ve idrar testleriyle yap\u0131lan metabolik analizler sayesinde hastaya \u00f6zel diyet ve tedavi plan\u0131 olu\u015fturuyoruz\u201d dedi.\u00a0<\/p>\n<p>\u00a0<\/p>\n<p>Kaynak: (BYZHA) Beyaz Haber Ajans\u0131<\/p>\n","protected":false},"excerpt":{"rendered":"<p>Her 10 ki\u015fiden 1\u2019ini etkileyen b\u00f6brek ta\u015flar\u0131n\u0131n \u00e7o\u011fu zaman belirti vermeden ilerledi\u011fini s\u00f6yleyen Anadolu Sa\u011fl\u0131k Merkezi Hastanesi\u2019nden \u00dcroloji Uzman\u0131 Op.<\/p>\n","protected":false},"author":1,"featured_media":14219,"comment_status":"open","ping_status":"open","sticky":false,"template":"","format":"standard","meta":{"footnotes":""},"categories":[23],"tags":[],"class_list":["post-14218","post","type-post","status-publish","format-standard","has-post-thumbnail","hentry","category-saglik"],"_links":{"self":[{"href":"https:\/\/busondakika.com.tr\/index.php?rest_route=\/wp\/v2\/posts\/14218","targetHints":{"allow":["GET"]}}],"collection":[{"href":"https:\/\/busondakika.com.tr\/index.php?rest_route=\/wp\/v2\/posts"}],"about":[{"href":"https:\/\/busondakika.com.tr\/index.php?rest_route=\/wp\/v2\/types\/post"}],"author":[{"embeddable":true,"href":"https:\/\/busondakika.com.tr\/index.php?rest_route=\/wp\/v2\/users\/1"}],"replies":[{"embeddable":true,"href":"https:\/\/busondakika.com.tr\/index.php?rest_route=%2Fwp%2Fv2%2Fcomments&post=14218"}],"version-history":[{"count":1,"href":"https:\/\/busondakika.com.tr\/index.php?rest_route=\/wp\/v2\/posts\/14218\/revisions"}],"predecessor-version":[{"id":14220,"href":"https:\/\/busondakika.com.tr\/index.php?rest_route=\/wp\/v2\/posts\/14218\/revisions\/14220"}],"wp:featuredmedia":[{"embeddable":true,"href":"https:\/\/busondakika.com.tr\/index.php?rest_route=\/wp\/v2\/media\/14219"}],"wp:attachment":[{"href":"https:\/\/busondakika.com.tr\/index.php?rest_route=%2Fwp%2Fv2%2Fmedia&parent=14218"}],"wp:term":[{"taxonomy":"category","embeddable":true,"href":"https:\/\/busondakika.com.tr\/index.php?rest_route=%2Fwp%2Fv2%2Fcategories&post=14218"},{"taxonomy":"post_tag","embeddable":true,"href":"https:\/\/busondakika.com.tr\/index.php?rest_route=%2Fwp%2Fv2%2Ftags&post=14218"}],"curies":[{"name":"wp","href":"https:\/\/api.w.org\/{rel}","templated":true}]}}