{"id":14236,"date":"2026-04-30T14:32:28","date_gmt":"2026-04-30T14:32:28","guid":{"rendered":"https:\/\/busondakika.com.tr\/?p=14236"},"modified":"2026-04-30T14:32:29","modified_gmt":"2026-04-30T14:32:29","slug":"kuzguncuk-bostaninda-kura-heyecani-180-kisi-hak-kazandi","status":"publish","type":"post","link":"https:\/\/busondakika.com.tr\/?p=14236","title":{"rendered":"Kuzguncuk Bostan\u0131\u2019nda Kura Heyecan\u0131: 180 Ki\u015fi Hak Kazand\u0131"},"content":{"rendered":"<p> Kuzguncuk Bostan\u0131\u2019nda bir y\u0131ll\u0131k \u00fccretsiz kullan\u0131m hakk\u0131 sunulan bostan parselleri i\u00e7in ger\u00e7ekle\u015ftirilen kura \u00e7ekimi yo\u011fun kat\u0131l\u0131mla yap\u0131ld\u0131. Toplam 180 ki\u015finin hak kazand\u0131\u011f\u0131 kura t\u00f6reni, mahalle sakinlerini bir araya getirdi.<\/p>\n<p>\u00dcsk\u00fcdar Belediye Ba\u015fkan\u0131 Sinem Dedeta\u015f\u2019\u0131n kat\u0131l\u0131m\u0131yla ger\u00e7ekle\u015fen programda belediye meclis \u00fcyeleri ve \u00e7ocuklar da kura \u00e7ekimine e\u015flik etti. Renkli anlara sahne olan \u00e7ekili\u015fte hak sahipleri birlikte belirlendi.<\/p>\n<p>Programda konu\u015fan Ba\u015fkan Sinem Dedeta\u015f, Kuzguncuk Bostan\u0131\u2019nda y\u00fcr\u00fct\u00fclen \u00e7al\u0131\u015fmalara ili\u015fkin bilgi verdi. Dedeta\u015f, \u201c16 bin 445 metrekare b\u00fcy\u00fckl\u00fc\u011fe sahip Kuzguncuk Bostan\u0131\u2019nda parsel say\u0131m\u0131z\u0131 96\u2019dan 180\u2019e \u00e7\u0131kard\u0131k. Kura \u00e7ekimiyle de bostan\u0131m\u0131zda bir y\u0131l boyunca ekip bi\u00e7me hakk\u0131 elde edecek kom\u015fular\u0131m\u0131z\u0131 belirledik. Bu s\u00fcre\u00e7te temel amac\u0131m\u0131z; adil, \u015feffaf ve kat\u0131l\u0131mc\u0131 bir y\u00f6netim anlay\u0131\u015f\u0131yla herkese e\u015fit f\u0131rsat sunmak\u201d dedi.<\/p>\n<p>G\u00f6reve geldikleri g\u00fcnden bu yana ye\u015fil alanlar\u0131n art\u0131r\u0131lmas\u0131 ve niteliklerinin geli\u015ftirilmesi i\u00e7in yo\u011fun bir \u00e7al\u0131\u015fma y\u00fcr\u00fctt\u00fcklerini belirten Dedeta\u015f, \u201c2025 y\u0131l\u0131nda bu \u00e7al\u0131\u015fmalar\u0131 \u00f6nemli \u00f6l\u00e7\u00fcde art\u0131rarak 53 bin 153 metrekare alanda 14 park ve ye\u015fil alan\u0131 yeniledik. Bu yakla\u015f\u0131m\u0131m\u0131z\u0131 \u00f6n\u00fcm\u00fczdeki d\u00f6nemde de s\u00fcrd\u00fcrerek her y\u0131l bir \u00f6ncekinden daha fazlas\u0131n\u0131 \u00fcretmeye devam edece\u011fiz\u201d ifadelerini kulland\u0131.<\/p>\n<p>Yeni bostan alanlar\u0131 ve sosyal ya\u015fam projelerine de de\u011finen Dedeta\u015f, il\u00e7eye kazand\u0131r\u0131lan yeni bostanla birlikte toplam bostan say\u0131s\u0131n\u0131n 4\u2019e ula\u015ft\u0131\u011f\u0131n\u0131, 7 yeni pati park ile bu alanlar\u0131n say\u0131s\u0131n\u0131n 12\u2019ye \u00e7\u0131kar\u0131ld\u0131\u011f\u0131n\u0131 ve il\u00e7e genelinde 12 binin \u00fczerinde a\u011fa\u00e7 budamas\u0131 ger\u00e7ekle\u015ftirildi\u011fini aktard\u0131. Dedeta\u015f, t\u00fcm bu \u00e7al\u0131\u015fmalarla \u00dcsk\u00fcdar\u2019da ye\u015fil alanlar\u0131n niteli\u011fini ve eri\u015filebilirli\u011fini art\u0131rarak daha s\u00fcrd\u00fcr\u00fclebilir ve ya\u015fam kalitesi y\u00fcksek bir il\u00e7e olu\u015fturmay\u0131 hedeflediklerini vurgulad\u0131.<\/p>\n<p>Kura sonucunda hak kazanan vatanda\u015flar, fidanlar\u0131n\u0131 teslim alarak kendi parsellerinde ekim ve dikim \u00e7al\u0131\u015fmalar\u0131na ba\u015flad\u0131. \u0130stanbul\u2019un kalbinde organik \u00fcretim imk\u00e2n\u0131 bulan Kuzguncuklular, topra\u011fa ilk fidelerini b\u00fcy\u00fck bir heyecanla dikti.<\/p>\n<p>\u00dcsk\u00fcdar Belediyesi\u2019nin kent tar\u0131m\u0131n\u0131 te\u015fvik eden \u00e7al\u0131\u015fmalar\u0131 kapsam\u0131nda hayata ge\u00e7irilen Kuzguncuk Bostan\u2019\u0131 hem \u00fcretim hem de sosyal bulu\u015fma alan\u0131 olarak mahalleye de\u011fer katmaya devam ediyor.<\/p>\n<p>\u00a0<\/p>\n<p>Kaynak: (BYZHA) Beyaz Haber Ajans\u0131<\/p>\n","protected":false},"excerpt":{"rendered":"<p>Kuzguncuk Bostan\u0131\u2019nda bir y\u0131ll\u0131k \u00fccretsiz kullan\u0131m hakk\u0131 sunulan bostan parselleri i\u00e7in ger\u00e7ekle\u015ftirilen kura \u00e7ekimi yo\u011fun kat\u0131l\u0131mla yap\u0131ld\u0131.<\/p>\n","protected":false},"author":1,"featured_media":14237,"comment_status":"open","ping_status":"open","sticky":false,"template":"","format":"standard","meta":{"footnotes":""},"categories":[21],"tags":[],"class_list":["post-14236","post","type-post","status-publish","format-standard","has-post-thumbnail","hentry","category-gundem"],"_links":{"self":[{"href":"https:\/\/busondakika.com.tr\/index.php?rest_route=\/wp\/v2\/posts\/14236","targetHints":{"allow":["GET"]}}],"collection":[{"href":"https:\/\/busondakika.com.tr\/index.php?rest_route=\/wp\/v2\/posts"}],"about":[{"href":"https:\/\/busondakika.com.tr\/index.php?rest_route=\/wp\/v2\/types\/post"}],"author":[{"embeddable":true,"href":"https:\/\/busondakika.com.tr\/index.php?rest_route=\/wp\/v2\/users\/1"}],"replies":[{"embeddable":true,"href":"https:\/\/busondakika.com.tr\/index.php?rest_route=%2Fwp%2Fv2%2Fcomments&post=14236"}],"version-history":[{"count":1,"href":"https:\/\/busondakika.com.tr\/index.php?rest_route=\/wp\/v2\/posts\/14236\/revisions"}],"predecessor-version":[{"id":14238,"href":"https:\/\/busondakika.com.tr\/index.php?rest_route=\/wp\/v2\/posts\/14236\/revisions\/14238"}],"wp:featuredmedia":[{"embeddable":true,"href":"https:\/\/busondakika.com.tr\/index.php?rest_route=\/wp\/v2\/media\/14237"}],"wp:attachment":[{"href":"https:\/\/busondakika.com.tr\/index.php?rest_route=%2Fwp%2Fv2%2Fmedia&parent=14236"}],"wp:term":[{"taxonomy":"category","embeddable":true,"href":"https:\/\/busondakika.com.tr\/index.php?rest_route=%2Fwp%2Fv2%2Fcategories&post=14236"},{"taxonomy":"post_tag","embeddable":true,"href":"https:\/\/busondakika.com.tr\/index.php?rest_route=%2Fwp%2Fv2%2Ftags&post=14236"}],"curies":[{"name":"wp","href":"https:\/\/api.w.org\/{rel}","templated":true}]}}