{"id":14239,"date":"2026-04-30T14:32:29","date_gmt":"2026-04-30T14:32:29","guid":{"rendered":"https:\/\/busondakika.com.tr\/?p=14239"},"modified":"2026-04-30T14:32:30","modified_gmt":"2026-04-30T14:32:30","slug":"isudan-golcuk-kurban-deresine-guvenli-ve-surdurulebilir-islah","status":"publish","type":"post","link":"https:\/\/busondakika.com.tr\/?p=14239","title":{"rendered":"\u0130SU\u2019dan G\u00f6lc\u00fck Kurban Deresi\u2019ne G\u00fcvenli ve S\u00fcrd\u00fcr\u00fclebilir Islah"},"content":{"rendered":"<p> Kocaeli B\u00fcy\u00fck\u015fehir Belediyesi \u0130SU Genel M\u00fcd\u00fcrl\u00fc\u011f\u00fc, kent genelinde hayata ge\u00e7irdi\u011fi dere \u0131slah \u00e7al\u0131\u015fmalar\u0131yla ta\u015fk\u0131n riskini azalt\u0131rken, \u00e7evre dostu ve s\u00fcrd\u00fcr\u00fclebilir uygulamalarla ya\u015fam kalitesini art\u0131rmaya devam ediyor. Bu kapsamda G\u00f6lc\u00fck De\u011firmendere Yal\u0131 Mahallesi\u2019nde ger\u00e7ekle\u015ftirilen Kurban Deresi \u0131slah \u00e7al\u0131\u015fmas\u0131, b\u00f6lgeye uzun vadeli g\u00fcvenlik kazand\u0131ran \u00f6nemli bir altyap\u0131 yat\u0131r\u0131m\u0131 olarak \u00f6ne \u00e7\u0131k\u0131yor.<\/p>\n<p>MODERN VE EKOLOJ\u0130K YAKLA\u015eIM<\/p>\n<p>\u0130SU\u2019nun dere \u0131slah projeleri yaln\u0131zca suyun kontrol alt\u0131na al\u0131nmas\u0131n\u0131 de\u011fil, ayn\u0131 zamanda ekosistemin korunmas\u0131n\u0131 da hedefliyor. Islah edilen dereler, ani ya\u011f\u0131\u015flarda suyu daha h\u0131zl\u0131 ve kontroll\u00fc \u015fekilde ta\u015f\u0131yarak ta\u015fk\u0131n riskini azalt\u0131yor. D\u00fczenli ak\u0131\u015fa kavu\u015fan dere yataklar\u0131, \u00e7evresindeki bitki \u00f6rt\u00fcs\u00fcn\u00fcn daha sa\u011fl\u0131kl\u0131 geli\u015fmesine imk\u00e2n tan\u0131yor, erozyonu \u00f6nl\u00fcyor ve do\u011fal bir filtre g\u00f6revi g\u00f6rerek su kalitesinin korunmas\u0131na katk\u0131 sa\u011fl\u0131yor.<\/p>\n<p>G\u00dc\u00c7L\u00dc TEKN\u0130K ALTYAPI<\/p>\n<p>Bu anlay\u0131\u015fla G\u00f6lc\u00fck De\u011firmendere Yal\u0131 Mahallesi\u2019nde hayata ge\u00e7irilen Kurban Deresi \u0131slah \u00e7al\u0131\u015fmas\u0131nda 170 metre uzunlu\u011funda, 3 metre geni\u015fli\u011finde ve 2 metre y\u00fcksekli\u011finde betonarme U kesit imalat\u0131 ger\u00e7ekle\u015ftirilerek dere yata\u011f\u0131 g\u00fcvenli hale getirildi. Dere \u00fczerinden ge\u00e7i\u015flerin sa\u011flanmas\u0131 amac\u0131yla betonarme menfez \u00e7al\u0131\u015fmalar\u0131 da tamamland\u0131.<\/p>\n<p>B\u00dcT\u00dcNC\u00dcL ALTYAPI \u00c7ALI\u015eMALARI<\/p>\n<p>Ger\u00e7ekle\u015ftirilen \u00e7al\u0131\u015fmalar yaln\u0131zca dere \u0131slah\u0131 ile s\u0131n\u0131rl\u0131 kalmayarak, suyun kontroll\u00fc ge\u00e7i\u015fini sa\u011flamak amac\u0131yla menfez imalatlar\u0131yla desteklendi. Yap\u0131lan bu \u00e7al\u0131\u015fmalarla birlikte b\u00f6lgedeki altyap\u0131 daha g\u00fc\u00e7l\u00fc ve g\u00fcvenli bir yap\u0131ya kavu\u015fturuldu.<\/p>\n<p>TA\u015eKIN R\u0130SK\u0130 AZALDI, YA\u015eAM KAL\u0130TES\u0130 ARTTI<\/p>\n<p>Tamamlanan Kurban Deresi \u0131slah \u00e7al\u0131\u015fmas\u0131 sayesinde \u00f6zellikle ani ya\u011f\u0131\u015flarda olu\u015fabilecek ta\u015fk\u0131n riskleri \u00f6nemli \u00f6l\u00e7\u00fcde azalt\u0131l\u0131rken, b\u00f6lge halk\u0131 i\u00e7in daha g\u00fcvenli, temiz ve d\u00fczenli bir \u00e7evre olu\u015fturuldu. Yap\u0131lan d\u00fczenlemelerle birlikte hem \u00e7evresel s\u00fcrd\u00fcr\u00fclebilirlik desteklendi hem de kentsel ya\u015fam kalitesine \u00f6nemli katk\u0131 sa\u011fland\u0131. \u0130SU Genel M\u00fcd\u00fcrl\u00fc\u011f\u00fc, kent genelinde dere \u0131slah \u00e7al\u0131\u015fmalar\u0131n\u0131 planl\u0131 \u015fekilde s\u00fcrd\u00fcrerek do\u011fayla uyumlu projeler \u00fcretmeye devam ediyor<\/p>\n<p>Kaynak: (BYZHA) Beyaz Haber Ajans\u0131<\/p>\n","protected":false},"excerpt":{"rendered":"<p>Kocaeli B\u00fcy\u00fck\u015fehir Belediyesi \u0130SU Genel M\u00fcd\u00fcrl\u00fc\u011f\u00fc, kent genelinde hayata ge\u00e7irdi\u011fi dere \u0131slah \u00e7al\u0131\u015fmalar\u0131yla ta\u015fk\u0131n riskini azalt\u0131rken, \u00e7evre dostu ve s\u00fcrd\u00fcr\u00fclebilir uygulamalarla ya\u015fam kalitesini art\u0131rmaya devam ediyor.<\/p>\n","protected":false},"author":1,"featured_media":14240,"comment_status":"open","ping_status":"open","sticky":false,"template":"","format":"standard","meta":{"footnotes":""},"categories":[21],"tags":[],"class_list":["post-14239","post","type-post","status-publish","format-standard","has-post-thumbnail","hentry","category-gundem"],"_links":{"self":[{"href":"https:\/\/busondakika.com.tr\/index.php?rest_route=\/wp\/v2\/posts\/14239","targetHints":{"allow":["GET"]}}],"collection":[{"href":"https:\/\/busondakika.com.tr\/index.php?rest_route=\/wp\/v2\/posts"}],"about":[{"href":"https:\/\/busondakika.com.tr\/index.php?rest_route=\/wp\/v2\/types\/post"}],"author":[{"embeddable":true,"href":"https:\/\/busondakika.com.tr\/index.php?rest_route=\/wp\/v2\/users\/1"}],"replies":[{"embeddable":true,"href":"https:\/\/busondakika.com.tr\/index.php?rest_route=%2Fwp%2Fv2%2Fcomments&post=14239"}],"version-history":[{"count":1,"href":"https:\/\/busondakika.com.tr\/index.php?rest_route=\/wp\/v2\/posts\/14239\/revisions"}],"predecessor-version":[{"id":14241,"href":"https:\/\/busondakika.com.tr\/index.php?rest_route=\/wp\/v2\/posts\/14239\/revisions\/14241"}],"wp:featuredmedia":[{"embeddable":true,"href":"https:\/\/busondakika.com.tr\/index.php?rest_route=\/wp\/v2\/media\/14240"}],"wp:attachment":[{"href":"https:\/\/busondakika.com.tr\/index.php?rest_route=%2Fwp%2Fv2%2Fmedia&parent=14239"}],"wp:term":[{"taxonomy":"category","embeddable":true,"href":"https:\/\/busondakika.com.tr\/index.php?rest_route=%2Fwp%2Fv2%2Fcategories&post=14239"},{"taxonomy":"post_tag","embeddable":true,"href":"https:\/\/busondakika.com.tr\/index.php?rest_route=%2Fwp%2Fv2%2Ftags&post=14239"}],"curies":[{"name":"wp","href":"https:\/\/api.w.org\/{rel}","templated":true}]}}