{"id":14248,"date":"2026-04-30T14:40:17","date_gmt":"2026-04-30T14:40:17","guid":{"rendered":"https:\/\/busondakika.com.tr\/?p=14248"},"modified":"2026-04-30T14:40:18","modified_gmt":"2026-04-30T14:40:18","slug":"maltepede-sivrisinek-mucadelesi-erken-basladi","status":"publish","type":"post","link":"https:\/\/busondakika.com.tr\/?p=14248","title":{"rendered":"Maltepe\u2019de sivrisinek m\u00fccadelesi erken ba\u015flad\u0131"},"content":{"rendered":"<p> Maltepe Belediyesi, yaz aylar\u0131n\u0131n yakla\u015fmas\u0131yla birlikte halk sa\u011fl\u0131\u011f\u0131n\u0131 korumak ve vekt\u00f6rle m\u00fccadele kapsam\u0131nda il\u00e7e genelindeki ila\u00e7lama \u00e7al\u0131\u015fmalar\u0131na h\u0131z verdi. Veteriner \u0130\u015fleri M\u00fcd\u00fcrl\u00fc\u011f\u00fc ekipleri, sivrisineklerin \u00fcreme noktas\u0131 olan su birikintileri, depo ve in\u015faat temellerinde kapsaml\u0131 bir \u00e7al\u0131\u015fma ba\u015flatt\u0131.<\/p>\n<p>Maltepe Belediyesi, ge\u00e7ti\u011fimiz y\u0131llarda oldu\u011fu gibi bu y\u0131l da \u201c\u00f6nleyici \u00e7al\u0131\u015fmalar\u201d kapsam\u0131nda yaz sezonu \u00f6ncesi tedbirlerini erkenden almaya ba\u015flad\u0131. \u0130l\u00e7e sakinlerinin daha huzurlu ve sa\u011fl\u0131kl\u0131 bir yaz ge\u00e7irmesini hedefleyen ekipler, \u00f6zellikle durgun sular\u0131n bulundu\u011fu alanlar\u0131 mercek alt\u0131na ald\u0131.<\/p>\n<p><b>B\u0130YOS\u0130DAL \u00dcR\u00dcNLERLE \u0130LA\u00c7LAMA<\/b><\/p>\n<p>Hava s\u0131cakl\u0131klar\u0131n\u0131n artmas\u0131yla birlikte larva olu\u015fumunun \u00f6n\u00fcne ge\u00e7mek amac\u0131yla; il\u00e7e genelindeki bina altlar\u0131nda biriken sular, kullan\u0131m d\u0131\u015f\u0131 depolar, kuyu \u00e7evreleri ve ya\u011f\u0131\u015flar sonras\u0131 su dolan in\u015faat temelleri titizlikle ila\u00e7lanmaya ba\u015fland\u0131. Uzman ekipler taraf\u0131ndan y\u00fcr\u00fct\u00fclen bu \u00e7al\u0131\u015fmalarda, ekosisteme zarar vermeyen ancak sivrisinek larvalar\u0131na kar\u015f\u0131 y\u00fcksek etkili biyosidal \u00fcr\u00fcnler kullan\u0131ld\u0131.<\/p>\n<p><b>AMA\u00c7 SORUNU KAYNA\u011eINDA \u00c7\u00d6ZMEK<\/b><\/p>\n<p>Belediye yetkilileri, ila\u00e7lama \u00e7al\u0131\u015fmalar\u0131n\u0131n sadece cadde ve sokaklardaki ara\u00e7 \u00fcst\u00fc cihazlarla s\u0131n\u0131rl\u0131 kalmad\u0131\u011f\u0131n\u0131 belirterek \u015fu a\u00e7\u0131klamada bulundu: \u201cSivrisinek m\u00fccadelesinde en etkili y\u00f6ntem, larva a\u015famas\u0131nda m\u00fcdahaledir. Ge\u00e7mi\u015f y\u0131llardaki tecr\u00fcbelerimiz \u0131\u015f\u0131\u011f\u0131nda, tespit etti\u011fimiz t\u00fcm odak noktalar\u0131n\u0131 periyodik olarak tar\u0131yoruz. \u00d6zellikle in\u015faat alanlar\u0131 ve bodrum katlarda biriken sular en b\u00fcy\u00fck \u00fcreme kaynaklar\u0131d\u0131r. Ekiplerimiz bu noktalar\u0131 tek tek sterilize ederek, yaz aylar\u0131nda ya\u015fanabilecek olas\u0131 yo\u011funlu\u011fun \u00f6n\u00fcne erkenden ge\u00e7iyor.\u201d<\/p>\n<p><b>VATANDA\u015eLARA \u00c7A\u011eRI<\/b><\/p>\n<p>Maltepe Belediyesi yetkilileri, m\u00fccadelenin daha etkin olabilmesi i\u00e7in vatanda\u015flar\u0131n da bah\u00e7elerinde veya \u00e7at\u0131lar\u0131nda su birikmesine neden olabilecek (kova, lastik, saks\u0131 altl\u0131\u011f\u0131 vb.) kaplar\u0131 bo\u015faltmalar\u0131 konusunda duyarl\u0131 olmalar\u0131n\u0131 s\u00f6yledi.<\/p>\n<p>\u00a0<\/p>\n<p>\u00a0<\/p>\n<p>Kaynak: (BYZHA) Beyaz Haber Ajans\u0131<\/p>\n","protected":false},"excerpt":{"rendered":"<p>Maltepe Belediyesi, yaz aylar\u0131n\u0131n yakla\u015fmas\u0131yla birlikte halk sa\u011fl\u0131\u011f\u0131n\u0131 korumak ve vekt\u00f6rle m\u00fccadele kapsam\u0131nda il\u00e7e genelindeki ila\u00e7lama \u00e7al\u0131\u015fmalar\u0131na h\u0131z verdi.<\/p>\n","protected":false},"author":1,"featured_media":14249,"comment_status":"open","ping_status":"open","sticky":false,"template":"","format":"standard","meta":{"footnotes":""},"categories":[21],"tags":[],"class_list":["post-14248","post","type-post","status-publish","format-standard","has-post-thumbnail","hentry","category-gundem"],"_links":{"self":[{"href":"https:\/\/busondakika.com.tr\/index.php?rest_route=\/wp\/v2\/posts\/14248","targetHints":{"allow":["GET"]}}],"collection":[{"href":"https:\/\/busondakika.com.tr\/index.php?rest_route=\/wp\/v2\/posts"}],"about":[{"href":"https:\/\/busondakika.com.tr\/index.php?rest_route=\/wp\/v2\/types\/post"}],"author":[{"embeddable":true,"href":"https:\/\/busondakika.com.tr\/index.php?rest_route=\/wp\/v2\/users\/1"}],"replies":[{"embeddable":true,"href":"https:\/\/busondakika.com.tr\/index.php?rest_route=%2Fwp%2Fv2%2Fcomments&post=14248"}],"version-history":[{"count":1,"href":"https:\/\/busondakika.com.tr\/index.php?rest_route=\/wp\/v2\/posts\/14248\/revisions"}],"predecessor-version":[{"id":14250,"href":"https:\/\/busondakika.com.tr\/index.php?rest_route=\/wp\/v2\/posts\/14248\/revisions\/14250"}],"wp:featuredmedia":[{"embeddable":true,"href":"https:\/\/busondakika.com.tr\/index.php?rest_route=\/wp\/v2\/media\/14249"}],"wp:attachment":[{"href":"https:\/\/busondakika.com.tr\/index.php?rest_route=%2Fwp%2Fv2%2Fmedia&parent=14248"}],"wp:term":[{"taxonomy":"category","embeddable":true,"href":"https:\/\/busondakika.com.tr\/index.php?rest_route=%2Fwp%2Fv2%2Fcategories&post=14248"},{"taxonomy":"post_tag","embeddable":true,"href":"https:\/\/busondakika.com.tr\/index.php?rest_route=%2Fwp%2Fv2%2Ftags&post=14248"}],"curies":[{"name":"wp","href":"https:\/\/api.w.org\/{rel}","templated":true}]}}