{"id":14251,"date":"2026-04-30T14:40:18","date_gmt":"2026-04-30T14:40:18","guid":{"rendered":"https:\/\/busondakika.com.tr\/?p=14251"},"modified":"2026-04-30T14:40:19","modified_gmt":"2026-04-30T14:40:19","slug":"maltepenin-parklari-yaza-hazirlaniyor","status":"publish","type":"post","link":"https:\/\/busondakika.com.tr\/?p=14251","title":{"rendered":"Maltepe\u2019nin parklar\u0131 yaza haz\u0131rlan\u0131yor"},"content":{"rendered":"<p> Yaz aylar\u0131n\u0131n yakla\u015fmas\u0131yla birlikte Maltepe Belediyesi, vatanda\u015flar\u0131n nefes alacaklar\u0131 ye\u015fil alanlarda yo\u011fun bir \u00e7al\u0131\u015fma ba\u015flatt\u0131. Vatanda\u015flar\u0131n daha temiz ve d\u00fczenli alanlarda vakit ge\u00e7irmesini hedefleyen ekipler, bak\u0131m ve onar\u0131m \u00e7al\u0131\u015fmalar\u0131na h\u0131z verdi.<\/p>\n<p><b>D\u00dcZEN VE TEM\u0130ZL\u0130K \u00d6N PLANDA<\/b><\/p>\n<p>Maltepe Belediyesi Park ve Bah\u00e7eler M\u00fcd\u00fcrl\u00fc\u011f\u00fc\u2019ne ba\u011fl\u0131 ekipler taraf\u0131ndan y\u00fcr\u00fct\u00fclen \u00e7al\u0131\u015fmalar kapsam\u0131nda, il\u00e7enin d\u00f6rt bir yan\u0131ndaki parklarda geni\u015f kapsaml\u0131 bir temizlik ve d\u00fczenleme seferberli\u011fi ba\u015flat\u0131ld\u0131. \u00c7al\u0131\u015fmalar kapsam\u0131nda uzayan \u00e7imler titizlikle bi\u00e7ilerek yabani ot temizli\u011fi yap\u0131l\u0131rken a\u011fa\u00e7lar\u0131n ve bitkilerin formlar\u0131 d\u00fczenlenerek parklara estetik bir g\u00f6r\u00fcn\u00fcm kazand\u0131r\u0131lmaya ba\u015fland\u0131. Bununla birlikte parklarda yer alan banklar, \u00e7\u00f6p kovalar\u0131 ve ayd\u0131nlatma sistemleri g\u00f6zden ge\u00e7irildi.<\/p>\n<p><b>OYUN ALANLARI ELDEN GE\u00c7\u0130R\u0130L\u0130YOR<\/b><\/p>\n<p>\u00d6zellikle \u00e7ocuk parklar\u0131ndaki oyun gruplar\u0131n\u0131n g\u00fcvenli\u011fi ve hijyeni \u00f6ncelikli olarak ele al\u0131nd\u0131. Ekipler, oyun alanlar\u0131ndaki zeminlerin bak\u0131m\u0131n\u0131 yaparken, oyun gruplar\u0131n\u0131 da \u00e7ocuklar\u0131n g\u00fcvenle kullanabilece\u011fi hale getirdi.<\/p>\n<p><b>MALTEPE NEFES ALACAK<\/b><\/p>\n<p>Maltepe sakinlerinin aileleriyle birlikte do\u011fayla i\u00e7 i\u00e7e, huzurlu vakit ge\u00e7irebilmesi i\u00e7in s\u00fcrd\u00fcr\u00fclen bu bak\u0131m \u00e7al\u0131\u015fmalar\u0131, yaz d\u00f6nemi boyunca periyodik olarak devam edecek.<\/p>\n<p>\u00a0<\/p>\n<p>\u00a0<\/p>\n<p>Kaynak: (BYZHA) Beyaz Haber Ajans\u0131<\/p>\n","protected":false},"excerpt":{"rendered":"<p>Yaz aylar\u0131n\u0131n yakla\u015fmas\u0131yla birlikte Maltepe Belediyesi, vatanda\u015flar\u0131n nefes alacaklar\u0131 ye\u015fil alanlarda yo\u011fun bir \u00e7al\u0131\u015fma ba\u015flatt\u0131.<\/p>\n","protected":false},"author":1,"featured_media":14252,"comment_status":"open","ping_status":"open","sticky":false,"template":"","format":"standard","meta":{"footnotes":""},"categories":[21],"tags":[],"class_list":["post-14251","post","type-post","status-publish","format-standard","has-post-thumbnail","hentry","category-gundem"],"_links":{"self":[{"href":"https:\/\/busondakika.com.tr\/index.php?rest_route=\/wp\/v2\/posts\/14251","targetHints":{"allow":["GET"]}}],"collection":[{"href":"https:\/\/busondakika.com.tr\/index.php?rest_route=\/wp\/v2\/posts"}],"about":[{"href":"https:\/\/busondakika.com.tr\/index.php?rest_route=\/wp\/v2\/types\/post"}],"author":[{"embeddable":true,"href":"https:\/\/busondakika.com.tr\/index.php?rest_route=\/wp\/v2\/users\/1"}],"replies":[{"embeddable":true,"href":"https:\/\/busondakika.com.tr\/index.php?rest_route=%2Fwp%2Fv2%2Fcomments&post=14251"}],"version-history":[{"count":1,"href":"https:\/\/busondakika.com.tr\/index.php?rest_route=\/wp\/v2\/posts\/14251\/revisions"}],"predecessor-version":[{"id":14253,"href":"https:\/\/busondakika.com.tr\/index.php?rest_route=\/wp\/v2\/posts\/14251\/revisions\/14253"}],"wp:featuredmedia":[{"embeddable":true,"href":"https:\/\/busondakika.com.tr\/index.php?rest_route=\/wp\/v2\/media\/14252"}],"wp:attachment":[{"href":"https:\/\/busondakika.com.tr\/index.php?rest_route=%2Fwp%2Fv2%2Fmedia&parent=14251"}],"wp:term":[{"taxonomy":"category","embeddable":true,"href":"https:\/\/busondakika.com.tr\/index.php?rest_route=%2Fwp%2Fv2%2Fcategories&post=14251"},{"taxonomy":"post_tag","embeddable":true,"href":"https:\/\/busondakika.com.tr\/index.php?rest_route=%2Fwp%2Fv2%2Ftags&post=14251"}],"curies":[{"name":"wp","href":"https:\/\/api.w.org\/{rel}","templated":true}]}}