{"id":14254,"date":"2026-04-30T14:40:20","date_gmt":"2026-04-30T14:40:20","guid":{"rendered":"https:\/\/busondakika.com.tr\/?p=14254"},"modified":"2026-04-30T14:40:21","modified_gmt":"2026-04-30T14:40:21","slug":"kemer-belediye-kursu-ali-yildirima-emanet","status":"publish","type":"post","link":"https:\/\/busondakika.com.tr\/?p=14254","title":{"rendered":"Kemer Belediye Kursu Ali Y\u0131ld\u0131r\u0131m\u2019a emanet"},"content":{"rendered":"<p> Son olarak G\u00f6yn\u00fck Fen Lisesi M\u00fcd\u00fcrl\u00fc\u011f\u00fc yapan Ali Y\u0131ld\u0131r\u0131m, Kemer Belediyesi Ahmet Erkal Destek E\u011fitim Kursu\u2019nda koordinat\u00f6r olarak g\u00f6revine ba\u015flad\u0131. S\u0131n\u0131flar\u0131 tek tek dola\u015fan Y\u0131ld\u0131r\u0131m, \u00f6\u011frencilerle sohbet ederek, hedeflerini sordu.\u00a0<\/p>\n<p>G\u00f6yn\u00fck Fen Lisesi\u2019nde bir\u00e7ok ba\u015far\u0131l\u0131 projeye imza atmas\u0131yla tan\u0131nan Ali Y\u0131ld\u0131r\u0131m, \u201cE\u011fitim varsa gelecek var\u201d projesiyle T\u00fcrkiye\u2019de bir\u00e7ok belediyeye \u00f6rnek olmaya devam eden Kemer Belediye Ba\u015fkan\u0131 Necati Topalo\u011flu \u00f6nc\u00fcl\u00fc\u011f\u00fcnde e\u011fitime kazand\u0131r\u0131lan Kemer Belediyesi Ahmet Erkal Destek E\u011fitim Kursu koordinat\u00f6rl\u00fc\u011f\u00fcne getirildi.\u00a0<\/p>\n<p>Milli E\u011fitim Bakanl\u0131\u011f\u0131\u2019nda 30 y\u0131ld\u0131r hizmet etti\u011fini belirten Ali Y\u0131ld\u0131r\u0131m, son olarak dokuz y\u0131ld\u0131r da G\u00f6yn\u00fck Fen Lisesi m\u00fcd\u00fcrl\u00fc\u011f\u00fc yapt\u0131\u011f\u0131n\u0131 hat\u0131rlatt\u0131.\u00a0<\/p>\n<p>Y\u0131ld\u0131r\u0131m, son g\u00f6rev yapt\u0131\u011f\u0131 okulda \u00f6nemli projelere imza att\u0131klar\u0131na de\u011finerek, \u201c\u00dclkemizin, teknoloji ve bilimde insan yeti\u015ftirmesi laz\u0131m. Toplumu harekete ge\u00e7irecek olan \u00e7ocuklar\u0131m\u0131z. Ahmet Erkal Destek E\u011fitim Kursu, Kemer Belediyesi olarak halk\u0131m\u0131za bu imkanlar\u0131 sunuyor. Bu kuruma gelmemizdeki en \u00f6nemli sebep, buradaki \u00e7ocuklar\u0131m\u0131z\u0131 hayat\u0131n ger\u00e7eklerine haz\u0131rlamak. Kendini bilen, devletin \u00f6rf ve adetlerine sahip \u00e7\u0131kabilen, Atat\u00fcrk ilke ve ink\u0131laplar\u0131 do\u011frultusunda d\u00fc\u015f\u00fcnebilen, d\u00fcnyada k\u00fclt\u00fcr\u00fcm\u00fcz\u00fc ve izimizi b\u0131rakabilecek insanlar yeti\u015ftirmek i\u00e7in kurumlar laz\u0131m. Bu bir anlay\u0131\u015ft\u0131r. Kemer Belediye Ba\u015fkan\u0131m\u0131z Say\u0131n Necati Topalo\u011flu\u2019nun da e\u011fitim ge\u00e7mi\u015fi oldu\u011fu i\u00e7in gelece\u011fe bu noktada bak\u0131yor ve bu kuruma ayr\u0131 bir hassasiyet g\u00f6steriyor. Biz de bu hassasiyetle birlikte Ahmet Erkal Destek E\u011fitim Kursu\u2019nu belli bir noktaya getirece\u011fiz. Buradaki \u00f6\u011frencilerimiz Kemer\u2019deki liselerin \u00f6\u011frencileri. D\u0131\u015far\u0131dan \u00f6\u011frenci alm\u0131yoruz. Yani kendi \u00f6\u011frencilerimizi kendi tezgahlar\u0131m\u0131zda yeti\u015ftirmeye \u00e7al\u0131\u015f\u0131yoruz. \u0130nanc\u0131m\u0131z ve hedeflerimiz b\u00fcy\u00fck.\u201d dedi.\u00a0<\/p>\n<p>\u00c7ocuklara sahip \u00e7\u0131kmak gerekti\u011fine de vurgu yapan Y\u0131ld\u0131r\u0131m, \u201c\u00dcniversite s\u0131nav\u0131na 52 g\u00fcn kald\u0131. \u015eu anda en b\u00fcy\u00fck hedefimiz \u00e7ocuklar\u0131 hedeflerine y\u00f6nlendirmek. \u00c7ocuklar\u0131m\u0131z Kemer Belediyesi\u2019ne inans\u0131nlar ve hedeflerini y\u00fcksek tutsunlar. Biz her zaman onlar\u0131n yan\u0131nday\u0131z.\u201d diye konu\u015ftu.\u00a0<\/p>\n<p>\u00a0<\/p>\n<p>Kaynak: (BYZHA) Beyaz Haber Ajans\u0131<\/p>\n","protected":false},"excerpt":{"rendered":"<p>Son olarak G\u00f6yn\u00fck Fen Lisesi M\u00fcd\u00fcrl\u00fc\u011f\u00fc yapan Ali Y\u0131ld\u0131r\u0131m, Kemer Belediyesi Ahmet Erkal Destek E\u011fitim Kursu\u2019nda koordinat\u00f6r olarak g\u00f6revine ba\u015flad\u0131.<\/p>\n","protected":false},"author":1,"featured_media":14255,"comment_status":"open","ping_status":"open","sticky":false,"template":"","format":"standard","meta":{"footnotes":""},"categories":[21],"tags":[],"class_list":["post-14254","post","type-post","status-publish","format-standard","has-post-thumbnail","hentry","category-gundem"],"_links":{"self":[{"href":"https:\/\/busondakika.com.tr\/index.php?rest_route=\/wp\/v2\/posts\/14254","targetHints":{"allow":["GET"]}}],"collection":[{"href":"https:\/\/busondakika.com.tr\/index.php?rest_route=\/wp\/v2\/posts"}],"about":[{"href":"https:\/\/busondakika.com.tr\/index.php?rest_route=\/wp\/v2\/types\/post"}],"author":[{"embeddable":true,"href":"https:\/\/busondakika.com.tr\/index.php?rest_route=\/wp\/v2\/users\/1"}],"replies":[{"embeddable":true,"href":"https:\/\/busondakika.com.tr\/index.php?rest_route=%2Fwp%2Fv2%2Fcomments&post=14254"}],"version-history":[{"count":1,"href":"https:\/\/busondakika.com.tr\/index.php?rest_route=\/wp\/v2\/posts\/14254\/revisions"}],"predecessor-version":[{"id":14256,"href":"https:\/\/busondakika.com.tr\/index.php?rest_route=\/wp\/v2\/posts\/14254\/revisions\/14256"}],"wp:featuredmedia":[{"embeddable":true,"href":"https:\/\/busondakika.com.tr\/index.php?rest_route=\/wp\/v2\/media\/14255"}],"wp:attachment":[{"href":"https:\/\/busondakika.com.tr\/index.php?rest_route=%2Fwp%2Fv2%2Fmedia&parent=14254"}],"wp:term":[{"taxonomy":"category","embeddable":true,"href":"https:\/\/busondakika.com.tr\/index.php?rest_route=%2Fwp%2Fv2%2Fcategories&post=14254"},{"taxonomy":"post_tag","embeddable":true,"href":"https:\/\/busondakika.com.tr\/index.php?rest_route=%2Fwp%2Fv2%2Ftags&post=14254"}],"curies":[{"name":"wp","href":"https:\/\/api.w.org\/{rel}","templated":true}]}}