{"id":14257,"date":"2026-04-30T14:40:24","date_gmt":"2026-04-30T14:40:24","guid":{"rendered":"https:\/\/busondakika.com.tr\/?p=14257"},"modified":"2026-04-30T14:40:25","modified_gmt":"2026-04-30T14:40:25","slug":"dr-ogr-uyesi-suheda-ozkan-ergoterapi-cok-dinamik-cok-yonlu-ve-gelisen-bir-meslek","status":"publish","type":"post","link":"https:\/\/busondakika.com.tr\/?p=14257","title":{"rendered":"Dr. \u00d6\u011fr. \u00dcyesi \u015e\u00fcheda \u00d6zkan: \u201cErgoterapi \u00e7ok dinamik, \u00e7ok y\u00f6nl\u00fc ve geli\u015fen bir meslek\u201d"},"content":{"rendered":"<p> \u0130stanbul Atlas \u00dcniversitesi Sa\u011fl\u0131k Bilimleri Fak\u00fcltesi Ergoterapi B\u00f6l\u00fcm\u00fc taraf\u0131ndan d\u00fczenlenen 2. Atlas Ergoterapi Sempozyumu\u2019nda ergoterapinin uygulama alanlar\u0131 farkl\u0131 bak\u0131\u015f a\u00e7\u0131lar\u0131yla ele al\u0131nd\u0131. Ergoterapi B\u00f6l\u00fcm Ba\u015fkan\u0131 Dr. \u00d6\u011fr. \u00dcyesi \u015e\u00fcheda \u00d6zkan, adli ergoterapiden dijital reg\u00fclasyona, \u00e7ocuk geli\u015fiminden travmaya kadar \u00e7ok farkl\u0131 alanlarda etkili olarak uygulanan ergoterapinin de\u011fi\u015fen d\u00fcnyayla beraber \u00e7ok dinamik, \u00e7ok y\u00f6nl\u00fc ve geli\u015fen bir meslek oldu\u011funu s\u00f6yledi.\u00a0<br \/>Dr. Ralph A. Defronzo Oditoryumu&#8217;nda d\u00fczenlenen sempozyum alan\u0131nda uzman isimleri bir araya getirdi.<br \/>Dr. \u00d6\u011fr. \u00dcyesi \u015e\u00fcheda \u00d6zkan: \u201cSempozyumun ergoterapi mesle\u011fine \u00f6nemli katk\u0131lar\u0131 olacak\u201d<br \/>\u0130stanbul Atlas \u00dcniversitesi Ergoterapi B\u00f6l\u00fcm Ba\u015fkan\u0131 Dr. \u00d6\u011fr. \u00dcyesi \u015e\u00fcheda \u00d6zkan, a\u00e7\u0131l\u0131\u015f konu\u015fmas\u0131nda sempozyumun ergoterapi uygulamalar\u0131n\u0131 \u00e7ok geni\u015f bir yelpazede ele alaca\u011f\u0131n\u0131 belirterek \u201cAdli ergoterapiden dijital reg\u00fclasyona, \u00e7ocuk geli\u015fiminden travmaya kadar \u00e7ok y\u00f6nl\u00fc ve farkl\u0131 konular\u0131 ele alaca\u011f\u0131z. Ergoterapi alan\u0131 2011 y\u0131l\u0131nda bir meslek ve bilim alan\u0131 olarak e\u011fitime ba\u015flad\u0131. Ergoterapi de\u011fi\u015fen d\u00fcnyayla beraber \u00e7ok dinamik, \u00e7ok y\u00f6nl\u00fc ve geli\u015fen bir meslek oldu\u011funu biliyoruz. Bu sempozyumun \u00f6nemli \u00e7\u0131kt\u0131lar\u0131 olaca\u011f\u0131na ve mesle\u011fimize olumlu katk\u0131lar\u0131 olaca\u011f\u0131na inan\u0131yoruz\u201d dedi.<br \/>Ergoterapi Derne\u011fi Onursal Ba\u015fkan\u0131 Prof. Dr. H\u00fclya Kay\u0131han a\u00e7\u0131l\u0131\u015f konu\u015fmas\u0131 yapt\u0131<br \/>Ergoterapi Derne\u011fi Onursal Ba\u015fkan\u0131, Biruni \u00dcniversitesi Ergoterapi B\u00f6l\u00fcm Ba\u015fkan\u0131 Prof. Dr. H\u00fclya Kay\u0131han\u2019\u0131n a\u00e7\u0131l\u0131\u015f konu\u015fmas\u0131 yapt\u0131\u011f\u0131 sempozyumda ger\u00e7ekle\u015ftirilen oturumlarda birbirinden farkl\u0131 konu ba\u015fl\u0131klar\u0131 ele al\u0131nd\u0131.<br \/>Adli uygulamalardan 21. Y\u00fczy\u0131l becerilerine ergoterapi<br \/>Sempozyumda Sa\u011fl\u0131k Bilimleri \u00dcniversitesi Ergoterapi B\u00f6l\u00fcm\u00fc Ar\u015f. G\u00f6r. Ebru Y\u0131ld\u0131z, \u201cDenetimli Serbestlik S\u00fcrecinde Ergoterapinin Rol\u00fc: De\u011ferlendirme ve M\u00fcdahale\u201d, \u0130stanbul Atlas \u00dcniversitesi Ergoterapi B\u00f6l\u00fcm\u00fc Dr. \u00d6\u011fr. \u00dcyesi Zeynep \u00c7orak\u00e7\u0131 Yaz\u0131c\u0131o\u011flu \u201c21. Y\u00fczy\u0131l Becerileri ve Dijital Reg\u00fclasyon\u201d ba\u015fl\u0131kl\u0131 konu\u015fmalar\u0131yla \u00f6nemli bilgiler payla\u015ft\u0131.<br \/>\u201cErgoterapide Travma Bilgili Yakla\u015f\u0131m\u201d ele al\u0131nd\u0131<br \/>\u201cErgoterapide Travma Bilgili Yakla\u015f\u0131m\u201d ba\u015fl\u0131kl\u0131 konu\u015fmas\u0131yla \u0130stanbul Topkap\u0131 \u00dcniversitesi Ergoterapi B\u00f6l\u00fcm Ba\u015fkan\u0131 Dr. \u00d6\u011fr. \u00dcyesi G\u00f6rkem Dizdar\u2019\u0131n kat\u0131ld\u0131\u011f\u0131 sempozyumda, Pediatri Uzman\u0131 Dr. Handan Sar\u0131mehmet K\u0131l\u0131n\u00e7, \u201cEkran \u00c7ocuklar\u0131n Beynine Ne Yapar?\u201d ba\u015fl\u0131kl\u0131 konu\u015fmas\u0131nda \u00e7ocuk geli\u015fimi a\u00e7\u0131s\u0131ndan ekran ve teknoloji kullan\u0131m\u0131n\u0131n etkilerine dikkat \u00e7ekti.\u00a0<br \/>Uzman Ergoterapist Buse Ayd\u0131n G\u00fcle\u00e7\u2019in \u201cOkullarda Ergoterapi Taramalar\u0131: \u0130htiya\u00e7lar\u0131n Belirlenmesi ve Hizmete Eri\u015fimin Art\u0131r\u0131lmas\u0131\u201d ba\u015fl\u0131kl\u0131 konu\u015fmas\u0131yla sona eren sempozyumda \u00e7e\u015fitli at\u00f6lye \u00e7al\u0131\u015fmalar\u0131 da yap\u0131ld\u0131.<\/p>\n<p>\u00a0<\/p>\n<p>Kaynak: (BYZHA) Beyaz Haber Ajans\u0131<\/p>\n","protected":false},"excerpt":{"rendered":"<p>\u0130stanbul Atlas \u00dcniversitesi Sa\u011fl\u0131k Bilimleri Fak\u00fcltesi Ergoterapi B\u00f6l\u00fcm\u00fc taraf\u0131ndan d\u00fczenlenen 2.<\/p>\n","protected":false},"author":1,"featured_media":14258,"comment_status":"open","ping_status":"open","sticky":false,"template":"","format":"standard","meta":{"footnotes":""},"categories":[21],"tags":[],"class_list":["post-14257","post","type-post","status-publish","format-standard","has-post-thumbnail","hentry","category-gundem"],"_links":{"self":[{"href":"https:\/\/busondakika.com.tr\/index.php?rest_route=\/wp\/v2\/posts\/14257","targetHints":{"allow":["GET"]}}],"collection":[{"href":"https:\/\/busondakika.com.tr\/index.php?rest_route=\/wp\/v2\/posts"}],"about":[{"href":"https:\/\/busondakika.com.tr\/index.php?rest_route=\/wp\/v2\/types\/post"}],"author":[{"embeddable":true,"href":"https:\/\/busondakika.com.tr\/index.php?rest_route=\/wp\/v2\/users\/1"}],"replies":[{"embeddable":true,"href":"https:\/\/busondakika.com.tr\/index.php?rest_route=%2Fwp%2Fv2%2Fcomments&post=14257"}],"version-history":[{"count":1,"href":"https:\/\/busondakika.com.tr\/index.php?rest_route=\/wp\/v2\/posts\/14257\/revisions"}],"predecessor-version":[{"id":14259,"href":"https:\/\/busondakika.com.tr\/index.php?rest_route=\/wp\/v2\/posts\/14257\/revisions\/14259"}],"wp:featuredmedia":[{"embeddable":true,"href":"https:\/\/busondakika.com.tr\/index.php?rest_route=\/wp\/v2\/media\/14258"}],"wp:attachment":[{"href":"https:\/\/busondakika.com.tr\/index.php?rest_route=%2Fwp%2Fv2%2Fmedia&parent=14257"}],"wp:term":[{"taxonomy":"category","embeddable":true,"href":"https:\/\/busondakika.com.tr\/index.php?rest_route=%2Fwp%2Fv2%2Fcategories&post=14257"},{"taxonomy":"post_tag","embeddable":true,"href":"https:\/\/busondakika.com.tr\/index.php?rest_route=%2Fwp%2Fv2%2Ftags&post=14257"}],"curies":[{"name":"wp","href":"https:\/\/api.w.org\/{rel}","templated":true}]}}