{"id":14269,"date":"2026-04-30T14:58:35","date_gmt":"2026-04-30T14:58:35","guid":{"rendered":"https:\/\/busondakika.com.tr\/?p=14269"},"modified":"2026-04-30T14:58:35","modified_gmt":"2026-04-30T14:58:35","slug":"baskan-altay-baskan-kilca-baskan-kavus-karaman-caddesinde-esnaf-ve-vatandaslarla-bulustu","status":"publish","type":"post","link":"https:\/\/busondakika.com.tr\/?p=14269","title":{"rendered":"Ba\u015fkan Altay, Ba\u015fkan K\u0131lca, Ba\u015fkan Kavu\u015f, Karaman Caddesi\u2019nde Esnaf ve Vatanda\u015flarla Bulu\u015ftu"},"content":{"rendered":"\n<p data-asw-org-font-size=\"14\"><strong>Konya B\u00fcy\u00fck\u015fehir Belediye Ba\u015fkan\u0131 U\u011fur \u0130brahim Altay, Karatay Belediye Ba\u015fkan\u0131 Hasan K\u0131lca ve Meram Belediye Ba\u015fkan\u0131 Mustafa Kavu\u015f ile birlikte Karaman Caddesi\u2019ndeki esnaflar\u0131 ziyaret etti. Ba\u015fkan Altay, \u201cT\u00fcm esnaflar\u0131m\u0131za bereketli kazan\u00e7lar diliyorum\u201d dedi.<\/strong><\/p>\n<hr \/>\n<p data-asw-org-font-size=\"14\">Konya B\u00fcy\u00fck\u015fehir Belediye Ba\u015fkan\u0131 U\u011fur \u0130brahim Altay, Karatay Belediye Ba\u015fkan\u0131 Hasan K\u0131lca ve Meram Belediye Ba\u015fkan\u0131 Mustafa Kavu\u015f ile birlikte Karaman Caddesi\u2019ndeki esnaflar\u0131 ziyaret etti.<\/p>\n<p data-asw-org-font-size=\"14\">Esnafa hay\u0131rl\u0131 i\u015fler ve bereketli kazan\u00e7lar dileyen Ba\u015fkan Altay, \u201cKaratay Belediye Ba\u015fkan\u0131m\u0131z Hasan K\u0131lca ve Meram Belediye Ba\u015fkan\u0131m\u0131z Mustafa Kavu\u015f ile birlikte Karaman Caddesi\u2019ndeki esnaflar\u0131m\u0131z\u0131 ziyaret ederek, hem\u015fehrilerimizle bir araya geldik. Esnaf\u0131m\u0131z, \u015fehrimizin ekonomisine katk\u0131 sa\u011flayan en \u00f6nemli de\u011ferlerimizdendir. T\u00fcm esnaflar\u0131m\u0131za bereketli kazan\u00e7lar diliyorum\u201d ifadelerini kulland\u0131.<\/p>\n<p data-asw-org-font-size=\"14\">Esnaflar ve vatanda\u015flar da ziyaretten duyduklar\u0131 memnuniyeti dile getirerek Ba\u015fkan Altay ve il\u00e7e belediye ba\u015fkanlar\u0131na te\u015fekk\u00fcr etti.<\/p>\n<p data-asw-org-font-size=\"14\">\u00a0<\/p>\n<p>Kaynak: (BYZHA) Beyaz Haber Ajans\u0131<\/p>\n","protected":false},"excerpt":{"rendered":"<p>Konya B\u00fcy\u00fck\u015fehir Belediye Ba\u015fkan\u0131 U\u011fur \u0130brahim Altay, Karatay Belediye Ba\u015fkan\u0131 Hasan K\u0131lca ve Meram Belediye Ba\u015fkan\u0131 Mustafa Kavu\u015f ile birlikte Karaman Caddesi\u2019ndeki esnaflar\u0131 ziyaret etti.<\/p>\n","protected":false},"author":1,"featured_media":14270,"comment_status":"open","ping_status":"open","sticky":false,"template":"","format":"standard","meta":{"footnotes":""},"categories":[21],"tags":[],"class_list":["post-14269","post","type-post","status-publish","format-standard","has-post-thumbnail","hentry","category-gundem"],"_links":{"self":[{"href":"https:\/\/busondakika.com.tr\/index.php?rest_route=\/wp\/v2\/posts\/14269","targetHints":{"allow":["GET"]}}],"collection":[{"href":"https:\/\/busondakika.com.tr\/index.php?rest_route=\/wp\/v2\/posts"}],"about":[{"href":"https:\/\/busondakika.com.tr\/index.php?rest_route=\/wp\/v2\/types\/post"}],"author":[{"embeddable":true,"href":"https:\/\/busondakika.com.tr\/index.php?rest_route=\/wp\/v2\/users\/1"}],"replies":[{"embeddable":true,"href":"https:\/\/busondakika.com.tr\/index.php?rest_route=%2Fwp%2Fv2%2Fcomments&post=14269"}],"version-history":[{"count":1,"href":"https:\/\/busondakika.com.tr\/index.php?rest_route=\/wp\/v2\/posts\/14269\/revisions"}],"predecessor-version":[{"id":14271,"href":"https:\/\/busondakika.com.tr\/index.php?rest_route=\/wp\/v2\/posts\/14269\/revisions\/14271"}],"wp:featuredmedia":[{"embeddable":true,"href":"https:\/\/busondakika.com.tr\/index.php?rest_route=\/wp\/v2\/media\/14270"}],"wp:attachment":[{"href":"https:\/\/busondakika.com.tr\/index.php?rest_route=%2Fwp%2Fv2%2Fmedia&parent=14269"}],"wp:term":[{"taxonomy":"category","embeddable":true,"href":"https:\/\/busondakika.com.tr\/index.php?rest_route=%2Fwp%2Fv2%2Fcategories&post=14269"},{"taxonomy":"post_tag","embeddable":true,"href":"https:\/\/busondakika.com.tr\/index.php?rest_route=%2Fwp%2Fv2%2Ftags&post=14269"}],"curies":[{"name":"wp","href":"https:\/\/api.w.org\/{rel}","templated":true}]}}