{"id":14275,"date":"2026-04-30T14:58:41","date_gmt":"2026-04-30T14:58:41","guid":{"rendered":"https:\/\/busondakika.com.tr\/?p=14275"},"modified":"2026-04-30T14:58:42","modified_gmt":"2026-04-30T14:58:42","slug":"buyuksehir-tarimda-da-fark-yaratiyorciftcilere-27-milyonluk-dev-destek","status":"publish","type":"post","link":"https:\/\/busondakika.com.tr\/?p=14275","title":{"rendered":"B\u00fcy\u00fck\u015fehir tar\u0131mda da fark yarat\u0131yor;\u00c7ift\u00e7ilere 27 milyonluk dev destek"},"content":{"rendered":"<p> \u201cSadece Hizmet Ettik\u201d diyerek iki y\u0131l\u0131n\u0131 \u00f6zetleyen Kocaeli B\u00fcy\u00fck\u015fehir Belediye Ba\u015fkan\u0131 Tahir B\u00fcy\u00fckak\u0131n, 9 il\u00e7ede bin 600 \u00e7ift\u00e7iye ilkbaharl\u0131k %75 hibeli yem bitkisi tohum da\u011f\u0131t\u0131m\u0131 ger\u00e7ekle\u015ftirdi. Hayata ge\u00e7irdikleri projelerle \u00fcreticilere destek vermeye devam ettiklerini vurgulayan Ba\u015fkan B\u00fcy\u00fckak\u0131n, her zaman sahada i\u015f ba\u015f\u0131nda olduklar\u0131n\u0131 belirtti.<\/p>\n<p><b>7 YILDA 1.5 M\u0130LYAR TL\u2019L\u0130K PROJE<\/b><\/p>\n<p>Kocaeli B\u00fcy\u00fck\u015fehir Belediyesi\u2019nin tar\u0131m ve hayvanc\u0131l\u0131k alan\u0131nda y\u00fcr\u00fctt\u00fc\u011f\u00fc destek programlar\u0131 \u00fcreticilerin maliyet y\u00fck\u00fcn\u00fc azalt\u0131rken, \u00fcretimi art\u0131rmaya y\u00f6nelik \u00f6nemli katk\u0131lar sunuyor. Son 7 y\u0131lda tar\u0131m ve hayvanc\u0131l\u0131k projelerine 1.5 milyar TL\u2019ye yak\u0131n bir kaynak ay\u0131ran Kocaeli B\u00fcy\u00fck\u015fehir, bu y\u0131l kent genelinde y\u00fcr\u00fctt\u00fc\u011f\u00fc \u0130lkbahar D\u00f6nemi Yem Bitkisi Tohumu Destekleme Projesi kapsam\u0131nda, 9 il\u00e7e ve 186 mahalledeki 1.600 \u00e7ift\u00e7iye destek sa\u011flayacak. \u00c7ift\u00e7ilere 3.350 paket m\u0131s\u0131r ve 4.100 paket yonca tohumu da\u011f\u0131t\u0131larak, toplam 85 ton yem bitkisi tohumunun toprakla bulu\u015fturulmas\u0131 sa\u011flanacak. Yakla\u015f\u0131k 27 milyon TL\u2019lik destekle birlikte 32.000 dekar tar\u0131m arazisi yeniden \u00fcretime kazand\u0131r\u0131lacak.<\/p>\n<p><b>TOHUMLAR \u0130\u00c7\u0130N DA\u011eITIM T\u00d6REN\u0130<\/b><\/p>\n<p>\u00c7ift\u00e7ilerin b\u00fcy\u00fck bir heyecanla bekledi\u011fi ilkbaharl\u0131k yem bitkisi tohumlar\u0131n\u0131n da\u011f\u0131t\u0131m\u0131 i\u00e7in t\u00f6ren d\u00fczenlendi. Derince il\u00e7esi \u00c7avu\u015flu Mahallesi\u2019nde ger\u00e7ekle\u015ftirilen t\u00f6rene Kocaeli B\u00fcy\u00fck\u015fehir Belediye Ba\u015fkan\u0131 Tahir B\u00fcy\u00fckak\u0131n\u2019\u0131n yan\u0131 s\u0131ra K\u00f6rfez Belediye Ba\u015fkan\u0131 \u015eener S\u00f6\u011f\u00fct, AK Parti Derince \u0130l\u00e7e Ba\u015fkan\u0131 Mustafa T\u0131rpan, AK Parti K\u00f6rfez \u0130l\u00e7e Ba\u015fkan\u0131 Nurettin Okudan, ziraat odalar\u0131n\u0131n ba\u015fkanlar\u0131, muhtarlar, \u00e7ift\u00e7iler ve \u00e7ok say\u0131da vatanda\u015f kat\u0131ld\u0131.<\/p>\n<p><b>\u201cBU TOPRAKLARDA EK\u0130M S\u00dcRMEL\u0130\u201d<\/b><\/p>\n<p>Ba\u015fkan B\u00fcy\u00fckak\u0131n konu\u015fmas\u0131nda her zaman sahada olduklar\u0131n\u0131 vurgulad\u0131. \u201cNerede i\u015f varsa orada biz var\u0131z\u201d diyen Ba\u015fkan B\u00fcy\u00fckak\u0131n, \u201cBizi arayan i\u015fimizin ba\u015f\u0131nda bulur. Tarlada izi olmayan\u0131n hasatta y\u00fcz\u00fc olmazm\u0131\u015f. \u00c7al\u0131\u015fmak laz\u0131m ama gayret etmeden olmaz. Bak\u0131n buraya do\u011falgaz getirdik. \u0130n\u015fallah di\u011fer mahallelerimizde de \u00e7ok yak\u0131n zamanda gelecek. 7 y\u0131lda tar\u0131ma 1.5 milyar liral\u0131k destek verdik. Bug\u00fcn de 1.600 \u00e7ift\u00e7iye y\u00fczde 75 hibeli m\u0131s\u0131r ve yonca tohumu da\u011f\u0131t\u0131lacak. Bununla, 32.000 dekarl\u0131k alanda ekim yap\u0131lacak. Bu ne demek? 55 tane Sekapark, Dar\u0131ca\u2019n\u0131n 1.5 kat\u0131 kadar bir alan demek. Yani yap\u0131lan i\u015f \u00f6yle ufak tefek bir i\u015f de\u011fil. Ger\u00e7ekten sa\u011flam bir i\u015f\u201d dedi. Ba\u015fkan B\u00fcy\u00fckak\u0131n bu topraklarda ekimin devam etmesi gerekti\u011fini vurgulayarak \u015funlar\u0131 s\u00f6yledi:<\/p>\n<p><b>\u201cTARIMSAL KAPAS\u0130TEM\u0130Z ARTMALI\u201d<\/b><\/p>\n<p>\u201cAsl\u0131nda belediye ba\u015fkanlar\u0131n\u0131n buralara bakmas\u0131 laz\u0131m. \u00c7\u00fcnk\u00fc, en b\u00fcy\u00fck risklerden bir tanesi g\u0131da g\u00fcvenli\u011fi riski. Dolay\u0131s\u0131yla, bizim asl\u0131nda tar\u0131msal kapasitemizi kaybetmememiz, aksine art\u0131racak stratejiler izlememiz laz\u0131m. Sulama g\u00f6letlerinin kapasitelerini de art\u0131r\u0131yoruz. Buradaki sulama imk\u00e2nlar\u0131n\u0131 art\u0131rmak i\u00e7in b\u00fcy\u00fck bir proje hayata ge\u00e7irece\u011fiz. K\u00f6ylerdeki do\u011falgaz projelerimiz de h\u0131zla devam ediyor. Ni\u00e7in yap\u0131yoruz? Burada ya\u015fam devam etsin diye yap\u0131yoruz. Toprak ekilmeye devam etti\u011finde iki \u015feyi korumu\u015f oluyorsunuz. Birincisi topra\u011f\u0131n kalitesi korunmaya devam ediyor. Di\u011fer taraftan k\u0131rsal mahallelerimizin haf\u0131zas\u0131 korunuyor. Sadece hizmet ediyoruz. S\u00fcrekli bunu s\u00f6yl\u00fcyoruz \u00e7\u00fcnk\u00fc ger\u00e7ek varl\u0131k sebebimiz bu millete hizmet etmek. Bo\u015f konu\u015fmuyoruz. Lafla peynir gemisi y\u00fcr\u00fcmez. Da\u011f\u0131taca\u011f\u0131m\u0131z yem bitkisi tohumlar\u0131, \u015fimdiden \u00e7ift\u00e7imize hay\u0131rl\u0131 olsun bereket olsun. Hayvanlar\u0131n\u0131za g\u0131da olsun, bereket olsun.\u201d<\/p>\n<p><b>\u0130LK MISIR EK\u0130M\u0130N\u0130 B\u00dcY\u00dcKAKIN YAPTI<\/b><\/p>\n<p>\u00c7avu\u015flu Mahalle Muhtar\u0131 \u0130smail Turan ile \u0130zmit Ziraat Odas\u0131 Ba\u015fkan\u0131 Yusuf Karaaslan, \u00e7ift\u00e7ilere desteklerinden dolay\u0131 Ba\u015fkan B\u00fcy\u00fckak\u0131n\u2019a te\u015fekk\u00fcr etti. \u015eener S\u00f6\u011f\u00fct de B\u00fcy\u00fck\u015fehir\u2019in sa\u011flad\u0131\u011f\u0131 desteklerin \u00f6nemine vurgu yapt\u0131. Konu\u015fmalar\u0131ndan ard\u0131ndan, \u00e7ift\u00e7iler ve kurum temsilcileri taraf\u0131ndan Ba\u015fkan B\u00fcy\u00fckak\u0131n\u2019a tar\u0131msal \u00fcr\u00fcnlerden olu\u015fan hediyeler takdim edildi. Ba\u015fkan B\u00fcy\u00fckak\u0131n, t\u00f6ren sonunda trakt\u00f6r\u00fcn ba\u015f\u0131na ge\u00e7ti, tarlada ilk m\u0131s\u0131r ekimini yapt\u0131.<\/p>\n<p>\u00a0<\/p>\n<p>\u00a0<\/p>\n<p>Kaynak: (BYZHA) Beyaz Haber Ajans\u0131<\/p>\n","protected":false},"excerpt":{"rendered":"<p>\u201cSadece Hizmet Ettik\u201d diyerek iki y\u0131l\u0131n\u0131 \u00f6zetleyen Kocaeli B\u00fcy\u00fck\u015fehir Belediye Ba\u015fkan\u0131 Tahir B\u00fcy\u00fckak\u0131n, 9 il\u00e7ede bin 600 \u00e7ift\u00e7iye ilkbaharl\u0131k %75 hibeli yem bitkisi tohum da\u011f\u0131t\u0131m\u0131 ger\u00e7ekle\u015ftirdi.<\/p>\n","protected":false},"author":1,"featured_media":14276,"comment_status":"open","ping_status":"open","sticky":false,"template":"","format":"standard","meta":{"footnotes":""},"categories":[22],"tags":[],"class_list":["post-14275","post","type-post","status-publish","format-standard","has-post-thumbnail","hentry","category-ekonomi"],"_links":{"self":[{"href":"https:\/\/busondakika.com.tr\/index.php?rest_route=\/wp\/v2\/posts\/14275","targetHints":{"allow":["GET"]}}],"collection":[{"href":"https:\/\/busondakika.com.tr\/index.php?rest_route=\/wp\/v2\/posts"}],"about":[{"href":"https:\/\/busondakika.com.tr\/index.php?rest_route=\/wp\/v2\/types\/post"}],"author":[{"embeddable":true,"href":"https:\/\/busondakika.com.tr\/index.php?rest_route=\/wp\/v2\/users\/1"}],"replies":[{"embeddable":true,"href":"https:\/\/busondakika.com.tr\/index.php?rest_route=%2Fwp%2Fv2%2Fcomments&post=14275"}],"version-history":[{"count":1,"href":"https:\/\/busondakika.com.tr\/index.php?rest_route=\/wp\/v2\/posts\/14275\/revisions"}],"predecessor-version":[{"id":14277,"href":"https:\/\/busondakika.com.tr\/index.php?rest_route=\/wp\/v2\/posts\/14275\/revisions\/14277"}],"wp:featuredmedia":[{"embeddable":true,"href":"https:\/\/busondakika.com.tr\/index.php?rest_route=\/wp\/v2\/media\/14276"}],"wp:attachment":[{"href":"https:\/\/busondakika.com.tr\/index.php?rest_route=%2Fwp%2Fv2%2Fmedia&parent=14275"}],"wp:term":[{"taxonomy":"category","embeddable":true,"href":"https:\/\/busondakika.com.tr\/index.php?rest_route=%2Fwp%2Fv2%2Fcategories&post=14275"},{"taxonomy":"post_tag","embeddable":true,"href":"https:\/\/busondakika.com.tr\/index.php?rest_route=%2Fwp%2Fv2%2Ftags&post=14275"}],"curies":[{"name":"wp","href":"https:\/\/api.w.org\/{rel}","templated":true}]}}