{"id":14278,"date":"2026-04-30T14:58:44","date_gmt":"2026-04-30T14:58:44","guid":{"rendered":"https:\/\/busondakika.com.tr\/?p=14278"},"modified":"2026-04-30T14:58:45","modified_gmt":"2026-04-30T14:58:45","slug":"zeytin-sektorunun-buyuk-bulusmasi-izmirde-basladi","status":"publish","type":"post","link":"https:\/\/busondakika.com.tr\/?p=14278","title":{"rendered":"Zeytin sekt\u00f6r\u00fcn\u00fcn b\u00fcy\u00fck bulu\u015fmas\u0131 \u0130zmir&#8217;de ba\u015flad\u0131"},"content":{"rendered":"<p> \u0130zmir B\u00fcy\u00fck\u015fehir Belediyesi ev sahipli\u011finde, \u0130ZFA\u015e taraf\u0131ndan d\u00fczenlenen Olivtech &#8211; 12. Zeytin, Zeytinya\u011f\u0131, S\u00fct \u00dcr\u00fcnleri, \u015earap ve Teknolojileri Fuar\u0131, Fuar \u0130zmir&#8217;de kap\u0131lar\u0131n\u0131 a\u00e7t\u0131. \u00dcretimden sofraya uzanan dev bulu\u015fman\u0131n \u00f6nemine vurgu yapan \u0130zmir B\u00fcy\u00fck\u015fehir Belediye Ba\u015fkan\u0131 Dr. Cemil Tugay, \u201cGelece\u011fin tar\u0131m\u0131n\u0131, \u00fclkesini birlikte kuraca\u011f\u0131z. Bunlar asla bo\u015f s\u00f6zler de\u011fil. Bu \u00fclkenin evlatlar\u0131 bu \u00fclkenin kurtulu\u015funu sa\u011flayacaklar. T\u00fcrkiye kendi \u00e7ocuklar\u0131yla \u015fifa bulacak\u201d \u015feklinde konu\u015ftu.<\/p>\n<p>\u0130zmir B\u00fcy\u00fck\u015fehir Belediyesi ev sahipli\u011finde, \u0130ZFA\u015e taraf\u0131ndan d\u00fczenlenen Olivtech &#8211; 12. Zeytin, Zeytinya\u011f\u0131, S\u00fct \u00dcr\u00fcnleri, \u015earap ve Teknolojileri Fuar\u0131, 100&#8217;\u00fcn \u00fczerinde kat\u0131l\u0131mc\u0131 ve 5 \u00fclkeden sekt\u00f6r temsilcileriyle kap\u0131lar\u0131n\u0131 Fuar \u0130zmir&#8217;de a\u00e7t\u0131. 2 May\u0131s&#8217;a kadar bir\u00e7ok etkinlikle devam edecek Olivtech&#8217;in \u0130zmir B\u00fcy\u00fck\u015fehir Belediye Ba\u015fkan\u0131 Dr. Cemil Tugay\u2019\u0131n ev sahipli\u011findeki a\u00e7\u0131l\u0131\u015f\u0131na; CHP Tar\u0131m ve Orman Politikalar\u0131 Kurulu Ba\u015fkan\u0131 Sencer Solako\u011flu, Zafer Partisi \u0130zmir \u0130l Ba\u015fkan\u0131 Sinan Bezircilio\u011flu, \u0130zmir Ticaret Odas\u0131 Meclis Ba\u015fkan\u0131 Selami \u00d6zpoyraz, \u0130zmir Ticaret Borsas\u0131 (\u0130TB) Meclis Ba\u015fkan\u0131 \u00d6mer G\u00f6khan Tuncer, EBSO Y\u00f6netim Kurulu \u00dcyesi \u0130dil Yi\u011fitba\u015f\u0131, EBSO Meclis Ba\u015fkan Yard\u0131mc\u0131s\u0131 \u0130zzet \u015eanl\u0131, \u0130zmir B\u00fcy\u00fck\u015fehir Belediyesi b\u00fcrokratlar\u0131, akademisyenler, sekt\u00f6r profesyonelleri kat\u0131ld\u0131.<\/p>\n<p><strong>Tugay: De\u011ferini bulmas\u0131n\u0131 sa\u011flamam\u0131z gerekiyor<\/strong><br \/>D\u00fcnyan\u0131n en g\u00fczel zeytinya\u011f\u0131n\u0131n bu topraklarda \u00fcretildi\u011fini s\u00f6yleyen \u0130zmir B\u00fcy\u00fck\u015fehir Belediye Ba\u015fkan\u0131 Dr. Cemil Tugay, \u201c\u0130nsanlar\u0131n ilk yerle\u015fik d\u00fczene ge\u00e7ti\u011fi, tar\u0131m yapmaya ba\u015flad\u0131\u011f\u0131 topraklar\u0131n miras\u00e7\u0131lar\u0131y\u0131z. Sahip oldu\u011fumuz bu de\u011feri anlamak, bilmek, hakk\u0131n\u0131 vererek bunu i\u015flemek, eme\u011fe, \u00fcr\u00fcne, markaya d\u00f6n\u00fc\u015ft\u00fcrmek ve de\u011ferini bulmas\u0131n\u0131 sa\u011flamak gerekiyor. Gazi Mustafa Kemal Atat\u00fcrk&#8217;\u00fcn bir anlamda \u0130zmir&#8217;e g\u00f6rev olarak verdi\u011fi fuarlar \u015fehri kimli\u011fini d\u00fc\u015f\u00fcn\u00fcnce, b\u00f6yle bir fuara ev sahipli\u011fi yapmak da en \u00e7ok \u015fehrimize yak\u0131\u015f\u0131rd\u0131. G\u00f6revimizi yapm\u0131\u015f olman\u0131n huzurunu ya\u015f\u0131yoruz\u201d dedi.<\/p>\n<p><strong>\u201cZeytinya\u011f\u0131 \u00fcretimi a\u00e7\u0131s\u0131ndan \u00f6nc\u00fcy\u00fcz diyebiliriz\u201d<\/strong><br \/>Fuarlar\u0131n zorlu \u015fartlarda ger\u00e7ekle\u015fti\u011fini s\u00f6yleyen Tugay, ba\u015far\u0131l\u0131 bir kat\u0131l\u0131m oldu\u011funu ifade etti.\u00a0 \u00c7ok katmanl\u0131 ve payda\u015fl\u0131 bir fuar d\u00fczenlendi\u011fini kaydeden Tugay, markala\u015fmaya, teknolojiye, pazarlamaya vurgu yaparak, \u201cT\u00fcrkiye\u2019de 200 milyondan fazla zeytin a\u011fac\u0131m\u0131z, 3 milyon 750 bin ton zeytin \u00fcretimimiz var. Y\u0131lda ortalama 300 bin ton zeytinya\u011f\u0131,\u00a0 700 bin tonun \u00fczerinde sofral\u0131k zeytin \u00fcretiyoruz. 400 bin ailemiz ge\u00e7imini do\u011frudan zeytinden sa\u011fl\u0131yor. D\u00fcnya s\u0131ralamas\u0131na bakt\u0131\u011f\u0131m\u0131zda, sofral\u0131k zeytinde \u00fcretim ve ihracatta ilk \u00fc\u00e7teyiz. \u0130spanya ve M\u0131s\u0131r ile rekabet halindeyiz. Zeytinya\u011f\u0131nda ayn\u0131 \u015fekilde hem \u00fcretimde hem ihracatta ilk be\u015f i\u00e7indeyiz. 120 \u00fclkeye zeytinya\u011f\u0131, 130 \u00fclkeye sofral\u0131k zeytin ihra\u00e7 ediyoruz. Zeytin sekt\u00f6r\u00fcn\u00fcn d\u00fcnyadaki ana akt\u00f6rlerinden birisidir T\u00fcrkiye. Bu bilin\u00e7le hem gurur duymal\u0131 hem de bu sorumlulu\u011fun a\u011f\u0131rl\u0131\u011f\u0131n\u0131 hissetmeliyiz diye d\u00fc\u015f\u00fcn\u00fcyorum. \u0130zmir, bu sorumlulu\u011fun alt\u0131ndan kalkmak i\u00e7in \u00e7ok \u00e7al\u0131\u015fan, \u00e7aba g\u00f6steren \u015fehirlerimizden biridir. Ya\u011fl\u0131k zeytin \u00fcretiminde T\u00fcrkiye&#8217;nin birinci kenti. T\u00fcrkiye genelindeki zeytin \u00fcretiminin yakla\u015f\u0131k y\u00fczde 14\u2019\u00fcn\u00fc, ya\u011fl\u0131k zeytin \u00fcretiminin yakla\u015f\u0131k y\u00fczde 18\u2019ini tek ba\u015f\u0131m\u0131za kar\u015f\u0131l\u0131yoruz. 20 milyonun \u00fczerinde zeytin a\u011fac\u0131, yakla\u015f\u0131k 520 bin ton toplam zeytin \u00fcretimimiz var. Zeytinya\u011f\u0131 \u00fcretimi a\u00e7\u0131s\u0131ndan \u00f6nc\u00fcy\u00fcz diyebiliriz\u201d dedi.<\/p>\n<p><strong>Tar\u0131m kenti kimli\u011fine dikkat \u00e7ekti<\/strong><br \/>\u0130zmir&#8217;in bir liman kenti oldu\u011funu hat\u0131rlatan Tugay, \u201cLiman kenti olmas\u0131n\u0131n sebebi asl\u0131nda \u00e7ok \u00f6nemli tar\u0131m havzas\u0131n\u0131n d\u0131\u015fa a\u00e7\u0131lan penceresi olmas\u0131. Bu y\u00fczden as\u0131rlard\u0131r \u00fcretimiyle ticaretiyle,\u00a0 tar\u0131msal \u00fcretimiyle bir\u00e7ok alanda zirveye oynam\u0131\u015f bir kenttir. Elimizdekinin k\u0131ymetini bilirsek kazan\u0131r\u0131z, bu k\u0131ymetin gerektirdi\u011fi sorumlulu\u011fu yerine getirirsek hakk\u0131n\u0131 vermi\u015f oluruz. Bizler \u0130zmir B\u00fcy\u00fck\u015fehir Belediyesi ailesi olarak \u015fehrimizin, T\u00fcrkiye&#8217;nin, belki d\u00fcnyan\u0131n en \u00f6nemli tar\u0131m \u015fehirlerinden, b\u00f6lgemizin de en \u00f6nemli tar\u0131m b\u00f6lgelerinden oldu\u011fu bilinciyle hareket ediyoruz\u201d diye konu\u015ftu.\u00a0\u00a0<br \/>\u0130zmir&#8217;in \u00f6nemli ad\u0131mlar att\u0131\u011f\u0131n\u0131 s\u00f6yleyen Tugay, \u201cPek \u00e7ok konseyimiz var \u0130zmir&#8217;de. \u0130zmir&#8217;de bizim y\u00fcr\u00fcd\u00fc\u011f\u00fcm\u00fcz yol kadar etkili, h\u0131zl\u0131 yol y\u00fcr\u00fcyen ba\u015fka bir \u015fehir yok. \u0130zmir, kat\u0131l\u0131mc\u0131 yerel y\u00f6netim anlam\u0131nda d\u00fcnyada fark yaratmakta olan \u015fehir pozisyonundad\u0131r\u201d dedi. Tugay, T\u00fcrkiye&#8217;nin i\u00e7inde bulundu\u011fu s\u0131k\u0131nt\u0131lardan \u00e7\u0131kmas\u0131n\u0131n birlik beraberlikten ge\u00e7ti\u011fini de s\u00f6yledi.\u00a0<\/p>\n<p><strong>\u201cBunlar bo\u015f s\u00f6zler de\u011fil\u201d<\/strong><br \/>Zeytin Konseyi&#8217;ne sahip olduklar\u0131n\u0131, herkesin destek olabilece\u011fini s\u00f6yleyen Tugay, markala\u015fman\u0131n da irdelenmesi gerekti\u011fini s\u00f6yledi. Tugay, \u201c\u00dcretti\u011fimiz \u00fcr\u00fcnleri ba\u015fka \u00fclkelere markas\u0131z olarak toplu ihra\u00e7 ediyoruz. Onlar marka haline getiriyor. Kendi \u00fcr\u00fcnleri olarak sat\u0131yor. Bizim 1 liraya satt\u0131\u011f\u0131m\u0131z \u015feyi onlar 5-10 liraya sat\u0131yor\u201d dedi. Ge\u00e7en y\u0131l kooperatiflere 694 milyon lira destek verdiklerini s\u00f6yleyen Tugay, \u201cGelece\u011fin tar\u0131m\u0131n\u0131, \u00fclkesini birlikte kuraca\u011f\u0131z. Bunlar asla bo\u015f s\u00f6zler de\u011fil. Ben bu \u00fclkenin bir evlad\u0131 olarak bu g\u00f6revin ba\u015f\u0131nday\u0131m. \u0130nsanlar\u0131m\u0131z istedi\u011fi s\u00fcrece bu g\u00f6revi yapmaya devam edece\u011fim. Benim olmad\u0131\u011f\u0131m zamanlar bu \u00fclkenin ba\u015fka evlatlar\u0131 burada olacaklar. Bu \u00fclkenin evlatlar\u0131 bu \u00fclkenin kurtulu\u015funu sa\u011flayacaklar. T\u00fcrkiye kendi \u00e7ocuklar\u0131yla \u015fifa bulacak\u201d \u015feklinde konu\u015ftu.<\/p>\n<p><strong>Solako\u011flu: \u00c7ok \u00e7al\u0131\u015f\u0131yoruz ama para kazanam\u0131yoruz<\/strong><br \/>CHP Tar\u0131m ve Orman Politikalar\u0131 Kurulu Ba\u015fkan\u0131 Sencer Solako\u011flu, \u201cT\u00fcrkiye\u2019de zenginli\u011fi yerin alt\u0131nda aramay\u0131n: En b\u00fcy\u00fck zenginli\u011fimiz ye\u015fil alt\u0131n zeytin\u201d ba\u015fl\u0131\u011f\u0131yla bir konu\u015fma ger\u00e7ekle\u015ftirdi. T\u00fcrkiye&#8217;de \u00fcretilen ancak markala\u015famayan \u00fcr\u00fcnlere vurgu yapan Solako\u011flu, \u201c\u00c7ok \u00e7al\u0131\u015f\u0131yoruz ama para kazanam\u0131yoruz. \u00c7ok \u00e7al\u0131\u015f\u0131p para kazanmamam\u0131z\u0131n da en b\u00fcy\u00fck sebebi, biz hi\u00e7bir zaman desteklenmiyoruz. Zeytinya\u011f\u0131m\u0131z\u0131, peynirimizi markala\u015ft\u0131ramam\u0131\u015f\u0131z, hep fasonculu\u011fa ka\u00e7m\u0131\u015f\u0131z. Standard\u0131n olmad\u0131\u011f\u0131 yerde markala\u015fman\u0131n olmas\u0131 m\u00fcmk\u00fcn de\u011fil. Bu konuda hi\u00e7bir destek yap\u0131lm\u0131yor\u201d diye konu\u015ftu. Solako\u011flu, T\u00fcrk mutfa\u011f\u0131n\u0131n d\u00fcnyada tan\u0131t\u0131lmas\u0131 gerekti\u011fini s\u00f6yledi.\u00a0<\/p>\n<p><strong>\u00d6\u011frencilerin yapt\u0131\u011f\u0131 yemekleri tatt\u0131\u00a0<\/strong><br \/>A\u00e7\u0131l\u0131\u015f\u0131n ard\u0131ndan Ba\u015fkan Tugay, Etkinlik Program\u0131 \u0130\u00e7erik \u00c7al\u0131\u015fma Komitesi&#8217;ne destekleri i\u00e7in plaket takdim etti. Ba\u015fkan Dr. Cemil Tugay, stantlar\u0131 ziyaret etti, kat\u0131l\u0131mc\u0131lar, firmalar temsilcileri ve \u00fcreticilerle sohbet etti. Dokuz Eyl\u00fcl \u00dcniversitesi ve \u0130zmir Katip \u00c7elebi \u00dcniversitesi \u00f6\u011frencilerinin haz\u0131rlad\u0131\u011f\u0131 yemekleri de tadan Tugay, \u00f6\u011frencilerle sohbet ederek destek olmak istediklerini kaydetti.\u00a0<\/p>\n<p><strong>100&#8217;\u00fcn \u00fczerinde kat\u0131l\u0131mc\u0131<\/strong><br \/>Olivtech Fuar\u0131, sekt\u00f6rdeki yenilikleri ve teknolojik geli\u015fmeleri sergilemek, sekt\u00f6r profesyonellerini bir araya getirerek i\u015f birli\u011fi olanaklar\u0131 yaratmak amac\u0131yla d\u00fczenlenirken, \u00fcretimden i\u015fleme ve t\u00fcketime uzanan geni\u015f bir yelpazede faaliyet g\u00f6steren payda\u015flar\u0131 ayn\u0131 \u00e7at\u0131 alt\u0131nda bulu\u015fturmay\u0131 hedefliyor. 100&#8217;\u00fcn \u00fczerinde kat\u0131l\u0131mc\u0131n\u0131n yer ald\u0131\u011f\u0131 fuarda, T\u00fcrkiye\u2019nin 19 farkl\u0131 \u015fehrinin yan\u0131 s\u0131ra Almanya, Fransa, \u0130sve\u00e7, Kanada ve Libya\u2019dan kat\u0131l\u0131mc\u0131lar da bulunuyor. Zeytin ve zeytinya\u011f\u0131 ba\u015fta olmak \u00fczere s\u00fct \u00fcr\u00fcnleri, \u015farap ve tar\u0131m teknolojilerine odaklanan fuar, kat\u0131l\u0131mc\u0131lara g\u00fcncel trendleri takip etme, yeni i\u015f ba\u011flant\u0131lar\u0131 kurma ve sekt\u00f6rel geli\u015fmelere dair kapsaml\u0131 bir perspektif kazanma imkan\u0131 sunuyor. Fuar\u0131 \u00fclkemizin yan\u0131 s\u0131ra Balkanlar, Avrupa, Orta Do\u011fu ve Kuzey Afrika ba\u015fta olmak \u00fczere farkl\u0131 co\u011frafyalardan sekt\u00f6r profesyonellerinin ziyaret etmesi bekleniyor.\u00a0<\/p>\n<p><strong>Zengin i\u00e7erik<\/strong><br \/>Fuar zengin etkinlik program\u0131yla da dikkat \u00e7ekiyor. S\u00f6yle\u015filer, mutfak at\u00f6lyeleri, tad\u0131m etkinlikleri, lansmanlar, deneyim alanlar\u0131 ve sergi ile zenginle\u015fen program kapsam\u0131nda \u00fcretimden t\u00fcketime uzanan s\u00fcre\u00e7 farkl\u0131 ba\u015fl\u0131klar alt\u0131nda ele al\u0131nacak. Tar\u0131mda d\u00f6n\u00fc\u015f\u00fcm, g\u0131dada kalite, \u00fcretim s\u00fcre\u00e7leri, markala\u015fma, s\u00fcrd\u00fcr\u00fclebilirlik, de\u011fer zinciri, t\u00fcketim al\u0131\u015fkanl\u0131klar\u0131 ve gastronomi gibi konular\u0131n de\u011ferlendirilece\u011fi etkinlikler, sekt\u00f6r\u00fcn g\u00fcncel dinamiklerine \u0131\u015f\u0131k tutacak.\u00a0<\/p>\n<p>\u00a0<\/p>\n<p>\u00a0<\/p>\n<p>Kaynak: (BYZHA) Beyaz Haber Ajans\u0131<\/p>\n","protected":false},"excerpt":{"rendered":"<p>\u0130zmir B\u00fcy\u00fck\u015fehir Belediyesi ev sahipli\u011finde, \u0130ZFA\u015e taraf\u0131ndan d\u00fczenlenen Olivtech &#8211; 12.<\/p>\n","protected":false},"author":1,"featured_media":14279,"comment_status":"open","ping_status":"open","sticky":false,"template":"","format":"standard","meta":{"footnotes":""},"categories":[22],"tags":[],"class_list":["post-14278","post","type-post","status-publish","format-standard","has-post-thumbnail","hentry","category-ekonomi"],"_links":{"self":[{"href":"https:\/\/busondakika.com.tr\/index.php?rest_route=\/wp\/v2\/posts\/14278","targetHints":{"allow":["GET"]}}],"collection":[{"href":"https:\/\/busondakika.com.tr\/index.php?rest_route=\/wp\/v2\/posts"}],"about":[{"href":"https:\/\/busondakika.com.tr\/index.php?rest_route=\/wp\/v2\/types\/post"}],"author":[{"embeddable":true,"href":"https:\/\/busondakika.com.tr\/index.php?rest_route=\/wp\/v2\/users\/1"}],"replies":[{"embeddable":true,"href":"https:\/\/busondakika.com.tr\/index.php?rest_route=%2Fwp%2Fv2%2Fcomments&post=14278"}],"version-history":[{"count":1,"href":"https:\/\/busondakika.com.tr\/index.php?rest_route=\/wp\/v2\/posts\/14278\/revisions"}],"predecessor-version":[{"id":14280,"href":"https:\/\/busondakika.com.tr\/index.php?rest_route=\/wp\/v2\/posts\/14278\/revisions\/14280"}],"wp:featuredmedia":[{"embeddable":true,"href":"https:\/\/busondakika.com.tr\/index.php?rest_route=\/wp\/v2\/media\/14279"}],"wp:attachment":[{"href":"https:\/\/busondakika.com.tr\/index.php?rest_route=%2Fwp%2Fv2%2Fmedia&parent=14278"}],"wp:term":[{"taxonomy":"category","embeddable":true,"href":"https:\/\/busondakika.com.tr\/index.php?rest_route=%2Fwp%2Fv2%2Fcategories&post=14278"},{"taxonomy":"post_tag","embeddable":true,"href":"https:\/\/busondakika.com.tr\/index.php?rest_route=%2Fwp%2Fv2%2Ftags&post=14278"}],"curies":[{"name":"wp","href":"https:\/\/api.w.org\/{rel}","templated":true}]}}