{"id":14281,"date":"2026-04-30T17:28:20","date_gmt":"2026-04-30T17:28:20","guid":{"rendered":"https:\/\/busondakika.com.tr\/?p=14281"},"modified":"2026-04-30T17:28:21","modified_gmt":"2026-04-30T17:28:21","slug":"beylikduzunde-bahar-mesaisi-basladi","status":"publish","type":"post","link":"https:\/\/busondakika.com.tr\/?p=14281","title":{"rendered":"Beylikd\u00fcz\u00fc\u2019nde Bahar Mesaisi Ba\u015flad\u0131"},"content":{"rendered":"<p> <span style=\"font-size:12pt\"><span style=\",serif\"><b><span style=\"font-size:14.0pt\">Beylikd\u00fcz\u00fc\u2019n\u00fcn ye\u015fil dokusunun korunmas\u0131 ve geli\u015ftirilmesini \u00f6ncelikli olarak ele alan Beylikd\u00fcz\u00fc Belediyesi, il\u00e7e genelinde bahar bak\u0131m\u0131 ve yaza haz\u0131rl\u0131k \u00e7al\u0131\u015fmalar\u0131n\u0131 ba\u015flatt\u0131. Yap\u0131lan \u00e7al\u0131\u015fmalarla vatanda\u015flar\u0131n ortak kullan\u0131m alanlar\u0131 daha temiz, d\u00fczenli ve konforlu hale getiriliyor.<\/span><\/b><\/span><\/span><\/p>\n<p><span style=\"font-size:12pt\"><span style=\",serif\">\u0130l\u00e7e genelindeki park, bah\u00e7e ve ye\u015fil alanlarda bak\u0131m, onar\u0131m ve temizlik \u00e7al\u0131\u015fmalar\u0131na h\u0131z kesmeden devam eden Beylikd\u00fcz\u00fc Belediyesi, il\u00e7e genelinde bahar bak\u0131m\u0131 ve yaza haz\u0131rl\u0131k \u00e7al\u0131\u015fmalar\u0131n\u0131 ba\u015flatt\u0131. Haz\u0131rl\u0131klar kapsam\u0131nda sahada g\u00f6rev yapan ekipler, k\u0131\u015f mevsiminde zarar g\u00f6ren alanlarda kapsaml\u0131 bir \u00e7al\u0131\u015fma y\u00fcr\u00fcterek hem \u00e7evre d\u00fczenlemelerini ger\u00e7ekle\u015ftiriyor hem de alanlar\u0131 mevsimsel kullan\u0131ma haz\u0131r hale getiriyor. <\/span><\/span><\/p>\n<p><span style=\"font-size:12pt\"><span style=\",serif\"><b>Ortak kullan\u0131m alanlar\u0131 detayl\u0131 \u015fekilde temizleniyor<\/b><\/span><\/span><\/p>\n<p><span style=\"font-size:12pt\"><span style=\",serif\">Beylikd\u00fcz\u00fc\u2019n\u00fcn ye\u015fil dokusunun korunmas\u0131 ve geli\u015ftirilmesinin \u00f6ncelikli olarak ele al\u0131nd\u0131\u011f\u0131 \u00e7al\u0131\u015fmalarla; y\u00fcr\u00fcy\u00fc\u015f yollar\u0131, oturma alanlar\u0131, \u00e7ocuk oyun gruplar\u0131, spor sahalar\u0131 ve ortak kullan\u0131m noktalar\u0131 detayl\u0131 \u015fekilde temizlenerek vatanda\u015flar\u0131n do\u011fayla i\u00e7 i\u00e7e, d\u00fczenli ve konforlu ortamlarda vakit ge\u00e7irmesi sa\u011flan\u0131yor. <\/span><\/span><\/p>\n<p>\u00a0<\/p>\n<p>Kaynak: (BYZHA) Beyaz Haber Ajans\u0131<\/p>\n","protected":false},"excerpt":{"rendered":"<p>Beylikd\u00fcz\u00fc\u2019n\u00fcn ye\u015fil dokusunun korunmas\u0131 ve geli\u015ftirilmesini \u00f6ncelikli olarak ele alan Beylikd\u00fcz\u00fc Belediyesi, il\u00e7e genelinde bahar bak\u0131m\u0131 ve yaza haz\u0131rl\u0131k \u00e7al\u0131\u015fmalar\u0131n\u0131 ba\u015flatt\u0131.<\/p>\n","protected":false},"author":1,"featured_media":14282,"comment_status":"open","ping_status":"open","sticky":false,"template":"","format":"standard","meta":{"footnotes":""},"categories":[21],"tags":[],"class_list":["post-14281","post","type-post","status-publish","format-standard","has-post-thumbnail","hentry","category-gundem"],"_links":{"self":[{"href":"https:\/\/busondakika.com.tr\/index.php?rest_route=\/wp\/v2\/posts\/14281","targetHints":{"allow":["GET"]}}],"collection":[{"href":"https:\/\/busondakika.com.tr\/index.php?rest_route=\/wp\/v2\/posts"}],"about":[{"href":"https:\/\/busondakika.com.tr\/index.php?rest_route=\/wp\/v2\/types\/post"}],"author":[{"embeddable":true,"href":"https:\/\/busondakika.com.tr\/index.php?rest_route=\/wp\/v2\/users\/1"}],"replies":[{"embeddable":true,"href":"https:\/\/busondakika.com.tr\/index.php?rest_route=%2Fwp%2Fv2%2Fcomments&post=14281"}],"version-history":[{"count":1,"href":"https:\/\/busondakika.com.tr\/index.php?rest_route=\/wp\/v2\/posts\/14281\/revisions"}],"predecessor-version":[{"id":14283,"href":"https:\/\/busondakika.com.tr\/index.php?rest_route=\/wp\/v2\/posts\/14281\/revisions\/14283"}],"wp:featuredmedia":[{"embeddable":true,"href":"https:\/\/busondakika.com.tr\/index.php?rest_route=\/wp\/v2\/media\/14282"}],"wp:attachment":[{"href":"https:\/\/busondakika.com.tr\/index.php?rest_route=%2Fwp%2Fv2%2Fmedia&parent=14281"}],"wp:term":[{"taxonomy":"category","embeddable":true,"href":"https:\/\/busondakika.com.tr\/index.php?rest_route=%2Fwp%2Fv2%2Fcategories&post=14281"},{"taxonomy":"post_tag","embeddable":true,"href":"https:\/\/busondakika.com.tr\/index.php?rest_route=%2Fwp%2Fv2%2Ftags&post=14281"}],"curies":[{"name":"wp","href":"https:\/\/api.w.org\/{rel}","templated":true}]}}