{"id":14296,"date":"2026-04-30T18:19:24","date_gmt":"2026-04-30T18:19:24","guid":{"rendered":"https:\/\/busondakika.com.tr\/?p=14296"},"modified":"2026-04-30T18:19:24","modified_gmt":"2026-04-30T18:19:24","slug":"buyukakin-giresunlularin-gonul-sofrasina-konuk-oldu","status":"publish","type":"post","link":"https:\/\/busondakika.com.tr\/?p=14296","title":{"rendered":"B\u00fcy\u00fckak\u0131n, Giresunlular\u0131n g\u00f6n\u00fcl sofras\u0131na konuk oldu"},"content":{"rendered":"<p> Kocaeli B\u00fcy\u00fck\u015fehir Belediye Ba\u015fkan\u0131 Tahir B\u00fcy\u00fckak\u0131n, Gebze\u2019de Giresun Ya\u011fl\u0131dereliler Derne\u011fi\u2019nin g\u00f6n\u00fcl sofras\u0131na konuk oldu. Y\u00f6resel ikramlar\u0131n oldu\u011fu ziyarette, sohbet e\u015fli\u011finde keyifli anlar ya\u015fand\u0131.<\/p>\n<p><b>SICAK B\u0130R \u015eEK\u0130LDE KAR\u015eILANDI<\/b><\/p>\n<p>Kocaeli B\u00fcy\u00fck\u015fehir Belediye Ba\u015fkan\u0131 Tahir B\u00fcy\u00fckak\u0131n, hem\u015feri dernekleri ile bulu\u015fmalar\u0131na devam ediyor. Ba\u015fkan B\u00fcy\u00fckak\u0131n son olarak, merkezi Gebze\u2019de bulunan Kocaeli Giresun Ya\u011fl\u0131dereliler Derne\u011fi \u00fcyeleri ile bir araya geldi. Kocaeli Giresun Ya\u011fl\u0131dereliler Dernek Ba\u015fkan\u0131 Engin G\u00fcng\u00f6r\u2019\u00fcn ev sahipli\u011finde d\u00fczenlenen programa Kocaeli Valisi \u0130lhami Akta\u015f, AK Parti Kocaeli \u0130l Ba\u015fkan\u0131 \u015eahin Talus, Gebze Belediye Ba\u015fkan Yard\u0131mc\u0131s\u0131 Mahmut Yand\u0131k, AK Parti Kocaeli \u0130l Kad\u0131n Kollar\u0131 Ba\u015fkan\u0131 Yasemin \u00d6zdemir, AK Parti Gebze \u0130l\u00e7e Ba\u015fkan\u0131 Recep Kaya ve Kocaeli B\u00fcy\u00fck\u015fehir Belediyesi Gebze B\u00f6lge Koordinat\u00f6r\u00fc \u0130brahim Pehlivan da haz\u0131r bulundu.<\/p>\n<p><b>\u201cB\u0130RL\u0130K, BERABERL\u0130\u011e\u0130M\u0130Z\u0130 KORUMALIYIZ\u201d<\/b><\/p>\n<p>Giresunlular taraf\u0131ndan s\u0131cak \u015fekilde kar\u015f\u0131lanan Ba\u015fkan B\u00fcy\u00fckak\u0131n yapt\u0131\u011f\u0131 konu\u015fmada birlik ve beraberli\u011fin \u00f6nemine dikkat \u00e7ekti. Ba\u015fkan B\u00fcy\u00fckak\u0131n, \u201cD\u00f6rt bir yan\u0131m\u0131z ate\u015f \u00e7emberi. Biz bu ko\u015fullar\u0131n aras\u0131nda burada huzur i\u00e7erisindeyiz. Bu, bizim birli\u011fimizin sayesinde oluyor. Allah beraberli\u011fimizi bozmas\u0131n, \u00f6nemli olan bu. Biz ne zaman Giresunlu karde\u015flerimizle bir araya gelsek g\u00fcler y\u00fczle kar\u015f\u0131land\u0131k. Birli\u011fe, beraberli\u011fe ve \u015fehre katk\u0131n\u0131z i\u00e7in te\u015fekk\u00fcr ediyorum\u201d dedi.<\/p>\n<p><b>VAL\u0130: STK\u2019LAR B\u0130ZE YOL A\u00c7IYOR<\/b><\/p>\n<p>Kocaeli Valisi \u0130lhami Akta\u015f ise, \u201cHepimiz Gebze i\u00e7in, Kocaeli i\u00e7in, memleketimiz i\u00e7in \u00e7al\u0131\u015f\u0131yoruz. T\u00fcm kamu kurumlar\u0131m\u0131zla \u015fehrimizin gelece\u011fi i\u00e7in ne yapabiliriz diye \u00e7al\u0131\u015f\u0131yoruz. Sizler de sivil toplum kurulu\u015flar\u0131 olarak hem destek oluyorsunuz hem yol a\u00e7\u0131yorsunuz. Allah hepimize birlik beraberlik i\u00e7erisinde \u00e7al\u0131\u015fmay\u0131 nasip etsin\u201d ifadelerini kulland\u0131.<\/p>\n<p>\u00a0<\/p>\n<p>Kaynak: (BYZHA) Beyaz Haber Ajans\u0131<\/p>\n","protected":false},"excerpt":{"rendered":"<p>Kocaeli B\u00fcy\u00fck\u015fehir Belediye Ba\u015fkan\u0131 Tahir B\u00fcy\u00fckak\u0131n, Gebze\u2019de Giresun Ya\u011fl\u0131dereliler Derne\u011fi\u2019nin g\u00f6n\u00fcl sofras\u0131na konuk oldu.<\/p>\n","protected":false},"author":1,"featured_media":14297,"comment_status":"open","ping_status":"open","sticky":false,"template":"","format":"standard","meta":{"footnotes":""},"categories":[21],"tags":[],"class_list":["post-14296","post","type-post","status-publish","format-standard","has-post-thumbnail","hentry","category-gundem"],"_links":{"self":[{"href":"https:\/\/busondakika.com.tr\/index.php?rest_route=\/wp\/v2\/posts\/14296","targetHints":{"allow":["GET"]}}],"collection":[{"href":"https:\/\/busondakika.com.tr\/index.php?rest_route=\/wp\/v2\/posts"}],"about":[{"href":"https:\/\/busondakika.com.tr\/index.php?rest_route=\/wp\/v2\/types\/post"}],"author":[{"embeddable":true,"href":"https:\/\/busondakika.com.tr\/index.php?rest_route=\/wp\/v2\/users\/1"}],"replies":[{"embeddable":true,"href":"https:\/\/busondakika.com.tr\/index.php?rest_route=%2Fwp%2Fv2%2Fcomments&post=14296"}],"version-history":[{"count":1,"href":"https:\/\/busondakika.com.tr\/index.php?rest_route=\/wp\/v2\/posts\/14296\/revisions"}],"predecessor-version":[{"id":14298,"href":"https:\/\/busondakika.com.tr\/index.php?rest_route=\/wp\/v2\/posts\/14296\/revisions\/14298"}],"wp:featuredmedia":[{"embeddable":true,"href":"https:\/\/busondakika.com.tr\/index.php?rest_route=\/wp\/v2\/media\/14297"}],"wp:attachment":[{"href":"https:\/\/busondakika.com.tr\/index.php?rest_route=%2Fwp%2Fv2%2Fmedia&parent=14296"}],"wp:term":[{"taxonomy":"category","embeddable":true,"href":"https:\/\/busondakika.com.tr\/index.php?rest_route=%2Fwp%2Fv2%2Fcategories&post=14296"},{"taxonomy":"post_tag","embeddable":true,"href":"https:\/\/busondakika.com.tr\/index.php?rest_route=%2Fwp%2Fv2%2Ftags&post=14296"}],"curies":[{"name":"wp","href":"https:\/\/api.w.org\/{rel}","templated":true}]}}