{"id":14299,"date":"2026-04-30T18:19:25","date_gmt":"2026-04-30T18:19:25","guid":{"rendered":"https:\/\/busondakika.com.tr\/?p=14299"},"modified":"2026-04-30T18:19:26","modified_gmt":"2026-04-30T18:19:26","slug":"idealtepe-mahallesinde-bahar-temizligi-yapildi","status":"publish","type":"post","link":"https:\/\/busondakika.com.tr\/?p=14299","title":{"rendered":"\u0130dealtepe Mahallesi\u2019nde bahar temizli\u011fi yap\u0131ld\u0131"},"content":{"rendered":"<p> Maltepe Belediyesi \u201cTemiz Bir Maltepe Birlikte M\u00fcmk\u00fcn\u201d slogan\u0131yla mahalle bazl\u0131 ba\u015flatt\u0131\u011f\u0131 bahar temizli\u011fi \u00e7al\u0131\u015fmalar\u0131na devam ediyor. Ekipler son olarak \u0130dealtepe Mahallesi\u2019nin cadde, sokak, kald\u0131r\u0131m ve ortak kullan\u0131m alanlar\u0131nda detayl\u0131 \u00e7al\u0131\u015fma yapt\u0131. Ana arterler ve ara sokaklar, s\u00fcp\u00fcrme ara\u00e7lar\u0131yla ve personel deste\u011fiyle temizlenerek y\u00fcksek bas\u0131n\u00e7l\u0131 su ile y\u0131kand\u0131.\u00a0 Yer alt\u0131 ve yer \u00fcst\u00fc \u00e7\u00f6p konteynerleri y\u0131kan\u0131p dezenfekte edilerek koku ve ha\u015fere olu\u015fumu da engellendi. Mahalle sakinleri temizlik \u00e7al\u0131\u015fmalar\u0131ndan memnun olurken \u00e7al\u0131\u015fmalar \u00f6n\u00fcm\u00fczdeki g\u00fcnlerde di\u011fer mahallelerde devam edecek.<\/p>\n<p>Kaynak: (BYZHA) Beyaz Haber Ajans\u0131<\/p>\n","protected":false},"excerpt":{"rendered":"<p>Maltepe Belediyesi \u201cTemiz Bir Maltepe Birlikte M\u00fcmk\u00fcn\u201d slogan\u0131yla mahalle bazl\u0131 ba\u015flatt\u0131\u011f\u0131 bahar temizli\u011fi \u00e7al\u0131\u015fmalar\u0131na devam ediyor.<\/p>\n","protected":false},"author":1,"featured_media":14300,"comment_status":"open","ping_status":"open","sticky":false,"template":"","format":"standard","meta":{"footnotes":""},"categories":[21],"tags":[],"class_list":["post-14299","post","type-post","status-publish","format-standard","has-post-thumbnail","hentry","category-gundem"],"_links":{"self":[{"href":"https:\/\/busondakika.com.tr\/index.php?rest_route=\/wp\/v2\/posts\/14299","targetHints":{"allow":["GET"]}}],"collection":[{"href":"https:\/\/busondakika.com.tr\/index.php?rest_route=\/wp\/v2\/posts"}],"about":[{"href":"https:\/\/busondakika.com.tr\/index.php?rest_route=\/wp\/v2\/types\/post"}],"author":[{"embeddable":true,"href":"https:\/\/busondakika.com.tr\/index.php?rest_route=\/wp\/v2\/users\/1"}],"replies":[{"embeddable":true,"href":"https:\/\/busondakika.com.tr\/index.php?rest_route=%2Fwp%2Fv2%2Fcomments&post=14299"}],"version-history":[{"count":1,"href":"https:\/\/busondakika.com.tr\/index.php?rest_route=\/wp\/v2\/posts\/14299\/revisions"}],"predecessor-version":[{"id":14301,"href":"https:\/\/busondakika.com.tr\/index.php?rest_route=\/wp\/v2\/posts\/14299\/revisions\/14301"}],"wp:featuredmedia":[{"embeddable":true,"href":"https:\/\/busondakika.com.tr\/index.php?rest_route=\/wp\/v2\/media\/14300"}],"wp:attachment":[{"href":"https:\/\/busondakika.com.tr\/index.php?rest_route=%2Fwp%2Fv2%2Fmedia&parent=14299"}],"wp:term":[{"taxonomy":"category","embeddable":true,"href":"https:\/\/busondakika.com.tr\/index.php?rest_route=%2Fwp%2Fv2%2Fcategories&post=14299"},{"taxonomy":"post_tag","embeddable":true,"href":"https:\/\/busondakika.com.tr\/index.php?rest_route=%2Fwp%2Fv2%2Ftags&post=14299"}],"curies":[{"name":"wp","href":"https:\/\/api.w.org\/{rel}","templated":true}]}}