{"id":14311,"date":"2026-04-30T18:29:22","date_gmt":"2026-04-30T18:29:22","guid":{"rendered":"https:\/\/busondakika.com.tr\/?p=14311"},"modified":"2026-04-30T18:29:22","modified_gmt":"2026-04-30T18:29:22","slug":"ege-yas-meyve-sebze-ihracatcilari-birliginin-yeni-baskani-cengiz-balik-oldu","status":"publish","type":"post","link":"https:\/\/busondakika.com.tr\/?p=14311","title":{"rendered":"Ege Ya\u015f Meyve Sebze \u0130hracat\u00e7\u0131lar\u0131 Birli\u011fi\u2019nin Yeni Ba\u015fkan\u0131 Cengiz Bal\u0131k Oldu"},"content":{"rendered":"<p> Ege B\u00f6lgesi\u2019nin bitkisel \u00fcr\u00fcn ihracat lideri Ege Ya\u015f Meyve Sebze \u0130hracat\u00e7\u0131lar\u0131 Birli\u011fi\u2019nde Y\u00f6netim Kurulu Ba\u015fkanl\u0131\u011f\u0131\u2019na Cengiz Bal\u0131k se\u00e7ildi. Bal\u0131k, g\u00f6revi \u00f6nceki Ba\u015fkan Hayrettin U\u00e7ak\u2019tan devrald\u0131. Hayrettin U\u00e7ak yeni y\u00f6netim kurulunda yerini ald\u0131. U\u00e7ak, \u00f6n\u00fcm\u00fczdeki s\u00fcre\u00e7te sekt\u00f6rle deneyimlerini payla\u015fmay\u0131 s\u00fcrd\u00fcrecek.<\/p>\n<p>Ege \u0130hracat\u00e7\u0131 Birlikleri\u2019nde genel kurul maratonu, Ege Ya\u015f Meyve Sebze \u0130hracat\u00e7\u0131lar\u0131 Birli\u011fi\u2019nin se\u00e7imli ola\u011fan genel kuruluyla tamamland\u0131. EYMS\u0130B\u2019in genel kuruluna yo\u011fun kat\u0131l\u0131m dikkat \u00e7ekti.<\/p>\n<p>Ege Ya\u015f Meyve Sebze \u0130hracat\u00e7\u0131lar\u0131 Birli\u011fi Ba\u015fkanl\u0131\u011f\u0131n\u0131 8 y\u0131l s\u00fcrd\u00fcren ve kanun gere\u011fi aday olamayan Hayrettin U\u00e7ak yapt\u0131\u011f\u0131 konu\u015fmada 8 y\u0131ll\u0131k ba\u015fkanl\u0131\u011f\u0131 d\u00f6neminde ger\u00e7ekle\u015ftirdikleri projeleri aktard\u0131.<\/p>\n<p>16 Nisan 2018 tarihinde Ege Ya\u015f Meyve Sebze \u0130hracat\u00e7\u0131lar\u0131 Birli\u011fi Genel Kurulunun b\u00fcy\u00fck bir tevecc\u00fch g\u00f6stererek kendisini \u015ferefli bir g\u00f6rev olan Y\u00f6netim Kurulu Ba\u015fkanl\u0131\u011f\u0131na se\u00e7ti\u011fini dillendiren U\u00e7ak, \u201cBizler, 8 y\u0131l boyunca bize verdi\u011finiz sorumluluk bilinciyle kendimizi hizmete adad\u0131k ve ba\u015f\u0131m\u0131z dik, aln\u0131m\u0131z ak olarak bug\u00fcn yine sizlerin huzurunday\u0131z. 2018 y\u0131l\u0131nda bu salondaki konu\u015fmamda ben de\u011fil, biz olaca\u011f\u0131z demi\u015ftim. 8 y\u0131l boyunca da bunu ger\u00e7ekle\u015ftirdik, ben de\u011fil biz olduk\u201d \u015feklinde konu\u015ftu.<\/p>\n<p>2018 y\u0131l\u0131nda g\u00f6reve geldiklerinde 700 milyon dolar seviyelerinde olan ihracat\u0131 y\u00fczde 100\u2019e yak\u0131n oranda art\u0131rarak 1 milyar 300 milyon dolara y\u00fckseltmeyi ba\u015fard\u0131klar\u0131n\u0131n alt\u0131n\u0131 \u00e7izen U\u00e7ak \u015f\u00f6yle devam etti; \u201c\u0130hracat\u0131m\u0131za yeni pazarlar kazand\u0131rd\u0131k, var olan pazarlar\u0131m\u0131zda daha g\u00fc\u00e7l\u00fc konuma geldik. Ticaret Heyetleri, URGE faaliyetleri, fuarlar, Turquality projeleri sizlerin \u00fcr\u00fcnlerini yurtd\u0131\u015f\u0131nda tan\u0131tmam\u0131zdaki en b\u00fcy\u00fck ara\u00e7lar oldu 8 y\u0131l boyunca\u2026 \u00d6zellikle URGE projesini en etkili kullanan Birliklerden biri durumuna geldik ve Hindistan, Endonezya, Singapur, \u0130ngiltere, Norve\u00e7 ve Kanada \u00fclkelerine y\u00f6nelik heyetler ger\u00e7ekle\u015ftirdik. Hindistan Heyetimiz, Ticaret Bakanl\u0131\u011f\u0131m\u0131z taraf\u0131ndan en ba\u015far\u0131l\u0131 URGE \u00f6rneklerinden biri se\u00e7ildi ve Say\u0131n Bakan\u0131m\u0131z\u0131n elinden \u00f6d\u00fcl\u00fcm\u00fcz\u00fc sizler ad\u0131na ald\u0131k. Ticaret Bakanl\u0131\u011f\u0131m\u0131za da t\u00fcm projelerimize verdikleri destek i\u00e7in t\u00fcm Hazirun \u00f6n\u00fcnde te\u015fekk\u00fcr etmek istiyorum.\u201d<\/p>\n<p>\u201cKulland\u0131\u011f\u0131m\u0131z Pestisitleri Biliyoruz Projesi\u201dyle Ege B\u00f6lgesinin kal\u0131nt\u0131 haritas\u0131n\u0131 \u00e7\u0131kard\u0131klar\u0131n\u0131n alt\u0131n\u0131 \u00e7izen U\u00e7ak, \u201cG\u00f6reve geldi\u011fimizden bu yana d\u00fczenli olarak B\u00f6lgemizdeki ihra\u00e7 \u00fcr\u00fcnlerinden numuneler alarak analizleri ger\u00e7ekle\u015ftirdik. Kal\u0131nt\u0131 bak\u0131m\u0131ndan problem te\u015fkil eden b\u00f6lgelerde e\u011fitici toplant\u0131lar d\u00fczenledik. Gen\u00e7lerimizi tar\u0131ma te\u015fvik etmek i\u00e7in 3.Ku\u015fak Tar\u0131m Giri\u015fimcili\u011fi E\u011fitim Program\u0131n\u0131 hayata ge\u00e7irdik. 150\u2019den fazla potansiyel \u00fcretici ve ihracat\u00e7\u0131m\u0131za uzman kadro ile A\u2019dan Z\u2019ye tar\u0131m\u0131 anlatt\u0131k. \u00dcyelerimizi ziyaret etmeyi hi\u00e7 aksatmad\u0131k, belki aran\u0131zda 4-5 defa ziyaret etti\u011fimiz \u00fcyelerimiz vard\u0131r. Her ko\u015fulda onlar\u0131n yan\u0131nda olmaya gayret ettik, bu ziyaretler i\u00e7in \u00f6zel bir ekip olu\u015fturduk, \u00fcyelerimizin sorunlar\u0131n\u0131 dinledik, \u00e7\u00f6z\u00fcm bulmaya \u00e7al\u0131\u015ft\u0131k. \u0130hracat k\u0131s\u0131tlamalar\u0131n her zaman kar\u015f\u0131s\u0131nda durduk, her f\u0131rsatta, her toplant\u0131da bu t\u00fcr k\u0131s\u0131tlamalar\u0131n ihracat\u0131m\u0131za zarar verdi\u011fini anlatt\u0131k\u201d diyerek s\u00f6zlerini noktalad\u0131.<\/p>\n<p><strong>Bal\u0131k: \u201cBirlikte g\u00fc\u00e7l\u00fc olabiliriz\u201d<\/strong><\/p>\n<p>Genel kurulda konu\u015fan Ege Ya\u015f Meyve Sebze \u0130hracat\u00e7\u0131lar\u0131 Birli\u011fi Ba\u015fkan\u0131 Cengiz Bal\u0131k, 35 y\u0131l\u0131 a\u015fk\u0131n s\u00fcredir ya\u015f meyve sebze sekt\u00f6r\u00fcn\u00fcn i\u00e7inde yer ald\u0131\u011f\u0131n\u0131, tarladan ba\u015flayan yolculu\u011fun, paketleme tesislerinden ge\u00e7ip uluslararas\u0131 pazarlara uzanan zorlu ama bir o kadar da de\u011ferli bir s\u00fcre\u00e7 oldu\u011funu, bu s\u00fcre\u00e7te g\u00fc\u00e7l\u00fc olman\u0131n yolunun birlikte hareket etmekten ge\u00e7ti\u011fini vurgulad\u0131.<\/p>\n<p>\u201cGeride b\u0131rakt\u0131\u011f\u0131m\u0131z d\u00f6nemde, \u00f6zellikle artan maliyetler, rekabet ko\u015fullar\u0131, kalite beklentileri ve uluslararas\u0131 pazarlardaki de\u011fi\u015fken talepler hepimizi zorlad\u0131\u201d diyen Bal\u0131k, \u201cT\u00fcm bu zorluklara ra\u011fmen Ege Ya\u015f Meyve Sebze ve Mamul sekt\u00f6r\u00fc olarak ayakta kalmay\u0131 ve b\u00fcy\u00fcmeyi ba\u015fard\u0131k. Bu ba\u015far\u0131 hepimizin ortak eme\u011fidir. \u015eahs\u0131ma ve ekibimize duydu\u011funuz g\u00fcven i\u00e7in sizlere g\u00f6n\u00fclden te\u015fekk\u00fcr ediyorum. Bu bir g\u00f6revden \u00f6te, b\u00fcy\u00fck bir sorumluluktur. Bu sorumlulu\u011fun bilinciyle hareket edece\u011fimizden kimsenin \u015f\u00fcphesi olmas\u0131n\u201d diye konu\u015ftu.<\/p>\n<p>2026-30 d\u00f6nemiyle ilgili hedeflerini de anlatan Ba\u015fkan Bal\u0131k \u015f\u00f6yle devam etti; \u201c\u00dcreticiden ihracat\u00e7\u0131ya kadar t\u00fcm payda\u015flar\u0131m\u0131z\u0131n daha g\u00fc\u00e7l\u00fc oldu\u011fu, kalite ve s\u00fcrd\u00fcr\u00fclebilirli\u011fin \u00f6n planda tutuldu\u011fu, yeni pazarlara a\u00e7\u0131lan ve rekabet g\u00fcc\u00fcn\u00fc art\u0131ran bir sekt\u00f6r yap\u0131s\u0131 i\u00e7in \u00e7al\u0131\u015fmaya devam edece\u011fiz. Kap\u0131m\u0131z her zaman sizlere a\u00e7\u0131k olacak. Sorunlar\u0131 birlikte konu\u015facak, \u00e7\u00f6z\u00fcmleri birlikte \u00fcretece\u011fiz. \u00c7\u00fcnk\u00fc bu birlik, hepimizin ortak evidir.\u201d<\/p>\n<p><strong>Hayrettin U\u00e7ak\u2019a te\u015fekk\u00fcr plaketi<\/strong><\/p>\n<p>Ege Ya\u015f Meyve Sebze \u0130hracat\u00e7\u0131lar\u0131 Birli\u011fi Ba\u015fkanl\u0131\u011f\u0131\u2019nda iki d\u00f6nemini tamamlayan Hayrettin U\u00e7ak\u2019a, yeni Ba\u015fkan Cengiz Bal\u0131k taraf\u0131ndan 8 y\u0131ll\u0131k emekleri nedeniyle te\u015fekk\u00fcr plaketi takdim edildi.<\/p>\n<p><strong>Listede 8 isim yenilendi\u00a0<\/strong><\/p>\n<p>Ege Ya\u015f Meyve Sebze \u0130hracat\u00e7\u0131lar\u0131 Birli\u011fi Genel Kurulu\u2019nda 2026 y\u0131l\u0131 b\u00fct\u00e7esi ve i\u015f program\u0131 kabul edildikten sonra se\u00e7imlere ge\u00e7ildi. Cengiz Bal\u0131k tek aday olarak girdi\u011fi se\u00e7imde Y\u00f6netim Kurulu Ba\u015fkan\u0131 se\u00e7ilirken, Y\u00f6netim Kurulu\u2019nda \u015fu isimler yer ald\u0131; Hayrettin U\u00e7ak, Sad\u0131k Demircan, Makbule \u00c7ift\u00e7i, Emin Sercan G\u00f6\u00e7eren, Muhammed El\u00e7ibo\u011fa, Veysel Ali Bahad\u0131r, Martin Erdemir Sanford, Kenan Unat, Deniz Celep ve Tolga Selim Ka\u011fan\u201d<\/p>\n<p>\u201cVeysel G\u00fcldo\u011fan, Muhammet Mustafa Deniz ve Recep \u00c7\u00f6pten\u201d Ege Ya\u015f Meyve Sebze \u0130hracat\u00e7\u0131lar\u0131 Birli\u011fi Denetim Kurulu\u2019nu olu\u015fturdu. 14 ki\u015filik y\u00f6netim ve denetim kurulu listesinde 6 isim yerini korurken, 8 isim de\u011fi\u015fti.<\/p>\n<p><strong>Cengiz Bal\u0131k kimdir?<\/strong><\/p>\n<p>Ege Ya\u015f Meyve Sebze \u0130hracat\u00e7\u0131lar\u0131 Birli\u011fi Ba\u015fkan\u0131 Cengiz Bal\u0131k 1962 y\u0131l\u0131nda Ala\u015fehir\u2019de do\u011fdu. Cengiz Bal\u0131k, Ege \u00dcniversitesi Matematik B\u00f6l\u00fcm\u00fc\u2019nden mezun oldu.<\/p>\n<p>\u0130\u015f hayat\u0131na 1989 y\u0131l\u0131nda kurdu\u011fu Cengiz Bal\u0131k Tar\u0131m \u00dcr\u00fcnleri Ticareti isimli \u015fah\u0131s firmas\u0131 ile ad\u0131m atan Bal\u0131k, 1992 y\u0131l\u0131na kadar Migros Ticaret A.\u015e.\u2019nin tedarik\u00e7isi olarak faaliyet g\u00f6sterdi.<\/p>\n<p>1992 y\u0131l\u0131nda Cena D\u0131\u015f Ticaret ve Tar\u0131m \u00dcr\u00fcnleri Sanayi A.\u015e.\u2019yi kurarak ihracat alan\u0131na y\u00f6nelen Cengiz Bal\u0131k, taze meyve ve sebze sekt\u00f6r\u00fcnde uluslararas\u0131 pazarlara a\u00e7\u0131lm\u0131\u015f, y\u0131llar i\u00e7erisinde g\u00fc\u00e7l\u00fc bir ihracat a\u011f\u0131 ve m\u00fc\u015fteri portf\u00f6y\u00fc olu\u015fturmu\u015ftur. 2006 y\u0131l\u0131nda kurdu\u011fu Beyobas\u0131 Ltd. \u015eti. ile tar\u0131m ve ticaret faaliyetlerini daha da geni\u015fletmi\u015ftir.<\/p>\n<p>Ayn\u0131 zamanda aileden gelen \u00e7ift\u00e7ilik gelene\u011fini s\u00fcrd\u00fcren Bal\u0131k, \u00fcretimden ihracata kadar sekt\u00f6r\u00fcn t\u00fcm a\u015famalar\u0131nda aktif rol almaktad\u0131r. Ulusal market zincirlerine taze meyve ve sebze tedariki sa\u011flamaya devam etmektedir.<\/p>\n<p>Sekt\u00f6rel temsilde de \u00f6nemli g\u00f6revler \u00fcstlenen Cengiz Bal\u0131k, Ege Ya\u015f Meyve Sebze \u0130hracat\u00e7\u0131lar\u0131 Birli\u011fi b\u00fcnyesinde 2001, 2003 ve 2006 y\u0131llar\u0131nda \u00fc\u00e7 d\u00f6nem Y\u00f6netim Kurulu \u00dcyeli\u011fi yapt\u0131. 2018 y\u0131l\u0131nda Ege Ya\u015f Meyve Sebze \u0130hracat\u00e7\u0131lar\u0131 Birli\u011fi Y\u00f6netim Kurulu Ba\u015fkan Yard\u0131mc\u0131s\u0131 se\u00e7ilen Bal\u0131k, 2022 y\u0131l\u0131nda bu g\u00f6reve ikinci kez se\u00e7ildi.<\/p>\n<p>\u0130zmir Tar\u0131m Grubu\u2019nun kurucu \u00fcyelerinden olan Cengiz Bal\u0131k, 30 Nisan 2026 tarihinde yap\u0131lan genel kurulda Ege Ya\u015f Meyve Sebze \u0130hracat\u00e7\u0131lar\u0131 Birli\u011fi Y\u00f6netim Kurulu Ba\u015fkanl\u0131\u011f\u0131\u2019na se\u00e7ildi.<\/p>\n<p>35 y\u0131l\u0131 a\u015fk\u0131n tecr\u00fcbesiyle \u00fcretim, tedarik, lojistik ve ihracat s\u00fcre\u00e7lerini b\u00fct\u00fcnc\u00fcl bir yakla\u015f\u0131mla y\u00f6neten Cengiz Bal\u0131k, T\u00fcrk ya\u015f meyve sebze sekt\u00f6r\u00fcn\u00fcn geli\u015fimi ve uluslararas\u0131 rekabet g\u00fcc\u00fcn\u00fcn art\u0131r\u0131lmas\u0131 i\u00e7in \u00e7al\u0131\u015fmalar\u0131na aktif olarak devam etmektedir.<\/p>\n<p>\u00a0<\/p>\n<p>Kaynak: (BYZHA) Beyaz Haber Ajans\u0131<\/p>\n","protected":false},"excerpt":{"rendered":"<p>Ege B\u00f6lgesi\u2019nin bitkisel \u00fcr\u00fcn ihracat lideri Ege Ya\u015f Meyve Sebze \u0130hracat\u00e7\u0131lar\u0131 Birli\u011fi\u2019nde Y\u00f6netim Kurulu Ba\u015fkanl\u0131\u011f\u0131\u2019na Cengiz Bal\u0131k se\u00e7ildi.<\/p>\n","protected":false},"author":1,"featured_media":14312,"comment_status":"open","ping_status":"open","sticky":false,"template":"","format":"standard","meta":{"footnotes":""},"categories":[22],"tags":[],"class_list":["post-14311","post","type-post","status-publish","format-standard","has-post-thumbnail","hentry","category-ekonomi"],"_links":{"self":[{"href":"https:\/\/busondakika.com.tr\/index.php?rest_route=\/wp\/v2\/posts\/14311","targetHints":{"allow":["GET"]}}],"collection":[{"href":"https:\/\/busondakika.com.tr\/index.php?rest_route=\/wp\/v2\/posts"}],"about":[{"href":"https:\/\/busondakika.com.tr\/index.php?rest_route=\/wp\/v2\/types\/post"}],"author":[{"embeddable":true,"href":"https:\/\/busondakika.com.tr\/index.php?rest_route=\/wp\/v2\/users\/1"}],"replies":[{"embeddable":true,"href":"https:\/\/busondakika.com.tr\/index.php?rest_route=%2Fwp%2Fv2%2Fcomments&post=14311"}],"version-history":[{"count":1,"href":"https:\/\/busondakika.com.tr\/index.php?rest_route=\/wp\/v2\/posts\/14311\/revisions"}],"predecessor-version":[{"id":14313,"href":"https:\/\/busondakika.com.tr\/index.php?rest_route=\/wp\/v2\/posts\/14311\/revisions\/14313"}],"wp:featuredmedia":[{"embeddable":true,"href":"https:\/\/busondakika.com.tr\/index.php?rest_route=\/wp\/v2\/media\/14312"}],"wp:attachment":[{"href":"https:\/\/busondakika.com.tr\/index.php?rest_route=%2Fwp%2Fv2%2Fmedia&parent=14311"}],"wp:term":[{"taxonomy":"category","embeddable":true,"href":"https:\/\/busondakika.com.tr\/index.php?rest_route=%2Fwp%2Fv2%2Fcategories&post=14311"},{"taxonomy":"post_tag","embeddable":true,"href":"https:\/\/busondakika.com.tr\/index.php?rest_route=%2Fwp%2Fv2%2Ftags&post=14311"}],"curies":[{"name":"wp","href":"https:\/\/api.w.org\/{rel}","templated":true}]}}