{"id":14314,"date":"2026-04-30T18:29:25","date_gmt":"2026-04-30T18:29:25","guid":{"rendered":"https:\/\/busondakika.com.tr\/?p=14314"},"modified":"2026-04-30T18:29:25","modified_gmt":"2026-04-30T18:29:25","slug":"izmir-ve-turkiyenin-cicek-baskenti-bayindirda-27-uluslararasi-festival-heyecani-basladi","status":"publish","type":"post","link":"https:\/\/busondakika.com.tr\/?p=14314","title":{"rendered":"\u0130zmir ve T\u00fcrkiye\u2019nin \u00c7i\u00e7ek Ba\u015fkenti Bay\u0131nd\u0131r\u2019da 27. Uluslararas\u0131 Festival Heyecan\u0131 Ba\u015flad\u0131"},"content":{"rendered":"<p> \u0130zmir\u2019in ve T\u00fcrkiye\u2019nin \u00e7i\u00e7ek ba\u015fkenti olarak an\u0131lan Bay\u0131nd\u0131r, bu y\u0131l 27. kez d\u00fczenlenen Uluslararas\u0131 \u00c7i\u00e7ek Festivali ile kap\u0131lar\u0131n\u0131 t\u00fcm d\u00fcnyaya a\u00e7t\u0131. 30 Nisan \u2013 3 May\u0131s tarihleri aras\u0131nda bahar\u0131n co\u015fkusunu ve \u00e7i\u00e7eklerin zarafetini il\u00e7e sokaklar\u0131na ta\u015f\u0131yacak olan festivalin a\u00e7\u0131l\u0131\u015f t\u00f6reni, geni\u015f bir kat\u0131l\u0131mla ger\u00e7ekle\u015ftirildi.<\/p>\n<p><b>A\u00e7\u0131l\u0131\u015f T\u00f6renine Yo\u011fun \u0130lgi<\/b><br \/>Bahar\u0131n m\u00fcjdecisi olan festivalin a\u00e7\u0131l\u0131\u015f t\u00f6renine; \u0130zmir B\u00fcy\u00fck\u015fehir Belediye Ba\u015fkan\u0131 Dr. Cemil Tugay, Bay\u0131nd\u0131r Kaymakam\u0131 Murat Mete, Bay\u0131nd\u0131r Belediye Ba\u015fkan\u0131 Davut Sakarsu, CHP \u0130zmir \u0130l Ba\u015fkan Yard\u0131mc\u0131s\u0131 Baki \u00dck\u00fc\u015f\u00e7evik, CHP Bay\u0131nd\u0131r \u0130l\u00e7e Ba\u015fkan\u0131 Arif Uyguner ve \u00e7evre il\u00e7e belediye ba\u015fkanlar\u0131 kat\u0131ld\u0131. T\u00f6rende ayr\u0131ca; BAY\u00c7\u0130KOOP Ba\u015fkan\u0131 Kadir \u0130rdem, siyasi parti ve kooperatif temsilcileri, kurum m\u00fcd\u00fcrleri, meclis \u00fcyeleri, muhtarlar, gaziler ve \u00e7ok say\u0131da vatanda\u015f yer alarak bu b\u00fcy\u00fck heyecana ortak oldu.<\/p>\n<p><b>Ba\u015fkan Sakarsu: &#8220;\u00c7i\u00e7ek \u00dcretimi Bay\u0131nd\u0131r\u2019\u0131n En B\u00fcy\u00fck Ekonomik G\u00fcc\u00fcd\u00fcr&#8221;<\/b><br \/>T\u00f6rende bir konu\u015fma ger\u00e7ekle\u015ftiren Bay\u0131nd\u0131r Belediye Ba\u015fkan\u0131 Davut Sakarsu, festivalin bir bayram havas\u0131nda ge\u00e7mesinin yan\u0131 s\u0131ra il\u00e7e ekonomisi i\u00e7in ta\u015f\u0131d\u0131\u011f\u0131 kritik \u00f6neme de\u011findi. \u00c7i\u00e7ek\u00e7ili\u011fin Bay\u0131nd\u0131r\u2019\u0131n karakterini ve gelece\u011fini belirledi\u011fini ifade eden Sakarsu \u015funlar\u0131 kaydetti:<\/p>\n<p>&#8220;Bay\u0131nd\u0131r, sadece \u0130zmir\u2019in de\u011fil, T\u00fcrkiye\u2019nin \u00e7i\u00e7ek \u00fcretim merkezidir. Bu festival, binlerce \u00fcreticimizin al\u0131n terini ve el eme\u011fini d\u00fcnyaya sergiledi\u011fimiz bir vitrindir. \u00c7i\u00e7ek \u00fcretimi, il\u00e7emizin ekonomik lokomotifi ve kalk\u0131nmam\u0131z\u0131n temel ta\u015f\u0131d\u0131r. Amac\u0131m\u0131z, bu b\u00fcy\u00fck katma de\u011feri daha da b\u00fcy\u00fcterek \u00fcreticimizin refah\u0131n\u0131 art\u0131rmak ve Bay\u0131nd\u0131r\u2019\u0131n \u00e7i\u00e7ek pazar\u0131ndaki g\u00fcc\u00fcn\u00fc uluslararas\u0131 alanda per\u00e7inlemektir. Topra\u011fa hayat veren \u00fcreticilerimizin her zaman yan\u0131nday\u0131z. Bu festivalin, hem il\u00e7emiz hem de b\u00f6lge ekonomimiz i\u00e7in bol bereketli ge\u00e7mesini diliyorum.&#8221;<\/p>\n<p><b>Renkli Stantlar ve Etkinlikler 3 May\u0131s&#8217;a Kadar S\u00fcrecek<\/b><br \/>Protokol \u00fcyeleri ve ziyaret\u00e7ilerin a\u00e7\u0131l\u0131\u015f kurdelesini kesmesinin ard\u0131ndan, \u00fcreticilerin binbir emekle haz\u0131rlad\u0131\u011f\u0131 \u00e7i\u00e7ek stantlar\u0131 gezildi. 3 May\u0131s Pazar g\u00fcn\u00fcne kadar devam edecek olan festival program\u0131nda; il\u00e7enin d\u00f6rt bir yan\u0131na yay\u0131lan rengarenk \u00e7i\u00e7eklerin yan\u0131 s\u0131ra \u00e7e\u015fitli k\u00fclt\u00fcrel etkinlikler, \u00e7ocuk at\u00f6lyeleri ve g\u00f6steriler yer alacak. Bay\u0131nd\u0131r Belediyesi, \u0130zmir ve \u00e7evre illerden gelen t\u00fcm misafirleri &#8220;\u00e7i\u00e7e\u011fin ba\u015fkentindeki&#8221; bu e\u015fsiz atmosferi payla\u015fmaya davet etti.<\/p>\n<p>\u00a0<\/p>\n<p>Kaynak: (BYZHA) Beyaz Haber Ajans\u0131<\/p>\n","protected":false},"excerpt":{"rendered":"<p>\u0130zmir\u2019in ve T\u00fcrkiye\u2019nin \u00e7i\u00e7ek ba\u015fkenti olarak an\u0131lan Bay\u0131nd\u0131r, bu y\u0131l 27.<\/p>\n","protected":false},"author":1,"featured_media":14315,"comment_status":"open","ping_status":"open","sticky":false,"template":"","format":"standard","meta":{"footnotes":""},"categories":[20],"tags":[],"class_list":["post-14314","post","type-post","status-publish","format-standard","has-post-thumbnail","hentry","category-kultur-sanat"],"_links":{"self":[{"href":"https:\/\/busondakika.com.tr\/index.php?rest_route=\/wp\/v2\/posts\/14314","targetHints":{"allow":["GET"]}}],"collection":[{"href":"https:\/\/busondakika.com.tr\/index.php?rest_route=\/wp\/v2\/posts"}],"about":[{"href":"https:\/\/busondakika.com.tr\/index.php?rest_route=\/wp\/v2\/types\/post"}],"author":[{"embeddable":true,"href":"https:\/\/busondakika.com.tr\/index.php?rest_route=\/wp\/v2\/users\/1"}],"replies":[{"embeddable":true,"href":"https:\/\/busondakika.com.tr\/index.php?rest_route=%2Fwp%2Fv2%2Fcomments&post=14314"}],"version-history":[{"count":1,"href":"https:\/\/busondakika.com.tr\/index.php?rest_route=\/wp\/v2\/posts\/14314\/revisions"}],"predecessor-version":[{"id":14316,"href":"https:\/\/busondakika.com.tr\/index.php?rest_route=\/wp\/v2\/posts\/14314\/revisions\/14316"}],"wp:featuredmedia":[{"embeddable":true,"href":"https:\/\/busondakika.com.tr\/index.php?rest_route=\/wp\/v2\/media\/14315"}],"wp:attachment":[{"href":"https:\/\/busondakika.com.tr\/index.php?rest_route=%2Fwp%2Fv2%2Fmedia&parent=14314"}],"wp:term":[{"taxonomy":"category","embeddable":true,"href":"https:\/\/busondakika.com.tr\/index.php?rest_route=%2Fwp%2Fv2%2Fcategories&post=14314"},{"taxonomy":"post_tag","embeddable":true,"href":"https:\/\/busondakika.com.tr\/index.php?rest_route=%2Fwp%2Fv2%2Ftags&post=14314"}],"curies":[{"name":"wp","href":"https:\/\/api.w.org\/{rel}","templated":true}]}}